{"id":116,"date":"2015-06-11T11:27:30","date_gmt":"2015-06-11T11:27:30","guid":{"rendered":"http:\/\/mouillere.com\/universconvergents\/?p=116"},"modified":"2020-04-02T03:39:35","modified_gmt":"2020-04-02T02:39:35","slug":"la-protection-des-mineurs-dans-un-paysage-mediatique-en-pleine-convergence","status":"publish","type":"post","link":"https:\/\/mouillere.com\/universconvergents\/2015\/06\/11\/la-protection-des-mineurs-dans-un-paysage-mediatique-en-pleine-convergence\/","title":{"rendered":"La Protection des mineurs dans un paysage m\u00e9diatique en pleine convergence"},"content":{"rendered":"<p>Le premier rapport IRIS plus de cette ann\u00e9e vous propose une synth\u00e8se indispensable des mesures en vigueur en Europe concernant la protection des mineurs contre les contenus pr\u00e9judiciables \u00e0 l\u2019\u00e8re du multi-\u00e9crans. Ce rapport gratuit examine :<br \/>\n&#8211; Des informations de fond sur la consommation des m\u00e9dias par les enfants en Europe<br \/>\n&#8211; Le cadre juridique europ\u00e9en et international qui prot\u00e8ge les mineurs<br \/>\n&#8211; La transposition des textes juridiques dans la l\u00e9gislation nationale des pays en Europe<br \/>\n&#8211; Juridiction actuelle et les questions d&#8217;interpr\u00e9tation<br \/>\n&#8211; Le status quo concernant les d\u00e9veloppements juridiques dans le domaine en question<br \/>\n<a href=\"http:\/\/www.obs.coe.int\/documents\/205595\/8261963\/La+protection+des+mineurs+dans+un+paysage+m\u00e9diatique+en+pleine+convergence.pdf\/f98cbd5a-691d-45cd-b36e-9efcb1ec50ef\" target=\"_blank\" rel=\"noopener noreferrer\">http:\/\/www.obs.coe.int\/documents\/205595\/8261963\/La+protection+des+mineurs+dans+un+paysage+m\u00e9diatique+en+pleine+convergence.pdf\/f98cbd5a-691d-45cd-b36e-9efcb1ec50ef<\/a><\/p>\n<p><a href=\"http:\/\/www.obs.coe.int\/documents\/205595\/8234567\/Annotated+bibliography+on+the+protection+of+minors+in+a+converged+media+environment.pdf\/b20aebb9-25b0-4782-a5b7-5063482da6f8\" target=\"_blank\" rel=\"noopener noreferrer\">http:\/\/www.obs.coe.int\/documents\/205595\/8234567\/Annotated+bibliography+on+the+protection+of+minors+in+a+converged+media+environment.pdf\/b20aebb9-25b0-4782-a5b7-5063482da6f8<\/a><\/p>\n<p><a href=\"https:\/\/mouillere.com\/universconvergents\/wp-content\/uploads\/2015\/06\/La-protection-des-mineurs-dans-un-paysage-m\u00e9diatique-en-pleine-convergence.pdf\">La protection des mineurs dans un paysage m\u00e9diatique en pleine convergence<\/a><\/p>\n<p><a href=\"https:\/\/mouillere.com\/universconvergents\/wp-content\/uploads\/2015\/06\/Annotated-bibliography-on-the-protection-of-minors-in-a-converged-media-environment.pdf\">Annotated bibliography on the protection of minors in a converged media environment<\/a><\/p>\n","protected":false},"excerpt":{"rendered":"<p>Le premier rapport IRIS plus de cette ann\u00e9e vous propose une synth\u00e8se indispensable des mesures en vigueur en Europe concernant la protection des mineurs contre les contenus pr\u00e9judiciables \u00e0 l\u2019\u00e8re&hellip; <\/p>\n","protected":false},"author":1,"featured_media":119,"comment_status":"open","ping_status":"open","sticky":false,"template":"","format":"standard","meta":{"_jetpack_memberships_contains_paid_content":false,"footnotes":"","jetpack_publicize_message":"","jetpack_publicize_feature_enabled":true,"jetpack_social_post_already_shared":true,"jetpack_social_options":{"image_generator_settings":{"template":"highway","default_image_id":0,"font":"","enabled":false},"version":2}},"categories":[10],"tags":[],"class_list":["post-116","post","type-post","status-publish","format-standard","has-post-thumbnail","hentry","category-audiovisuel"],"jetpack_publicize_connections":[],"jetpack_featured_media_url":"https:\/\/i0.wp.com\/mouillere.com\/universconvergents\/wp-content\/uploads\/2015\/06\/signes-csa.jpg?fit=554%2C456&ssl=1","jetpack_sharing_enabled":true,"jetpack_shortlink":"https:\/\/wp.me\/p6jw1p-1S","jetpack-related-posts":[{"id":935,"url":"https:\/\/mouillere.com\/universconvergents\/2015\/09\/16\/quel-cadre-legal-pour-le-traitement-des-donnees-personnelles-des-mineurs-sur-internet\/","url_meta":{"origin":116,"position":0},"title":"Quel cadre l\u00e9gal pour le traitement des donn\u00e9es personnelles des mineurs sur internet ?","author":"Fred","date":"16 septembre 2015","format":false,"excerpt":"La proposition de r\u00e8glement europ\u00e9en sur la protection des donn\u00e9es personnelles marque une \u00e9volution importante concernant la protection de la vie priv\u00e9e des enfants. Plusieurs dispositions sp\u00e9cifiques les concernent. http:\/\/www.journaldunet.com\/ebusiness\/expert\/62186\/quel-cadre-legal-pour-le-traitement-des-donnees-personnelles-des-mineurs-sur-internet.shtml","rel":"","context":"Dans &quot;Donn\u00e9es personnelles&quot;","block_context":{"text":"Donn\u00e9es personnelles","link":"https:\/\/mouillere.com\/universconvergents\/category\/it\/donnees-personnelles\/"},"img":{"alt_text":"","src":"","width":0,"height":0},"classes":[]},{"id":940,"url":"https:\/\/mouillere.com\/universconvergents\/2012\/01\/25\/proposition-de-reglement-du-parlement-europeen-et-du-conseil-relatif-a-la-protection-des-personnes-physiques-a-legard-du-traitement-des-donnees-a-caractere-personnel-et-a-la-libre-circulation\/","url_meta":{"origin":116,"position":1},"title":"Proposition de r\u00e8glement du Parlement europ\u00e9en et du Conseil relatif \u00e0 la protection des personnes physiques \u00e0 l\u2019\u00e9gard du traitement des donn\u00e9es \u00e0 caract\u00e8re personnel et \u00e0 la libre circulation de ces donn\u00e9es","author":"Fred","date":"25 janvier 2012","format":false,"excerpt":"La pi\u00e8ce ma\u00eetresse de la l\u00e9gislation de l\u2019UE en mati\u00e8re de protection des donn\u00e9es \u00e0 caract\u00e8re personnel, \u00e0 savoir la directive 95\/46\/CE3, avait \u00e9t\u00e9 adopt\u00e9e en 1995 avec deux objectifs \u00e0 l'esprit: prot\u00e9ger le droit fondamental \u00e0 la protection des donn\u00e9es et garantir la libre circulation des donn\u00e9es \u00e0 caract\u00e8re\u2026","rel":"","context":"Dans &quot;Donn\u00e9es personnelles&quot;","block_context":{"text":"Donn\u00e9es personnelles","link":"https:\/\/mouillere.com\/universconvergents\/category\/it\/donnees-personnelles\/"},"img":{"alt_text":"","src":"","width":0,"height":0},"classes":[]},{"id":882,"url":"https:\/\/mouillere.com\/universconvergents\/2015\/09\/10\/la-protection-des-lanceurs-dalerte-le-long-parcours-vers-un-statut-europeen\/","url_meta":{"origin":116,"position":2},"title":"La Protection des Lanceurs d\u2019Alerte : le long parcours vers un statut europ\u00e9en ?","author":"Fred","date":"10 septembre 2015","format":false,"excerpt":"Le 23 juin dernier, l\u2019Assembl\u00e9e Parlementaire du Conseil de l\u2019Europe (APCE) a accueilli favorablement le rapport sur l\u2019Am\u00e9lioration de la protection des donneurs d\u2019alerte pr\u00e9sent\u00e9 par le rapporteur de la Commission des questions juridiques et des droits de l\u2019homme, Pieter Omtzigt. Suite \u00e0 la pr\u00e9sentation de ce rapport, l\u2019APCE a\u2026","rel":"","context":"Dans &quot;Cybers\u00e9curit\u00e9&quot;","block_context":{"text":"Cybers\u00e9curit\u00e9","link":"https:\/\/mouillere.com\/universconvergents\/category\/it\/cybersecurite\/"},"img":{"alt_text":"","src":"https:\/\/i0.wp.com\/mouillere.com\/universconvergents\/wp-content\/uploads\/2015\/07\/4617357_3_b22e_sur-les-reseaux-sociaux-de-nombreux_62ff6ca6b01b759840f332412aece338.jpg?fit=534%2C267&ssl=1&resize=350%2C200","width":350,"height":200,"srcset":"https:\/\/i0.wp.com\/mouillere.com\/universconvergents\/wp-content\/uploads\/2015\/07\/4617357_3_b22e_sur-les-reseaux-sociaux-de-nombreux_62ff6ca6b01b759840f332412aece338.jpg?fit=534%2C267&ssl=1&resize=350%2C200 1x, https:\/\/i0.wp.com\/mouillere.com\/universconvergents\/wp-content\/uploads\/2015\/07\/4617357_3_b22e_sur-les-reseaux-sociaux-de-nombreux_62ff6ca6b01b759840f332412aece338.jpg?fit=534%2C267&ssl=1&resize=525%2C300 1.5x"},"classes":[]},{"id":6360,"url":"https:\/\/mouillere.com\/universconvergents\/2024\/11\/20\/proteger-les-mineurs-en-ligne-contre-les-contenus-prejudiciables\/","url_meta":{"origin":116,"position":3},"title":"Prot\u00e9ger les mineurs en ligne contre les contenus pr\u00e9judiciables","author":"Fred","date":"20 novembre 2024","format":false,"excerpt":"Un nouveau rapport de l'Observatoire europ\u00e9en de l'audiovisuel analyse les conditions de la protection des mineurs en ligne pr\u00e9vues par la directive Services de M\u00e9dias Audiovisuels (SMA). Cette \u00e9tude analyse : Les contenus pr\u00e9judiciables sur les plateformes de partage de vid\u00e9os (Video Sharing Platform ou VSP) : quelle est la\u2026","rel":"","context":"Dans &quot;IT&quot;","block_context":{"text":"IT","link":"https:\/\/mouillere.com\/universconvergents\/category\/it\/"},"img":{"alt_text":"","src":"https:\/\/i0.wp.com\/mouillere.com\/universconvergents\/wp-content\/uploads\/2024\/11\/2024-PROTECTING-MINORS-ONLINE-1.jpg?fit=1024%2C1024&ssl=1&resize=350%2C200","width":350,"height":200,"srcset":"https:\/\/i0.wp.com\/mouillere.com\/universconvergents\/wp-content\/uploads\/2024\/11\/2024-PROTECTING-MINORS-ONLINE-1.jpg?fit=1024%2C1024&ssl=1&resize=350%2C200 1x, https:\/\/i0.wp.com\/mouillere.com\/universconvergents\/wp-content\/uploads\/2024\/11\/2024-PROTECTING-MINORS-ONLINE-1.jpg?fit=1024%2C1024&ssl=1&resize=525%2C300 1.5x, https:\/\/i0.wp.com\/mouillere.com\/universconvergents\/wp-content\/uploads\/2024\/11\/2024-PROTECTING-MINORS-ONLINE-1.jpg?fit=1024%2C1024&ssl=1&resize=700%2C400 2x"},"classes":[]},{"id":6958,"url":"https:\/\/mouillere.com\/universconvergents\/2026\/01\/17\/rapport-sur-linfluence-et-les-reseaux-sociaux\/","url_meta":{"origin":116,"position":4},"title":"Rapport sur l&#8217;influence et les r\u00e9seaux sociaux","author":"Fred","date":"17 janvier 2026","format":false,"excerpt":"Le rapport dresse un bilan globalement positif de la premi\u00e8re loi sur les influenceurs de 2023, notamment en mati\u00e8re de transparence publicitaire, mais alerte sur l'\u00e9mergence de nouvelles d\u00e9rives n\u00e9cessitant une action publique renforc\u00e9e (m\u00e9canismes de dons addictifs sur les lives TikTok, prolif\u00e9ration de promotions illicites, expansion non r\u00e9gul\u00e9e des\u2026","rel":"","context":"Dans &quot;Donn\u00e9es personnelles&quot;","block_context":{"text":"Donn\u00e9es personnelles","link":"https:\/\/mouillere.com\/universconvergents\/category\/it\/donnees-personnelles\/"},"img":{"alt_text":"","src":"https:\/\/i0.wp.com\/mouillere.com\/universconvergents\/wp-content\/uploads\/2026\/01\/RapportInfluenceurs.jpg?fit=1024%2C768&ssl=1&resize=350%2C200","width":350,"height":200,"srcset":"https:\/\/i0.wp.com\/mouillere.com\/universconvergents\/wp-content\/uploads\/2026\/01\/RapportInfluenceurs.jpg?fit=1024%2C768&ssl=1&resize=350%2C200 1x, https:\/\/i0.wp.com\/mouillere.com\/universconvergents\/wp-content\/uploads\/2026\/01\/RapportInfluenceurs.jpg?fit=1024%2C768&ssl=1&resize=525%2C300 1.5x, https:\/\/i0.wp.com\/mouillere.com\/universconvergents\/wp-content\/uploads\/2026\/01\/RapportInfluenceurs.jpg?fit=1024%2C768&ssl=1&resize=700%2C400 2x"},"classes":[]},{"id":6896,"url":"https:\/\/mouillere.com\/universconvergents\/2025\/12\/17\/publicite-audiovisuelle-en-europe\/","url_meta":{"origin":116,"position":5},"title":"Publicit\u00e9 audiovisuelle en Europe","author":"Fred","date":"17 d\u00e9cembre 2025","format":false,"excerpt":"Le nouveau rapport de l'Observatoire europ\u00e9en de l'audiovisuel synth\u00e9tise les dispositions r\u00e9glementaires r\u00e9gissant les communications commerciales audiovisuelles (CCA) en Europe, telles qu'encadr\u00e9es par la Directive sur les Services de M\u00e9dias Audiovisuels (SMA) et transpos\u00e9es dans les l\u00e9gislations nationales (protection des mineurs, alcool, tabac, placement de produit, codes de bonne conduite,\u2026","rel":"","context":"Dans &quot;Audiovisuel&quot;","block_context":{"text":"Audiovisuel","link":"https:\/\/mouillere.com\/universconvergents\/category\/ip\/audiovisuel\/"},"img":{"alt_text":"","src":"https:\/\/i0.wp.com\/mouillere.com\/universconvergents\/wp-content\/uploads\/2025\/12\/Regulation-audiovisuelle-en-Europe-au-crepuscule.png?fit=1200%2C800&ssl=1&resize=350%2C200","width":350,"height":200,"srcset":"https:\/\/i0.wp.com\/mouillere.com\/universconvergents\/wp-content\/uploads\/2025\/12\/Regulation-audiovisuelle-en-Europe-au-crepuscule.png?fit=1200%2C800&ssl=1&resize=350%2C200 1x, https:\/\/i0.wp.com\/mouillere.com\/universconvergents\/wp-content\/uploads\/2025\/12\/Regulation-audiovisuelle-en-Europe-au-crepuscule.png?fit=1200%2C800&ssl=1&resize=525%2C300 1.5x, https:\/\/i0.wp.com\/mouillere.com\/universconvergents\/wp-content\/uploads\/2025\/12\/Regulation-audiovisuelle-en-Europe-au-crepuscule.png?fit=1200%2C800&ssl=1&resize=700%2C400 2x, https:\/\/i0.wp.com\/mouillere.com\/universconvergents\/wp-content\/uploads\/2025\/12\/Regulation-audiovisuelle-en-Europe-au-crepuscule.png?fit=1200%2C800&ssl=1&resize=1050%2C600 3x"},"classes":[]}],"_links":{"self":[{"href":"https:\/\/mouillere.com\/universconvergents\/wp-json\/wp\/v2\/posts\/116","targetHints":{"allow":["GET"]}}],"collection":[{"href":"https:\/\/mouillere.com\/universconvergents\/wp-json\/wp\/v2\/posts"}],"about":[{"href":"https:\/\/mouillere.com\/universconvergents\/wp-json\/wp\/v2\/types\/post"}],"author":[{"embeddable":true,"href":"https:\/\/mouillere.com\/universconvergents\/wp-json\/wp\/v2\/users\/1"}],"replies":[{"embeddable":true,"href":"https:\/\/mouillere.com\/universconvergents\/wp-json\/wp\/v2\/comments?post=116"}],"version-history":[{"count":3,"href":"https:\/\/mouillere.com\/universconvergents\/wp-json\/wp\/v2\/posts\/116\/revisions"}],"predecessor-version":[{"id":4180,"href":"https:\/\/mouillere.com\/universconvergents\/wp-json\/wp\/v2\/posts\/116\/revisions\/4180"}],"wp:featuredmedia":[{"embeddable":true,"href":"https:\/\/mouillere.com\/universconvergents\/wp-json\/wp\/v2\/media\/119"}],"wp:attachment":[{"href":"https:\/\/mouillere.com\/universconvergents\/wp-json\/wp\/v2\/media?parent=116"}],"wp:term":[{"taxonomy":"category","embeddable":true,"href":"https:\/\/mouillere.com\/universconvergents\/wp-json\/wp\/v2\/categories?post=116"},{"taxonomy":"post_tag","embeddable":true,"href":"https:\/\/mouillere.com\/universconvergents\/wp-json\/wp\/v2\/tags?post=116"}],"curies":[{"name":"wp","href":"https:\/\/api.w.org\/{rel}","templated":true}]}}