{"id":1203,"date":"2015-09-28T11:08:56","date_gmt":"2015-09-28T10:08:56","guid":{"rendered":"http:\/\/mouillere.com\/universconvergents\/?p=1203"},"modified":"2015-10-21T11:10:07","modified_gmt":"2015-10-21T10:10:07","slug":"arrete-du-28-septembre-2015-fixant-la-tarification-applicable-a-la-transmission-par-les-operateurs-de-communications-electroniques-des-informations-mentionnees-a-larticle-l-2321-3-du-code-de-la-def","status":"publish","type":"post","link":"https:\/\/mouillere.com\/universconvergents\/2015\/09\/28\/arrete-du-28-septembre-2015-fixant-la-tarification-applicable-a-la-transmission-par-les-operateurs-de-communications-electroniques-des-informations-mentionnees-a-larticle-l-2321-3-du-code-de-la-def\/","title":{"rendered":"Arr\u00eat\u00e9 du 28 septembre 2015 fixant la tarification applicable \u00e0 la transmission par les op\u00e9rateurs de communications \u00e9lectroniques des informations mentionn\u00e9es \u00e0 l&#8217;article L. 2321-3 du code de la d\u00e9fense"},"content":{"rendered":"<p><a href=\"http:\/\/www.legifrance.gouv.fr\/affichTexte.do?cidTexte=JORFTEXT000031305271&amp;dateTexte=&amp;categorieLien=id\" target=\"_blank\">http:\/\/www.legifrance.gouv.fr\/affichTexte.do?cidTexte=JORFTEXT000031305271&amp;dateTexte=&amp;categorieLien=id<\/a><\/p>\n<p>&nbsp;<\/p>\n","protected":false},"excerpt":{"rendered":"<p>http:\/\/www.legifrance.gouv.fr\/affichTexte.do?cidTexte=JORFTEXT000031305271&amp;dateTexte=&amp;categorieLien=id &nbsp;<\/p>\n","protected":false},"author":1,"featured_media":485,"comment_status":"open","ping_status":"open","sticky":false,"template":"","format":"standard","meta":{"_jetpack_memberships_contains_paid_content":false,"footnotes":"","jetpack_publicize_message":"","jetpack_publicize_feature_enabled":true,"jetpack_social_post_already_shared":true,"jetpack_social_options":{"image_generator_settings":{"template":"highway","default_image_id":0,"font":"","enabled":false},"version":2}},"categories":[20,16],"tags":[],"class_list":["post-1203","post","type-post","status-publish","format-standard","has-post-thumbnail","hentry","category-cybersecurite","category-donnees-personnelles"],"jetpack_publicize_connections":[],"jetpack_featured_media_url":"https:\/\/i0.wp.com\/mouillere.com\/universconvergents\/wp-content\/uploads\/2015\/07\/4617357_3_b22e_sur-les-reseaux-sociaux-de-nombreux_62ff6ca6b01b759840f332412aece338.jpg?fit=534%2C267&ssl=1","jetpack_sharing_enabled":true,"jetpack_shortlink":"https:\/\/wp.me\/p6jw1p-jp","jetpack-related-posts":[{"id":940,"url":"https:\/\/mouillere.com\/universconvergents\/2012\/01\/25\/proposition-de-reglement-du-parlement-europeen-et-du-conseil-relatif-a-la-protection-des-personnes-physiques-a-legard-du-traitement-des-donnees-a-caractere-personnel-et-a-la-libre-circulation\/","url_meta":{"origin":1203,"position":0},"title":"Proposition de r\u00e8glement du Parlement europ\u00e9en et du Conseil relatif \u00e0 la protection des personnes physiques \u00e0 l\u2019\u00e9gard du traitement des donn\u00e9es \u00e0 caract\u00e8re personnel et \u00e0 la libre circulation de ces donn\u00e9es","author":"Fred","date":"25 janvier 2012","format":false,"excerpt":"La pi\u00e8ce ma\u00eetresse de la l\u00e9gislation de l\u2019UE en mati\u00e8re de protection des donn\u00e9es \u00e0 caract\u00e8re personnel, \u00e0 savoir la directive 95\/46\/CE3, avait \u00e9t\u00e9 adopt\u00e9e en 1995 avec deux objectifs \u00e0 l'esprit: prot\u00e9ger le droit fondamental \u00e0 la protection des donn\u00e9es et garantir la libre circulation des donn\u00e9es \u00e0 caract\u00e8re\u2026","rel":"","context":"Dans &quot;Donn\u00e9es personnelles&quot;","block_context":{"text":"Donn\u00e9es personnelles","link":"https:\/\/mouillere.com\/universconvergents\/category\/it\/donnees-personnelles\/"},"img":{"alt_text":"","src":"","width":0,"height":0},"classes":[]},{"id":2548,"url":"https:\/\/mouillere.com\/universconvergents\/2017\/07\/24\/noubliez-pas-votre-droit-a-loubli\/","url_meta":{"origin":1203,"position":1},"title":"N&#8217;oubliez pas votre droit \u00e0 l&#8217;oubli","author":"Fred","date":"24 juillet 2017","format":false,"excerpt":"Le portail de r\u00e9f\u00e9rence pour l'espace de libert\u00e9, s\u00e9curit\u00e9 et justice publie \u00e0 nouveau une excellente synth\u00e8se sur la probl\u00e9matique du droit \u00e0 l'oubli trois ans apr\u00e8s l\u2019arr\u00eat Google Spain (C-131\/12, FR) rendue par la CJUE. Selon un sondage Eurobarom\u00eatre sur la protection des donn\u00e9es publi\u00e9 en 2015, la protection\u2026","rel":"","context":"Dans &quot;Donn\u00e9es personnelles&quot;","block_context":{"text":"Donn\u00e9es personnelles","link":"https:\/\/mouillere.com\/universconvergents\/category\/it\/donnees-personnelles\/"},"img":{"alt_text":"","src":"https:\/\/i0.wp.com\/mouillere.com\/universconvergents\/wp-content\/uploads\/2015\/06\/6640564215_b3dc3f033d.jpg?fit=450%2C287&ssl=1&resize=350%2C200","width":350,"height":200},"classes":[]},{"id":511,"url":"https:\/\/mouillere.com\/universconvergents\/2015\/07\/30\/leonardo-di-caprio-star-mondiale-a-droit-a-la-protection-de-sa-vie-privee\/","url_meta":{"origin":1203,"position":2},"title":"Leonardo Di Caprio, star mondiale, a droit \u00e0 la protection de sa vie priv\u00e9e","author":"Fred","date":"30 juillet 2015","format":false,"excerpt":"Pour la premi\u00e8re fois, un com\u00e9dien am\u00e9ricain de r\u00e9putation mondiale a demand\u00e9 et obtenu d\u2019un tribunal fran\u00e7ais la condamnation d\u2019un journal sur le fondement de l\u2019article 9 du code civil. Dans une ordonnance de r\u00e9f\u00e9r\u00e9 du 27 juillet 2015, le TGI de Paris a condamn\u00e9 le magazine Oops \u00e0 verser\u2026","rel":"","context":"Dans &quot;Internet&quot;","block_context":{"text":"Internet","link":"https:\/\/mouillere.com\/universconvergents\/category\/it\/internet\/"},"img":{"alt_text":"","src":"https:\/\/i0.wp.com\/mouillere.com\/universconvergents\/wp-content\/uploads\/2015\/07\/paparazzi.jpg?fit=1024%2C768&ssl=1&resize=350%2C200","width":350,"height":200,"srcset":"https:\/\/i0.wp.com\/mouillere.com\/universconvergents\/wp-content\/uploads\/2015\/07\/paparazzi.jpg?fit=1024%2C768&ssl=1&resize=350%2C200 1x, https:\/\/i0.wp.com\/mouillere.com\/universconvergents\/wp-content\/uploads\/2015\/07\/paparazzi.jpg?fit=1024%2C768&ssl=1&resize=525%2C300 1.5x, https:\/\/i0.wp.com\/mouillere.com\/universconvergents\/wp-content\/uploads\/2015\/07\/paparazzi.jpg?fit=1024%2C768&ssl=1&resize=700%2C400 2x"},"classes":[]},{"id":1908,"url":"https:\/\/mouillere.com\/universconvergents\/2016\/03\/03\/cyberattaque-la-securite-a-coute-des-millions-deuros-a-tv5-monde\/","url_meta":{"origin":1203,"position":3},"title":"Cyberattaque &#8211; La s\u00e9curit\u00e9 a co\u00fbt\u00e9 des millions d&#8217;euros \u00e0 TV5 Monde","author":"Fred","date":"3 mars 2016","format":false,"excerpt":"Apr\u00e8s l'importante cyberattaque dont il a \u00e9t\u00e9 la cible en 2015, le groupe TV5 Monde a d\u00fb r\u00e9parer les d\u00e9g\u00e2ts, mettre en place une politique de... http:\/\/www.zdnet.fr\/actualites\/cyberattaque-la-securite-a-coute-des-millions-d-euros-a-tv5-monde-39833578.htm","rel":"","context":"Dans &quot;Cybers\u00e9curit\u00e9&quot;","block_context":{"text":"Cybers\u00e9curit\u00e9","link":"https:\/\/mouillere.com\/universconvergents\/category\/it\/cybersecurite\/"},"img":{"alt_text":"","src":"https:\/\/i0.wp.com\/mouillere.com\/universconvergents\/wp-content\/uploads\/2015\/07\/Cyber-Security.jpg?fit=1200%2C829&ssl=1&resize=350%2C200","width":350,"height":200,"srcset":"https:\/\/i0.wp.com\/mouillere.com\/universconvergents\/wp-content\/uploads\/2015\/07\/Cyber-Security.jpg?fit=1200%2C829&ssl=1&resize=350%2C200 1x, https:\/\/i0.wp.com\/mouillere.com\/universconvergents\/wp-content\/uploads\/2015\/07\/Cyber-Security.jpg?fit=1200%2C829&ssl=1&resize=525%2C300 1.5x, https:\/\/i0.wp.com\/mouillere.com\/universconvergents\/wp-content\/uploads\/2015\/07\/Cyber-Security.jpg?fit=1200%2C829&ssl=1&resize=700%2C400 2x, https:\/\/i0.wp.com\/mouillere.com\/universconvergents\/wp-content\/uploads\/2015\/07\/Cyber-Security.jpg?fit=1200%2C829&ssl=1&resize=1050%2C600 3x"},"classes":[]},{"id":6915,"url":"https:\/\/mouillere.com\/universconvergents\/2025\/12\/18\/filtrage-et-moderation-de-contenu-en-ligne\/","url_meta":{"origin":1203,"position":4},"title":"Filtrage et mod\u00e9ration de contenu en ligne","author":"Fred","date":"18 d\u00e9cembre 2025","format":false,"excerpt":"En d\u00e9cembre 2025, le Tribunal judiciaire de Paris a rendu deux d\u00e9cisions fondamentales qui pr\u00e9cisent les conditions de blocage des services en ligne et les obligations des plateformes en mati\u00e8re de mod\u00e9ration de contenu. Ces jugements, bien que portant sur des cas distincts, \u00e9tablissent une jurisprudence fond\u00e9e sur le principe\u2026","rel":"","context":"Dans &quot;Commerce \u00e9lectronique&quot;","block_context":{"text":"Commerce \u00e9lectronique","link":"https:\/\/mouillere.com\/universconvergents\/category\/it\/commerce-electronique\/"},"img":{"alt_text":"","src":"https:\/\/i0.wp.com\/mouillere.com\/universconvergents\/wp-content\/uploads\/2025\/11\/Shein-pedopornographie.jpg?fit=1024%2C768&ssl=1&resize=350%2C200","width":350,"height":200,"srcset":"https:\/\/i0.wp.com\/mouillere.com\/universconvergents\/wp-content\/uploads\/2025\/11\/Shein-pedopornographie.jpg?fit=1024%2C768&ssl=1&resize=350%2C200 1x, https:\/\/i0.wp.com\/mouillere.com\/universconvergents\/wp-content\/uploads\/2025\/11\/Shein-pedopornographie.jpg?fit=1024%2C768&ssl=1&resize=525%2C300 1.5x, https:\/\/i0.wp.com\/mouillere.com\/universconvergents\/wp-content\/uploads\/2025\/11\/Shein-pedopornographie.jpg?fit=1024%2C768&ssl=1&resize=700%2C400 2x"},"classes":[]},{"id":3066,"url":"https:\/\/mouillere.com\/universconvergents\/2019\/10\/04\/suppression-des-contenus-illicites-identiques-ou-equivalents-au-niveau-mondial\/","url_meta":{"origin":1203,"position":5},"title":"Suppression des contenus illicites identiques ou \u00e9quivalents au niveau mondial","author":"Fred","date":"4 octobre 2019","format":false,"excerpt":"La Cour de justice de l\u2019Union Europ\u00e9enne (CJUE) vient de juger que Facebook devait supprimer des contenus illicites identiques ou \u00e9quivalents au niveau mondial \u00e0 condition d'en avoir connaissance. En 2016, une d\u00e9put\u00e9e autrichienne insult\u00e9e sur Facebook lui demande de supprimer les contenus haineux mais face \u00e0 son refus, elle\u2026","rel":"","context":"Dans &quot;IT&quot;","block_context":{"text":"IT","link":"https:\/\/mouillere.com\/universconvergents\/category\/it\/"},"img":{"alt_text":"","src":"https:\/\/i0.wp.com\/mouillere.com\/universconvergents\/wp-content\/uploads\/2018\/10\/fakebook.jpg?fit=1200%2C600&ssl=1&resize=350%2C200","width":350,"height":200,"srcset":"https:\/\/i0.wp.com\/mouillere.com\/universconvergents\/wp-content\/uploads\/2018\/10\/fakebook.jpg?fit=1200%2C600&ssl=1&resize=350%2C200 1x, https:\/\/i0.wp.com\/mouillere.com\/universconvergents\/wp-content\/uploads\/2018\/10\/fakebook.jpg?fit=1200%2C600&ssl=1&resize=525%2C300 1.5x, https:\/\/i0.wp.com\/mouillere.com\/universconvergents\/wp-content\/uploads\/2018\/10\/fakebook.jpg?fit=1200%2C600&ssl=1&resize=700%2C400 2x, https:\/\/i0.wp.com\/mouillere.com\/universconvergents\/wp-content\/uploads\/2018\/10\/fakebook.jpg?fit=1200%2C600&ssl=1&resize=1050%2C600 3x"},"classes":[]}],"_links":{"self":[{"href":"https:\/\/mouillere.com\/universconvergents\/wp-json\/wp\/v2\/posts\/1203","targetHints":{"allow":["GET"]}}],"collection":[{"href":"https:\/\/mouillere.com\/universconvergents\/wp-json\/wp\/v2\/posts"}],"about":[{"href":"https:\/\/mouillere.com\/universconvergents\/wp-json\/wp\/v2\/types\/post"}],"author":[{"embeddable":true,"href":"https:\/\/mouillere.com\/universconvergents\/wp-json\/wp\/v2\/users\/1"}],"replies":[{"embeddable":true,"href":"https:\/\/mouillere.com\/universconvergents\/wp-json\/wp\/v2\/comments?post=1203"}],"version-history":[{"count":1,"href":"https:\/\/mouillere.com\/universconvergents\/wp-json\/wp\/v2\/posts\/1203\/revisions"}],"predecessor-version":[{"id":1204,"href":"https:\/\/mouillere.com\/universconvergents\/wp-json\/wp\/v2\/posts\/1203\/revisions\/1204"}],"wp:featuredmedia":[{"embeddable":true,"href":"https:\/\/mouillere.com\/universconvergents\/wp-json\/wp\/v2\/media\/485"}],"wp:attachment":[{"href":"https:\/\/mouillere.com\/universconvergents\/wp-json\/wp\/v2\/media?parent=1203"}],"wp:term":[{"taxonomy":"category","embeddable":true,"href":"https:\/\/mouillere.com\/universconvergents\/wp-json\/wp\/v2\/categories?post=1203"},{"taxonomy":"post_tag","embeddable":true,"href":"https:\/\/mouillere.com\/universconvergents\/wp-json\/wp\/v2\/tags?post=1203"}],"curies":[{"name":"wp","href":"https:\/\/api.w.org\/{rel}","templated":true}]}}