{"id":1316,"date":"2015-10-28T15:48:57","date_gmt":"2015-10-28T14:48:57","guid":{"rendered":"http:\/\/mouillere.com\/universconvergents\/?p=1316"},"modified":"2020-04-02T02:48:11","modified_gmt":"2020-04-02T01:48:11","slug":"responsabilite-un-blog-est-un-espace-de-contribution-personnelle","status":"publish","type":"post","link":"https:\/\/mouillere.com\/universconvergents\/2015\/10\/28\/responsabilite-un-blog-est-un-espace-de-contribution-personnelle\/","title":{"rendered":"Responsabilit\u00e9 : un blog est un espace de contribution personnelle"},"content":{"rendered":"<p>Un blog h\u00e9berg\u00e9 par un site d\u2019information, tel que Mediapart, est qualifi\u00e9 d\u2019espace de contribution personnelle auquel il faut appliquer les dispositions de l\u2019article 93-3 de la loi du 29 juillet 1982 instituant un r\u00e9gime de responsabilit\u00e9 d\u00e9rogatoire, a jug\u00e9 la cour d\u2019appel de Montpellier dans un arr\u00eat du 12 octobre 2015. (&#8230;)<br \/>\n<a href=\"http:\/\/www.legalis.net\/spip.php?page=breves-article&amp;id_article=4773\" target=\"_blank\" rel=\"noopener noreferrer\">http:\/\/www.legalis.net\/spip.php?page=breves-article&amp;id_article=4773<\/a><\/p>\n","protected":false},"excerpt":{"rendered":"<p>Un blog h\u00e9berg\u00e9 par un site d\u2019information, tel que Mediapart, est qualifi\u00e9 d\u2019espace de contribution personnelle auquel il faut appliquer les dispositions de l\u2019article 93-3 de la loi du 29&hellip; <\/p>\n","protected":false},"author":1,"featured_media":391,"comment_status":"open","ping_status":"open","sticky":false,"template":"","format":"standard","meta":{"_jetpack_memberships_contains_paid_content":false,"footnotes":"","jetpack_publicize_message":"","jetpack_publicize_feature_enabled":true,"jetpack_social_post_already_shared":true,"jetpack_social_options":{"image_generator_settings":{"template":"highway","default_image_id":0,"font":"","enabled":false},"version":2}},"categories":[179],"tags":[],"class_list":["post-1316","post","type-post","status-publish","format-standard","has-post-thumbnail","hentry","category-internet"],"jetpack_publicize_connections":[],"jetpack_featured_media_url":"https:\/\/i0.wp.com\/mouillere.com\/universconvergents\/wp-content\/uploads\/2015\/07\/gavel.jpg?fit=600%2C384&ssl=1","jetpack_sharing_enabled":true,"jetpack_shortlink":"https:\/\/wp.me\/p6jw1p-le","jetpack-related-posts":[{"id":1441,"url":"https:\/\/mouillere.com\/universconvergents\/2015\/11\/19\/moderation-externalisee-responsabilite-du-directeur-de-publication-pour-la-diffusion-de-propos-diffamatoires\/","url_meta":{"origin":1316,"position":0},"title":"Mod\u00e9ration externalis\u00e9e : responsabilit\u00e9 du directeur de publication pour la diffusion de propos diffamatoires","author":"Fred","date":"19 novembre 2015","format":false,"excerpt":"Pour la Cour de cassation, il n\u2019a pas retir\u00e9 promptement les propos incrimin\u00e9s malgr\u00e9 les alertes du service de mod\u00e9ration du site sur lequel ils ont \u00e9t\u00e9 diffus\u00e9s. Pour \u00e9carter l'argumentation du pr\u00e9venu, qui faisait valoir qu'il n'avait pas eu personnellement connaissance de l'existence du commentaire litigieux, de sorte qu'en\u2026","rel":"","context":"Dans &quot;Internet&quot;","block_context":{"text":"Internet","link":"https:\/\/mouillere.com\/universconvergents\/category\/it\/internet\/"},"img":{"alt_text":"","src":"https:\/\/i0.wp.com\/mouillere.com\/universconvergents\/wp-content\/uploads\/2015\/07\/gavel.jpg?fit=600%2C384&ssl=1&resize=350%2C200","width":350,"height":200,"srcset":"https:\/\/i0.wp.com\/mouillere.com\/universconvergents\/wp-content\/uploads\/2015\/07\/gavel.jpg?fit=600%2C384&ssl=1&resize=350%2C200 1x, https:\/\/i0.wp.com\/mouillere.com\/universconvergents\/wp-content\/uploads\/2015\/07\/gavel.jpg?fit=600%2C384&ssl=1&resize=525%2C300 1.5x"},"classes":[]},{"id":3745,"url":"https:\/\/mouillere.com\/universconvergents\/2020\/02\/24\/ia-ou-la-science-sans-conscience\/","url_meta":{"origin":1316,"position":1},"title":"IA ou la science sans conscience","author":"Fred","date":"24 f\u00e9vrier 2020","format":false,"excerpt":"\"Science sans conscience n\u2019est que ruine de l\u2019\u00e2me\" (Rabelais) \"Science sans conscience n\u2019est que ruines et larmes\" (Alpha Blondy) \"Des technocrates maigrichons Vous pr\u00e9disaient des jours meilleurs Des aurores de l'expansion A la sournoise nuit des ch\u00f4meurs\" (Bernard Lavilliers) La guerre des donn\u00e9es et l'IA sont aujourd'hui au c\u0153ur de\u2026","rel":"","context":"Dans &quot;Big Data&quot;","block_context":{"text":"Big Data","link":"https:\/\/mouillere.com\/universconvergents\/category\/it\/big-data\/"},"img":{"alt_text":"","src":"https:\/\/i0.wp.com\/mouillere.com\/universconvergents\/wp-content\/uploads\/2020\/02\/artificial-intelligence-2228610_960_720.jpg?fit=960%2C600&ssl=1&resize=350%2C200","width":350,"height":200,"srcset":"https:\/\/i0.wp.com\/mouillere.com\/universconvergents\/wp-content\/uploads\/2020\/02\/artificial-intelligence-2228610_960_720.jpg?fit=960%2C600&ssl=1&resize=350%2C200 1x, https:\/\/i0.wp.com\/mouillere.com\/universconvergents\/wp-content\/uploads\/2020\/02\/artificial-intelligence-2228610_960_720.jpg?fit=960%2C600&ssl=1&resize=525%2C300 1.5x, https:\/\/i0.wp.com\/mouillere.com\/universconvergents\/wp-content\/uploads\/2020\/02\/artificial-intelligence-2228610_960_720.jpg?fit=960%2C600&ssl=1&resize=700%2C400 2x"},"classes":[]},{"id":2609,"url":"https:\/\/mouillere.com\/universconvergents\/2017\/09\/05\/rgpd-et-sous-traitance\/","url_meta":{"origin":1316,"position":2},"title":"RGPD ET SOUS-TRAITANCE","author":"Fred","date":"5 septembre 2017","format":false,"excerpt":"Quelles sont les cons\u00e9quences du nouveau r\u00e9gime de responsabilit\u00e9 des sous-traitants mis en place par le RGDP ? https:\/\/www.village-justice.com\/articles\/rgpd-sous-traitance-des-questions-leurs-reponses,25724.html","rel":"","context":"Dans &quot;Donn\u00e9es personnelles&quot;","block_context":{"text":"Donn\u00e9es personnelles","link":"https:\/\/mouillere.com\/universconvergents\/category\/it\/donnees-personnelles\/"},"img":{"alt_text":"","src":"https:\/\/i0.wp.com\/mouillere.com\/universconvergents\/wp-content\/uploads\/2017\/09\/maxresdefault.jpg?fit=1200%2C675&ssl=1&resize=350%2C200","width":350,"height":200,"srcset":"https:\/\/i0.wp.com\/mouillere.com\/universconvergents\/wp-content\/uploads\/2017\/09\/maxresdefault.jpg?fit=1200%2C675&ssl=1&resize=350%2C200 1x, https:\/\/i0.wp.com\/mouillere.com\/universconvergents\/wp-content\/uploads\/2017\/09\/maxresdefault.jpg?fit=1200%2C675&ssl=1&resize=525%2C300 1.5x, https:\/\/i0.wp.com\/mouillere.com\/universconvergents\/wp-content\/uploads\/2017\/09\/maxresdefault.jpg?fit=1200%2C675&ssl=1&resize=700%2C400 2x, https:\/\/i0.wp.com\/mouillere.com\/universconvergents\/wp-content\/uploads\/2017\/09\/maxresdefault.jpg?fit=1200%2C675&ssl=1&resize=1050%2C600 3x"},"classes":[]},{"id":2853,"url":"https:\/\/mouillere.com\/universconvergents\/2018\/10\/19\/violation-de-licence-de-logiciel-responsabilite-delictuelle-ou-contractuelle\/","url_meta":{"origin":1316,"position":3},"title":"Violation de licence de logiciel: responsabilit\u00e9 d\u00e9lictuelle ou contractuelle ?","author":"Fred","date":"19 octobre 2018","format":false,"excerpt":"Il y a des d\u00e9cisions de justice difficiles \u00e0 comprendre dont celles de l\u2019arr\u00eat du 10 mai 2016 (Afpa\/Oracle) ou de l\u2019arr\u00eat du 16 octobre 2018 de la CA Paris qui vient de poser une question pr\u00e9judicielle \u00e0 la CJUE afin de savoir si la violation des termes d\u2019un contrat\u2026","rel":"","context":"Dans &quot;Logiciel&quot;","block_context":{"text":"Logiciel","link":"https:\/\/mouillere.com\/universconvergents\/category\/ip\/logiciel\/"},"img":{"alt_text":"","src":"https:\/\/i0.wp.com\/mouillere.com\/universconvergents\/wp-content\/uploads\/2018\/10\/justice.jpg?fit=1076%2C1111&ssl=1&resize=350%2C200","width":350,"height":200,"srcset":"https:\/\/i0.wp.com\/mouillere.com\/universconvergents\/wp-content\/uploads\/2018\/10\/justice.jpg?fit=1076%2C1111&ssl=1&resize=350%2C200 1x, https:\/\/i0.wp.com\/mouillere.com\/universconvergents\/wp-content\/uploads\/2018\/10\/justice.jpg?fit=1076%2C1111&ssl=1&resize=525%2C300 1.5x, https:\/\/i0.wp.com\/mouillere.com\/universconvergents\/wp-content\/uploads\/2018\/10\/justice.jpg?fit=1076%2C1111&ssl=1&resize=700%2C400 2x, https:\/\/i0.wp.com\/mouillere.com\/universconvergents\/wp-content\/uploads\/2018\/10\/justice.jpg?fit=1076%2C1111&ssl=1&resize=1050%2C600 3x"},"classes":[]},{"id":5594,"url":"https:\/\/mouillere.com\/universconvergents\/2023\/07\/04\/typologie-et-cout-des-cyberattaques-en-france\/","url_meta":{"origin":1316,"position":4},"title":"Typologie et co\u00fbt des cyberattaques en France","author":"Fred","date":"4 juillet 2023","format":false,"excerpt":"Le cabinet Aster\u00e8s \u00e9value le co\u00fbt des cyberattaques r\u00e9ussies contre les organismes publics et priv\u00e9s fran\u00e7ais \u00e0 2 Mds\u20ac en 2022. Ont \u00e9t\u00e9 analys\u00e9s les principaux impacts \u00e9conomiques des trois types d\u2019attaques r\u00e9ussies couvertes par l\u2019\u00e9tude : intrusion dans le syst\u00e8me d\u2019information, attaque par ran\u00e7ongiciel et par d\u00e9ni-de-service. Le co\u00fbt\u2026","rel":"","context":"Dans &quot;Donn\u00e9es personnelles&quot;","block_context":{"text":"Donn\u00e9es personnelles","link":"https:\/\/mouillere.com\/universconvergents\/category\/it\/donnees-personnelles\/"},"img":{"alt_text":"","src":"https:\/\/i0.wp.com\/mouillere.com\/universconvergents\/wp-content\/uploads\/2023\/07\/2023-06-Cyberattaques-Cout.jpg?fit=1200%2C855&ssl=1&resize=350%2C200","width":350,"height":200,"srcset":"https:\/\/i0.wp.com\/mouillere.com\/universconvergents\/wp-content\/uploads\/2023\/07\/2023-06-Cyberattaques-Cout.jpg?fit=1200%2C855&ssl=1&resize=350%2C200 1x, https:\/\/i0.wp.com\/mouillere.com\/universconvergents\/wp-content\/uploads\/2023\/07\/2023-06-Cyberattaques-Cout.jpg?fit=1200%2C855&ssl=1&resize=525%2C300 1.5x, https:\/\/i0.wp.com\/mouillere.com\/universconvergents\/wp-content\/uploads\/2023\/07\/2023-06-Cyberattaques-Cout.jpg?fit=1200%2C855&ssl=1&resize=700%2C400 2x, https:\/\/i0.wp.com\/mouillere.com\/universconvergents\/wp-content\/uploads\/2023\/07\/2023-06-Cyberattaques-Cout.jpg?fit=1200%2C855&ssl=1&resize=1050%2C600 3x"},"classes":[]},{"id":1223,"url":"https:\/\/mouillere.com\/universconvergents\/2015\/10\/22\/securite-it-comment-le-big-data-peut-il-contribuer\/","url_meta":{"origin":1316,"position":5},"title":"S\u00e9curit\u00e9 IT : comment le Big Data peut-il contribuer ?","author":"Fred","date":"22 octobre 2015","format":false,"excerpt":"Les responsables s\u00e9curit\u00e9, qui ont, par exemple, commenc\u00e9 \u00e0 s\u2019investir dans l\u2019analyse des \u2018logs\u2019 de connexion, s\u2019int\u00e9ressent \u00e0 la dimension pr\u00e9dictive du Big Data. Pourquoi ? http:\/\/www.zdnet.fr\/actualites\/securite-it-comment-le-big-data-peut-il-contribuer-39826944.htm \u00a0","rel":"","context":"Dans &quot;Big Data&quot;","block_context":{"text":"Big Data","link":"https:\/\/mouillere.com\/universconvergents\/category\/it\/big-data\/"},"img":{"alt_text":"","src":"https:\/\/i0.wp.com\/mouillere.com\/universconvergents\/wp-content\/uploads\/2015\/07\/Cyber-Security.jpg?fit=1200%2C829&ssl=1&resize=350%2C200","width":350,"height":200,"srcset":"https:\/\/i0.wp.com\/mouillere.com\/universconvergents\/wp-content\/uploads\/2015\/07\/Cyber-Security.jpg?fit=1200%2C829&ssl=1&resize=350%2C200 1x, https:\/\/i0.wp.com\/mouillere.com\/universconvergents\/wp-content\/uploads\/2015\/07\/Cyber-Security.jpg?fit=1200%2C829&ssl=1&resize=525%2C300 1.5x, https:\/\/i0.wp.com\/mouillere.com\/universconvergents\/wp-content\/uploads\/2015\/07\/Cyber-Security.jpg?fit=1200%2C829&ssl=1&resize=700%2C400 2x, https:\/\/i0.wp.com\/mouillere.com\/universconvergents\/wp-content\/uploads\/2015\/07\/Cyber-Security.jpg?fit=1200%2C829&ssl=1&resize=1050%2C600 3x"},"classes":[]}],"_links":{"self":[{"href":"https:\/\/mouillere.com\/universconvergents\/wp-json\/wp\/v2\/posts\/1316","targetHints":{"allow":["GET"]}}],"collection":[{"href":"https:\/\/mouillere.com\/universconvergents\/wp-json\/wp\/v2\/posts"}],"about":[{"href":"https:\/\/mouillere.com\/universconvergents\/wp-json\/wp\/v2\/types\/post"}],"author":[{"embeddable":true,"href":"https:\/\/mouillere.com\/universconvergents\/wp-json\/wp\/v2\/users\/1"}],"replies":[{"embeddable":true,"href":"https:\/\/mouillere.com\/universconvergents\/wp-json\/wp\/v2\/comments?post=1316"}],"version-history":[{"count":2,"href":"https:\/\/mouillere.com\/universconvergents\/wp-json\/wp\/v2\/posts\/1316\/revisions"}],"predecessor-version":[{"id":4122,"href":"https:\/\/mouillere.com\/universconvergents\/wp-json\/wp\/v2\/posts\/1316\/revisions\/4122"}],"wp:featuredmedia":[{"embeddable":true,"href":"https:\/\/mouillere.com\/universconvergents\/wp-json\/wp\/v2\/media\/391"}],"wp:attachment":[{"href":"https:\/\/mouillere.com\/universconvergents\/wp-json\/wp\/v2\/media?parent=1316"}],"wp:term":[{"taxonomy":"category","embeddable":true,"href":"https:\/\/mouillere.com\/universconvergents\/wp-json\/wp\/v2\/categories?post=1316"},{"taxonomy":"post_tag","embeddable":true,"href":"https:\/\/mouillere.com\/universconvergents\/wp-json\/wp\/v2\/tags?post=1316"}],"curies":[{"name":"wp","href":"https:\/\/api.w.org\/{rel}","templated":true}]}}