{"id":1320,"date":"2015-10-28T15:59:57","date_gmt":"2015-10-28T14:59:57","guid":{"rendered":"http:\/\/mouillere.com\/universconvergents\/?p=1320"},"modified":"2020-04-02T02:47:15","modified_gmt":"2020-04-02T01:47:15","slug":"eu-pushes-for-business-without-borders","status":"publish","type":"post","link":"https:\/\/mouillere.com\/universconvergents\/2015\/10\/28\/eu-pushes-for-business-without-borders\/","title":{"rendered":"EU pushes for business without borders"},"content":{"rendered":"<p>The European Commission will seek once again to equalize access and prices of products and services around the 28-country bloc, and will foster startups and boost the sharing economy, according to the internal market strategy released Wednesday.<br \/>\n<a href=\"http:\/\/www.politico.eu\/article\/commission-launches-single-market-strategy-2\" target=\"_blank\" rel=\"noopener noreferrer\">http:\/\/www.politico.eu\/article\/commission-launches-single-market-strategy-2<\/a><\/p>\n<p><a href=\"https:\/\/ec.europa.eu\/transparency\/regdoc\/rep\/1\/2015\/EN\/1-2015-550-EN-F1-1.PDF\" target=\"_blank\" rel=\"noopener noreferrer\">https:\/\/ec.europa.eu\/transparency\/regdoc\/rep\/1\/2015\/EN\/1-2015-550-EN-F1-1.PDF<\/a><\/p>\n<iframe src=\"\/\/docs.google.com\/viewer?url=https%3A%2F%2Fmouillere.com%2Funiversconvergents%2Fwp-content%2Fuploads%2F2015%2F11%2Fthe-internal-market-strategy.pdf&hl=fr&embedded=true\" class=\"gde-frame\" style=\"width:100%; height:500px; border: none;\" scrolling=\"no\"><\/iframe>\n<p class=\"gde-text\"><a href=\"https:\/\/mouillere.com\/universconvergents\/wp-content\/uploads\/2015\/11\/the-internal-market-strategy.pdf\" class=\"gde-link\">T\u00e9l\u00e9charger (PDF, 462KB)<\/a><\/p>\n","protected":false},"excerpt":{"rendered":"<p>The European Commission will seek once again to equalize access and prices of products and services around the 28-country bloc, and will foster startups and boost the sharing economy, according&hellip; <\/p>\n","protected":false},"author":1,"featured_media":187,"comment_status":"open","ping_status":"open","sticky":false,"template":"","format":"standard","meta":{"_jetpack_memberships_contains_paid_content":false,"footnotes":"","jetpack_publicize_message":"","jetpack_publicize_feature_enabled":true,"jetpack_social_post_already_shared":true,"jetpack_social_options":{"image_generator_settings":{"template":"highway","default_image_id":0,"font":"","enabled":false},"version":2}},"categories":[179],"tags":[],"class_list":["post-1320","post","type-post","status-publish","format-standard","has-post-thumbnail","hentry","category-internet"],"jetpack_publicize_connections":[],"jetpack_featured_media_url":"https:\/\/i0.wp.com\/mouillere.com\/universconvergents\/wp-content\/uploads\/2015\/06\/Unknown-1.jpeg?fit=275%2C183&ssl=1","jetpack_sharing_enabled":true,"jetpack_shortlink":"https:\/\/wp.me\/p6jw1p-li","jetpack-related-posts":[{"id":15,"url":"https:\/\/mouillere.com\/universconvergents\/2015\/06\/06\/sports-media-rights-and-the-digital-single-market-is-your-business-ready\/","url_meta":{"origin":1320,"position":0},"title":"Sports media rights and the Digital Single Market\u2026 Is your business ready?","author":"Fred","date":"6 juin 2015","format":false,"excerpt":"On 6 May 2015 the European Commission published its strategy for a 'Digital Single Market' for Europe. The Commission's communication outlines its grand vision for a Europe in which 'the free movement of goods, persons, services and capital is ensured and where individuals and businesses can seamlessly access and exercise\u2026","rel":"","context":"Dans &quot;Audiovisuel&quot;","block_context":{"text":"Audiovisuel","link":"https:\/\/mouillere.com\/universconvergents\/category\/ip\/audiovisuel\/"},"img":{"alt_text":"","src":"https:\/\/i0.wp.com\/mouillere.com\/universconvergents\/wp-content\/uploads\/2015\/06\/2000px-Brussels_EU.svg_.png?fit=1153%2C1200&ssl=1&resize=350%2C200","width":350,"height":200,"srcset":"https:\/\/i0.wp.com\/mouillere.com\/universconvergents\/wp-content\/uploads\/2015\/06\/2000px-Brussels_EU.svg_.png?fit=1153%2C1200&ssl=1&resize=350%2C200 1x, https:\/\/i0.wp.com\/mouillere.com\/universconvergents\/wp-content\/uploads\/2015\/06\/2000px-Brussels_EU.svg_.png?fit=1153%2C1200&ssl=1&resize=525%2C300 1.5x, https:\/\/i0.wp.com\/mouillere.com\/universconvergents\/wp-content\/uploads\/2015\/06\/2000px-Brussels_EU.svg_.png?fit=1153%2C1200&ssl=1&resize=700%2C400 2x, https:\/\/i0.wp.com\/mouillere.com\/universconvergents\/wp-content\/uploads\/2015\/06\/2000px-Brussels_EU.svg_.png?fit=1153%2C1200&ssl=1&resize=1050%2C600 3x"},"classes":[]},{"id":86,"url":"https:\/\/mouillere.com\/universconvergents\/2015\/06\/09\/mep-reda-commission-is-too-cautious-on-geo-blocking-and-copyright-law\/","url_meta":{"origin":1320,"position":1},"title":"MEP Reda &#8211; Commission is too cautious on geo-blocking and copyright law","author":"Fred","date":"9 juin 2015","format":false,"excerpt":"The European Commission is aiming to tear down \u201cregulatory walls\u201d for digital products and services and turn 28 national markets into a single digital market. But plans on geo-blocking and copyright law are too cautious, says MEP Julia Reda from the Pirate Party in an interview with EurActiv Germany. Julia\u2026","rel":"","context":"Dans &quot;Propri\u00e9t\u00e9 litt\u00e9raire et artistique&quot;","block_context":{"text":"Propri\u00e9t\u00e9 litt\u00e9raire et artistique","link":"https:\/\/mouillere.com\/universconvergents\/category\/ip\/propriete-litteraire-et-artistique\/"},"img":{"alt_text":"","src":"https:\/\/i0.wp.com\/mouillere.com\/universconvergents\/wp-content\/uploads\/2015\/06\/J_Reda.jpg?fit=1024%2C574&ssl=1&resize=350%2C200","width":350,"height":200,"srcset":"https:\/\/i0.wp.com\/mouillere.com\/universconvergents\/wp-content\/uploads\/2015\/06\/J_Reda.jpg?fit=1024%2C574&ssl=1&resize=350%2C200 1x, https:\/\/i0.wp.com\/mouillere.com\/universconvergents\/wp-content\/uploads\/2015\/06\/J_Reda.jpg?fit=1024%2C574&ssl=1&resize=525%2C300 1.5x, https:\/\/i0.wp.com\/mouillere.com\/universconvergents\/wp-content\/uploads\/2015\/06\/J_Reda.jpg?fit=1024%2C574&ssl=1&resize=700%2C400 2x"},"classes":[]},{"id":219,"url":"https:\/\/mouillere.com\/universconvergents\/2015\/06\/19\/dsm-public-consultation-on-audiovisual-directive\/","url_meta":{"origin":1320,"position":2},"title":"DSM &#8211; Public consultation on audiovisual directive","author":"Fred","date":"19 juin 2015","format":false,"excerpt":"Since its announcement to much fanfare back in May, the digital single market (DSM) strategy has dominated the time and talks of the two Commissioners responsible \u2013 Vice-President Andrus Ansip and G\u00fcnther Oettinger, in charge of the digital economy and society. Now talk is slowly turning into action as the\u2026","rel":"","context":"Dans &quot;Propri\u00e9t\u00e9 litt\u00e9raire et artistique&quot;","block_context":{"text":"Propri\u00e9t\u00e9 litt\u00e9raire et artistique","link":"https:\/\/mouillere.com\/universconvergents\/category\/ip\/propriete-litteraire-et-artistique\/"},"img":{"alt_text":"","src":"https:\/\/i0.wp.com\/mouillere.com\/universconvergents\/wp-content\/uploads\/2015\/06\/2000px-Brussels_EU.svg_.png?fit=1153%2C1200&ssl=1&resize=350%2C200","width":350,"height":200,"srcset":"https:\/\/i0.wp.com\/mouillere.com\/universconvergents\/wp-content\/uploads\/2015\/06\/2000px-Brussels_EU.svg_.png?fit=1153%2C1200&ssl=1&resize=350%2C200 1x, https:\/\/i0.wp.com\/mouillere.com\/universconvergents\/wp-content\/uploads\/2015\/06\/2000px-Brussels_EU.svg_.png?fit=1153%2C1200&ssl=1&resize=525%2C300 1.5x, https:\/\/i0.wp.com\/mouillere.com\/universconvergents\/wp-content\/uploads\/2015\/06\/2000px-Brussels_EU.svg_.png?fit=1153%2C1200&ssl=1&resize=700%2C400 2x, https:\/\/i0.wp.com\/mouillere.com\/universconvergents\/wp-content\/uploads\/2015\/06\/2000px-Brussels_EU.svg_.png?fit=1153%2C1200&ssl=1&resize=1050%2C600 3x"},"classes":[]},{"id":702,"url":"https:\/\/mouillere.com\/universconvergents\/2015\/08\/26\/ebu-welcomes-steps-to-update-eu-cable-and-satellite-directive-for-the-digital-age\/","url_meta":{"origin":1320,"position":3},"title":"EBU welcomes steps to update EU Cable and Satellite Directive for the digital age","author":"Fred","date":"26 ao\u00fbt 2015","format":false,"excerpt":"On 24 August 2015, the European Commission launched a public consultation on the review of the EU Cable and Satellite Directive. The European Broadcasting Union (EBU) welcomes this move. The EBU believes that updating the provisions of this law is crucial to meeting the objectives of the EU\u2019s ambitious Digital\u2026","rel":"","context":"Dans &quot;Audiovisuel&quot;","block_context":{"text":"Audiovisuel","link":"https:\/\/mouillere.com\/universconvergents\/category\/ip\/audiovisuel\/"},"img":{"alt_text":"","src":"https:\/\/i0.wp.com\/mouillere.com\/universconvergents\/wp-content\/uploads\/2015\/06\/2000px-Brussels_EU.svg_.png?fit=1153%2C1200&ssl=1&resize=350%2C200","width":350,"height":200,"srcset":"https:\/\/i0.wp.com\/mouillere.com\/universconvergents\/wp-content\/uploads\/2015\/06\/2000px-Brussels_EU.svg_.png?fit=1153%2C1200&ssl=1&resize=350%2C200 1x, https:\/\/i0.wp.com\/mouillere.com\/universconvergents\/wp-content\/uploads\/2015\/06\/2000px-Brussels_EU.svg_.png?fit=1153%2C1200&ssl=1&resize=525%2C300 1.5x, https:\/\/i0.wp.com\/mouillere.com\/universconvergents\/wp-content\/uploads\/2015\/06\/2000px-Brussels_EU.svg_.png?fit=1153%2C1200&ssl=1&resize=700%2C400 2x, https:\/\/i0.wp.com\/mouillere.com\/universconvergents\/wp-content\/uploads\/2015\/06\/2000px-Brussels_EU.svg_.png?fit=1153%2C1200&ssl=1&resize=1050%2C600 3x"},"classes":[]},{"id":457,"url":"https:\/\/mouillere.com\/universconvergents\/2015\/07\/02\/eu-data-protection-reform-a-historic-opportunity-for-europe-2\/","url_meta":{"origin":1320,"position":4},"title":"EU Data Protection Reform &#8211; A historic opportunity for Europe","author":"Fred","date":"2 juillet 2015","format":false,"excerpt":"The reform of EU data protection rules is a historic opportunity to adopt future-oriented standards that can inspire countries all around the world, said the European Data Protection Supervisor (EDPS) to the European Parliament's Committee on Civil Liberties, Justice and Home Affairs (LIBE) on the presentation of his Annual Report\u2026","rel":"","context":"Dans &quot;Donn\u00e9es personnelles&quot;","block_context":{"text":"Donn\u00e9es personnelles","link":"https:\/\/mouillere.com\/universconvergents\/category\/it\/donnees-personnelles\/"},"img":{"alt_text":"","src":"https:\/\/i0.wp.com\/mouillere.com\/universconvergents\/wp-content\/uploads\/2015\/07\/GDPR_trialogues_infographics.png?fit=650%2C920&ssl=1&resize=350%2C200","width":350,"height":200,"srcset":"https:\/\/i0.wp.com\/mouillere.com\/universconvergents\/wp-content\/uploads\/2015\/07\/GDPR_trialogues_infographics.png?fit=650%2C920&ssl=1&resize=350%2C200 1x, https:\/\/i0.wp.com\/mouillere.com\/universconvergents\/wp-content\/uploads\/2015\/07\/GDPR_trialogues_infographics.png?fit=650%2C920&ssl=1&resize=525%2C300 1.5x"},"classes":[]},{"id":186,"url":"https:\/\/mouillere.com\/universconvergents\/2015\/06\/22\/media-companies-will-not-be-forced-to-sell-rights-to-their-products-in-a-single-pan-european-block\/","url_meta":{"origin":1320,"position":5},"title":"Media companies will not be forced to sell rights to their products in a single, pan-European block","author":"Fred","date":"22 juin 2015","format":false,"excerpt":"Media companies have nothing to fear from the European Commission\u2019s plan to make digital entertainment more freely accessible across the continent. That was the line Monday from Ed Vaizey, the minister responsible for the U.K. government\u2019s policy on the digital economy. Vaizey told POLITICO the British government has listened to\u2026","rel":"","context":"Dans &quot;Propri\u00e9t\u00e9 litt\u00e9raire et artistique&quot;","block_context":{"text":"Propri\u00e9t\u00e9 litt\u00e9raire et artistique","link":"https:\/\/mouillere.com\/universconvergents\/category\/ip\/propriete-litteraire-et-artistique\/"},"img":{"alt_text":"","src":"","width":0,"height":0},"classes":[]}],"_links":{"self":[{"href":"https:\/\/mouillere.com\/universconvergents\/wp-json\/wp\/v2\/posts\/1320","targetHints":{"allow":["GET"]}}],"collection":[{"href":"https:\/\/mouillere.com\/universconvergents\/wp-json\/wp\/v2\/posts"}],"about":[{"href":"https:\/\/mouillere.com\/universconvergents\/wp-json\/wp\/v2\/types\/post"}],"author":[{"embeddable":true,"href":"https:\/\/mouillere.com\/universconvergents\/wp-json\/wp\/v2\/users\/1"}],"replies":[{"embeddable":true,"href":"https:\/\/mouillere.com\/universconvergents\/wp-json\/wp\/v2\/comments?post=1320"}],"version-history":[{"count":3,"href":"https:\/\/mouillere.com\/universconvergents\/wp-json\/wp\/v2\/posts\/1320\/revisions"}],"predecessor-version":[{"id":4121,"href":"https:\/\/mouillere.com\/universconvergents\/wp-json\/wp\/v2\/posts\/1320\/revisions\/4121"}],"wp:featuredmedia":[{"embeddable":true,"href":"https:\/\/mouillere.com\/universconvergents\/wp-json\/wp\/v2\/media\/187"}],"wp:attachment":[{"href":"https:\/\/mouillere.com\/universconvergents\/wp-json\/wp\/v2\/media?parent=1320"}],"wp:term":[{"taxonomy":"category","embeddable":true,"href":"https:\/\/mouillere.com\/universconvergents\/wp-json\/wp\/v2\/categories?post=1320"},{"taxonomy":"post_tag","embeddable":true,"href":"https:\/\/mouillere.com\/universconvergents\/wp-json\/wp\/v2\/tags?post=1320"}],"curies":[{"name":"wp","href":"https:\/\/api.w.org\/{rel}","templated":true}]}}