{"id":1764,"date":"2016-02-06T10:52:17","date_gmt":"2016-02-06T09:52:17","guid":{"rendered":"http:\/\/mouillere.com\/universconvergents\/?p=1764"},"modified":"2016-02-08T10:53:41","modified_gmt":"2016-02-08T09:53:41","slug":"le-conseil-detat-ou-le-verrou-du-palais-royal","status":"publish","type":"post","link":"https:\/\/mouillere.com\/universconvergents\/2016\/02\/06\/le-conseil-detat-ou-le-verrou-du-palais-royal\/","title":{"rendered":"Le Conseil d&#8217;Etat ou le verrou du Palais royal"},"content":{"rendered":"<p>Le juge de l&#8217;administration peut-il \u00e0 la fois dire le droit et conseiller le pouvoir? La question se pose avec acuit\u00e9 alors que le gouvernement s&#8217;appr\u00eate \u00e0 demander une nouvelle prolongation de l&#8217;\u00e9tat d&#8217;urgence<br \/>\n<a href=\"http:\/\/doyoulaw.blogs.liberation.fr\/2016\/02\/06\/le-verrou-du-palais-royal\/\" target=\"_blank\">http:\/\/doyoulaw.blogs.liberation.fr\/2016\/02\/06\/le-verrou-du-palais-royal\/<\/a><\/p>\n<p>&nbsp;<\/p>\n","protected":false},"excerpt":{"rendered":"<p>Le juge de l&#8217;administration peut-il \u00e0 la fois dire le droit et conseiller le pouvoir? La question se pose avec acuit\u00e9 alors que le gouvernement s&#8217;appr\u00eate \u00e0 demander une nouvelle&hellip; <\/p>\n","protected":false},"author":1,"featured_media":1765,"comment_status":"open","ping_status":"open","sticky":false,"template":"","format":"standard","meta":{"_jetpack_memberships_contains_paid_content":false,"footnotes":"","jetpack_publicize_message":"","jetpack_publicize_feature_enabled":true,"jetpack_social_post_already_shared":true,"jetpack_social_options":{"image_generator_settings":{"template":"highway","default_image_id":0,"font":"","enabled":false},"version":2}},"categories":[20,16],"tags":[],"class_list":["post-1764","post","type-post","status-publish","format-standard","has-post-thumbnail","hentry","category-cybersecurite","category-donnees-personnelles"],"jetpack_publicize_connections":[],"jetpack_featured_media_url":"https:\/\/i0.wp.com\/mouillere.com\/universconvergents\/wp-content\/uploads\/2016\/02\/240936_vignette_drapeauxconseiletat.jpg?fit=640%2C427&ssl=1","jetpack_sharing_enabled":true,"jetpack_shortlink":"https:\/\/wp.me\/p6jw1p-ss","jetpack-related-posts":[{"id":5437,"url":"https:\/\/mouillere.com\/universconvergents\/2023\/03\/06\/le-web-pour-extorquer-cest-royal\/","url_meta":{"origin":1764,"position":0},"title":"Le web pour extorquer, c&#8217;est Royal","author":"Fred","date":"6 mars 2023","format":false,"excerpt":"Le ransomware Royal multiplie ses attaques d\u2019infrastructures critiques\u00a0 (production, sant\u00e9, communications, enseignement, etc.). Moins connu que LockBit, Royal va chiffrer une partie du syst\u00e8me d\u2019information apr\u00e8s avoir vol\u00e9 ses donn\u00e9es. Pour obtenir la cl\u00e9 de d\u00e9cryptage, la victime devrait verser la ran\u00e7on allant de 1 \u00e0 11 millions $. \u00a0\u2026","rel":"","context":"Dans &quot;Cybers\u00e9curit\u00e9&quot;","block_context":{"text":"Cybers\u00e9curit\u00e9","link":"https:\/\/mouillere.com\/universconvergents\/category\/it\/cybersecurite\/"},"img":{"alt_text":"","src":"https:\/\/i0.wp.com\/mouillere.com\/universconvergents\/wp-content\/uploads\/2023\/03\/Royal-Ransomware.jpg?fit=1200%2C1075&ssl=1&resize=350%2C200","width":350,"height":200,"srcset":"https:\/\/i0.wp.com\/mouillere.com\/universconvergents\/wp-content\/uploads\/2023\/03\/Royal-Ransomware.jpg?fit=1200%2C1075&ssl=1&resize=350%2C200 1x, https:\/\/i0.wp.com\/mouillere.com\/universconvergents\/wp-content\/uploads\/2023\/03\/Royal-Ransomware.jpg?fit=1200%2C1075&ssl=1&resize=525%2C300 1.5x, https:\/\/i0.wp.com\/mouillere.com\/universconvergents\/wp-content\/uploads\/2023\/03\/Royal-Ransomware.jpg?fit=1200%2C1075&ssl=1&resize=700%2C400 2x, https:\/\/i0.wp.com\/mouillere.com\/universconvergents\/wp-content\/uploads\/2023\/03\/Royal-Ransomware.jpg?fit=1200%2C1075&ssl=1&resize=1050%2C600 3x"},"classes":[]},{"id":3593,"url":"https:\/\/mouillere.com\/universconvergents\/2020\/01\/28\/avis-du-conseil-detat-sur-la-reforme-des-retraites\/","url_meta":{"origin":1764,"position":1},"title":"AVIS DU CONSEIL D\u2019ETAT SUR LA R\u00c9FORME DES RETRAITES","author":"Fred","date":"28 janvier 2020","format":false,"excerpt":"Ma\u00eetre Patrick Lingib\u00e9, nouveau b\u00e2tonnier du barreau de la Guyane et vice-pr\u00e9sident de la Conf\u00e9rence des B\u00e2tonniers, pose un regard juridique, critique et responsable, loin des pol\u00e9miques, sur la r\u00e9forme des retraites suite \u00e0 l\u2019avis rendu par l\u2019assembl\u00e9e g\u00e9n\u00e9rale du Conseil d\u2019Etat le 16 et 22 janvier 2020. Si l\u2019avis\u2026","rel":"","context":"Dans &quot;Avocat&quot;","block_context":{"text":"Avocat","link":"https:\/\/mouillere.com\/universconvergents\/category\/avocat\/"},"img":{"alt_text":"","src":"","width":0,"height":0},"classes":[]},{"id":1695,"url":"https:\/\/mouillere.com\/universconvergents\/2016\/01\/27\/letat-durgence-maintenu-par-le-conseil-detat\/","url_meta":{"origin":1764,"position":2},"title":"L\u2019\u00e9tat d\u2019urgence maintenu par le Conseil d&#8217;Etat","author":"Fred","date":"27 janvier 2016","format":false,"excerpt":"La Ligue des droits de l\u2019homme (LDH) a demand\u00e9 au juge des r\u00e9f\u00e9r\u00e9s du Conseil d\u2019\u00c9tat de suspendre lui-m\u00eame l\u2019\u00e9tat d\u2019urgence et \u00e0 d\u00e9faut, d\u2019ordonner au Pr\u00e9sident de la R\u00e9publique d\u2019y mettre fin. S\u2019agissant de la premi\u00e8re demande, le juge des r\u00e9f\u00e9r\u00e9s rappelle que c\u2019est la loi qui a d\u00e9cid\u00e9\u2026","rel":"","context":"Dans &quot;Cybers\u00e9curit\u00e9&quot;","block_context":{"text":"Cybers\u00e9curit\u00e9","link":"https:\/\/mouillere.com\/universconvergents\/category\/it\/cybersecurite\/"},"img":{"alt_text":"","src":"https:\/\/i0.wp.com\/mouillere.com\/universconvergents\/wp-content\/uploads\/2015\/07\/gavel.jpg?fit=600%2C384&ssl=1&resize=350%2C200","width":350,"height":200,"srcset":"https:\/\/i0.wp.com\/mouillere.com\/universconvergents\/wp-content\/uploads\/2015\/07\/gavel.jpg?fit=600%2C384&ssl=1&resize=350%2C200 1x, https:\/\/i0.wp.com\/mouillere.com\/universconvergents\/wp-content\/uploads\/2015\/07\/gavel.jpg?fit=600%2C384&ssl=1&resize=525%2C300 1.5x"},"classes":[]},{"id":1856,"url":"https:\/\/mouillere.com\/universconvergents\/2016\/02\/20\/etat-durgence-le-conseil-constitutionnel-censure-la-copie-des-donnees-informatiques\/","url_meta":{"origin":1764,"position":3},"title":"\u00c9tat d\u2019urgence\u00a0: le Conseil constitutionnel censure la copie des donn\u00e9es informatiques","author":"Fred","date":"20 f\u00e9vrier 2016","format":false,"excerpt":"Patatras\u00a0! Le Conseil constitutionnel vient de d\u00e9clarer inconstitutionnelle une disposition de la loi sur l\u2019\u00e9tat d\u2019urgence, celle qui permettait la copie des donn\u00e9es informatiques des lieux perquisitionn\u00e9s. Une mesure introduite apr\u00e8s les attentats du Bataclan, mais incompatible avec la D\u00e9claration des droits de l'Homme et du Citoyen. http:\/\/www.nextinpact.com\/news\/98633-etat-d-urgence-conseil-constitutionnel-censure-copie-donnees-informatiques.htm http:\/\/www.conseil-constitutionnel.fr\/conseil-constitutionnel\/francais\/les-decisions\/acces-par-date\/decisions-depuis-1959\/2016\/2016-536-qpc\/decision-n-2016-536-qpc-du-19-fevrier-2016.146991.html","rel":"","context":"Dans &quot;Cybers\u00e9curit\u00e9&quot;","block_context":{"text":"Cybers\u00e9curit\u00e9","link":"https:\/\/mouillere.com\/universconvergents\/category\/it\/cybersecurite\/"},"img":{"alt_text":"","src":"https:\/\/i0.wp.com\/mouillere.com\/universconvergents\/wp-content\/uploads\/2015\/07\/4617357_3_b22e_sur-les-reseaux-sociaux-de-nombreux_62ff6ca6b01b759840f332412aece338.jpg?fit=534%2C267&ssl=1&resize=350%2C200","width":350,"height":200,"srcset":"https:\/\/i0.wp.com\/mouillere.com\/universconvergents\/wp-content\/uploads\/2015\/07\/4617357_3_b22e_sur-les-reseaux-sociaux-de-nombreux_62ff6ca6b01b759840f332412aece338.jpg?fit=534%2C267&ssl=1&resize=350%2C200 1x, https:\/\/i0.wp.com\/mouillere.com\/universconvergents\/wp-content\/uploads\/2015\/07\/4617357_3_b22e_sur-les-reseaux-sociaux-de-nombreux_62ff6ca6b01b759840f332412aece338.jpg?fit=534%2C267&ssl=1&resize=525%2C300 1.5x"},"classes":[]},{"id":6926,"url":"https:\/\/mouillere.com\/universconvergents\/2026\/01\/13\/legal-privilege-des-juristes-ou-quand-les-juristes-se-prennent-pour-des-avocats\/","url_meta":{"origin":1764,"position":4},"title":"Legal privilege des juristes ou quand les juristes se prennent pour des avocats","author":"Fred","date":"13 janvier 2026","format":false,"excerpt":"Le S\u00e9nat d\u00e9bat actuellement sur la proposition de loi controvers\u00e9e relative \u00e0 la confidentialit\u00e9 des consultations juridiques r\u00e9dig\u00e9es par les juristes d'entreprise qui a pour objectif de renforcer la souverainet\u00e9 \u00e9conomique de la France en alignant le droit national sur les pratiques de ses principaux partenaires \u00e9conomiques, et de s\u00e9curiser\u2026","rel":"","context":"Dans &quot;Avocat&quot;","block_context":{"text":"Avocat","link":"https:\/\/mouillere.com\/universconvergents\/category\/avocat\/"},"img":{"alt_text":"","src":"https:\/\/i0.wp.com\/mouillere.com\/universconvergents\/wp-content\/uploads\/2026\/01\/Legal-Privilege.jpg?fit=1024%2C768&ssl=1&resize=350%2C200","width":350,"height":200,"srcset":"https:\/\/i0.wp.com\/mouillere.com\/universconvergents\/wp-content\/uploads\/2026\/01\/Legal-Privilege.jpg?fit=1024%2C768&ssl=1&resize=350%2C200 1x, https:\/\/i0.wp.com\/mouillere.com\/universconvergents\/wp-content\/uploads\/2026\/01\/Legal-Privilege.jpg?fit=1024%2C768&ssl=1&resize=525%2C300 1.5x, https:\/\/i0.wp.com\/mouillere.com\/universconvergents\/wp-content\/uploads\/2026\/01\/Legal-Privilege.jpg?fit=1024%2C768&ssl=1&resize=700%2C400 2x"},"classes":[]},{"id":1593,"url":"https:\/\/mouillere.com\/universconvergents\/2015\/12\/23\/etat-durgence-les-sages-valident-le-dispositif-des-assignations-a-residence\/","url_meta":{"origin":1764,"position":5},"title":"\u00c9tat d\u2019urgence : les Sages valident le dispositif des assignations \u00e0 r\u00e9sidence","author":"Fred","date":"23 d\u00e9cembre 2015","format":false,"excerpt":"Le Conseil constitutionnel a valid\u00e9 les dispositions de la loi sur l\u2019\u00e9tat d\u2019urgence relatives aux assignations \u00e0 r\u00e9sidence, en les encadrant. Il a envoy\u00e9, \u00e0 cette occasion, des messages au gouvernement et au juge administratif. https:\/\/www.contexte.com\/article\/public\/etat-durgence-les-sages-valident-le-dispositif-des-assignations-a-residence_47736.html http:\/\/www.conseil-constitutionnel.fr\/conseil-constitutionnel\/francais\/les-decisions\/acces-par-date\/decisions-depuis-1959\/2015\/2015-527-qpc\/decision-n-2015-527-qpcdu-22-decembre-2015.146719.html","rel":"","context":"Dans &quot;Cybers\u00e9curit\u00e9&quot;","block_context":{"text":"Cybers\u00e9curit\u00e9","link":"https:\/\/mouillere.com\/universconvergents\/category\/it\/cybersecurite\/"},"img":{"alt_text":"","src":"https:\/\/i0.wp.com\/mouillere.com\/universconvergents\/wp-content\/uploads\/2015\/07\/4617357_3_b22e_sur-les-reseaux-sociaux-de-nombreux_62ff6ca6b01b759840f332412aece338.jpg?fit=534%2C267&ssl=1&resize=350%2C200","width":350,"height":200,"srcset":"https:\/\/i0.wp.com\/mouillere.com\/universconvergents\/wp-content\/uploads\/2015\/07\/4617357_3_b22e_sur-les-reseaux-sociaux-de-nombreux_62ff6ca6b01b759840f332412aece338.jpg?fit=534%2C267&ssl=1&resize=350%2C200 1x, https:\/\/i0.wp.com\/mouillere.com\/universconvergents\/wp-content\/uploads\/2015\/07\/4617357_3_b22e_sur-les-reseaux-sociaux-de-nombreux_62ff6ca6b01b759840f332412aece338.jpg?fit=534%2C267&ssl=1&resize=525%2C300 1.5x"},"classes":[]}],"_links":{"self":[{"href":"https:\/\/mouillere.com\/universconvergents\/wp-json\/wp\/v2\/posts\/1764","targetHints":{"allow":["GET"]}}],"collection":[{"href":"https:\/\/mouillere.com\/universconvergents\/wp-json\/wp\/v2\/posts"}],"about":[{"href":"https:\/\/mouillere.com\/universconvergents\/wp-json\/wp\/v2\/types\/post"}],"author":[{"embeddable":true,"href":"https:\/\/mouillere.com\/universconvergents\/wp-json\/wp\/v2\/users\/1"}],"replies":[{"embeddable":true,"href":"https:\/\/mouillere.com\/universconvergents\/wp-json\/wp\/v2\/comments?post=1764"}],"version-history":[{"count":1,"href":"https:\/\/mouillere.com\/universconvergents\/wp-json\/wp\/v2\/posts\/1764\/revisions"}],"predecessor-version":[{"id":1766,"href":"https:\/\/mouillere.com\/universconvergents\/wp-json\/wp\/v2\/posts\/1764\/revisions\/1766"}],"wp:featuredmedia":[{"embeddable":true,"href":"https:\/\/mouillere.com\/universconvergents\/wp-json\/wp\/v2\/media\/1765"}],"wp:attachment":[{"href":"https:\/\/mouillere.com\/universconvergents\/wp-json\/wp\/v2\/media?parent=1764"}],"wp:term":[{"taxonomy":"category","embeddable":true,"href":"https:\/\/mouillere.com\/universconvergents\/wp-json\/wp\/v2\/categories?post=1764"},{"taxonomy":"post_tag","embeddable":true,"href":"https:\/\/mouillere.com\/universconvergents\/wp-json\/wp\/v2\/tags?post=1764"}],"curies":[{"name":"wp","href":"https:\/\/api.w.org\/{rel}","templated":true}]}}