{"id":192,"date":"2015-06-17T10:08:14","date_gmt":"2015-06-17T09:08:14","guid":{"rendered":"http:\/\/mouillere.com\/universconvergents\/?p=192"},"modified":"2015-06-23T10:09:58","modified_gmt":"2015-06-23T09:09:58","slug":"case-c-20315-tele2-sverige-swedish-data-retention-despite-digital-rights-ireland","status":"publish","type":"post","link":"https:\/\/mouillere.com\/universconvergents\/2015\/06\/17\/case-c-20315-tele2-sverige-swedish-data-retention-despite-digital-rights-ireland\/","title":{"rendered":"Case C-203\/15, Tele2 Sverige \u2013 Swedish data retention despite Digital Rights Ireland"},"content":{"rendered":"<p>Telecoms companies were legally required to store data traffic until the CJEU\u2019s judgment in Digital Rights Ireland. The CJEU annulled the EU\u2019s Data Retention Directive for being incompatible with the EU Charter. Nevertheless, Swedish telecoms companies are still being required to store data. The legal basis for this is an earlier EU Directive, which had been amended by the Data Retention Directive. Is this regulatory approach compatible with the EU Charter?<br \/>\n<a href=\"http:\/\/eulawradar.com\/case-c-20315-tele2-sverige-swedish-data-retention-despite-digital-rights-ireland\/\" target=\"_blank\">http:\/\/eulawradar.com\/case-c-20315-tele2-sverige-swedish-data-retention-despite-digital-rights-ireland\/<\/a><\/p>\n<p><a href=\"http:\/\/curia.europa.eu\/juris\/document\/document.jsf?text=&amp;docid=165124&amp;pageIndex=0&amp;doclang=FR&amp;mode=lst&amp;dir=&amp;occ=first&amp;part=1&amp;cid=215973\" target=\"_blank\">http:\/\/curia.europa.eu\/juris\/document\/document.jsf?text=&amp;docid=165124&amp;pageIndex=0&amp;doclang=FR&amp;mode=lst&amp;dir=&amp;occ=first&amp;part=1&amp;cid=215973<\/a><\/p>\n","protected":false},"excerpt":{"rendered":"<p>Telecoms companies were legally required to store data traffic until the CJEU\u2019s judgment in Digital Rights Ireland. The CJEU annulled the EU\u2019s Data Retention Directive for being incompatible with the&hellip; <\/p>\n","protected":false},"author":1,"featured_media":193,"comment_status":"open","ping_status":"open","sticky":false,"template":"","format":"standard","meta":{"_jetpack_memberships_contains_paid_content":false,"footnotes":"","jetpack_publicize_message":"","jetpack_publicize_feature_enabled":true,"jetpack_social_post_already_shared":true,"jetpack_social_options":{"image_generator_settings":{"template":"highway","default_image_id":0,"font":"","enabled":false},"version":2}},"categories":[16],"tags":[],"class_list":["post-192","post","type-post","status-publish","format-standard","has-post-thumbnail","hentry","category-donnees-personnelles"],"jetpack_publicize_connections":[],"jetpack_featured_media_url":"https:\/\/i0.wp.com\/mouillere.com\/universconvergents\/wp-content\/uploads\/2015\/06\/Unknown-2.jpeg?fit=298%2C169&ssl=1","jetpack_sharing_enabled":true,"jetpack_shortlink":"https:\/\/wp.me\/p6jw1p-36","jetpack-related-posts":[{"id":622,"url":"https:\/\/mouillere.com\/universconvergents\/2015\/07\/29\/european-commission-will-monitor-existing-eu-data-retention-laws\/","url_meta":{"origin":192,"position":0},"title":"European Commission will \u201cmonitor\u201d existing EU data retention laws","author":"Fred","date":"29 juillet 2015","format":false,"excerpt":"The European Commission (EC) told EDRi that it \u201cwill continue monitoring legislative developments at the national level\u201d regarding the existence of data retention laws in EU Member States. The EC provided this non-committal response to the letter we sent on 2 July 2015, asking the Commission to investigate illegal data\u2026","rel":"","context":"Dans &quot;Donn\u00e9es personnelles&quot;","block_context":{"text":"Donn\u00e9es personnelles","link":"https:\/\/mouillere.com\/universconvergents\/category\/it\/donnees-personnelles\/"},"img":{"alt_text":"","src":"https:\/\/i0.wp.com\/mouillere.com\/universconvergents\/wp-content\/uploads\/2015\/06\/2000px-Brussels_EU.svg_.png?fit=1153%2C1200&ssl=1&resize=350%2C200","width":350,"height":200,"srcset":"https:\/\/i0.wp.com\/mouillere.com\/universconvergents\/wp-content\/uploads\/2015\/06\/2000px-Brussels_EU.svg_.png?fit=1153%2C1200&ssl=1&resize=350%2C200 1x, https:\/\/i0.wp.com\/mouillere.com\/universconvergents\/wp-content\/uploads\/2015\/06\/2000px-Brussels_EU.svg_.png?fit=1153%2C1200&ssl=1&resize=525%2C300 1.5x, https:\/\/i0.wp.com\/mouillere.com\/universconvergents\/wp-content\/uploads\/2015\/06\/2000px-Brussels_EU.svg_.png?fit=1153%2C1200&ssl=1&resize=700%2C400 2x, https:\/\/i0.wp.com\/mouillere.com\/universconvergents\/wp-content\/uploads\/2015\/06\/2000px-Brussels_EU.svg_.png?fit=1153%2C1200&ssl=1&resize=1050%2C600 3x"},"classes":[]},{"id":463,"url":"https:\/\/mouillere.com\/universconvergents\/2015\/07\/22\/uk-high-court-rules-against-data-retention-rules\/","url_meta":{"origin":192,"position":1},"title":"UK High Court rules against data retention rules","author":"Fred","date":"22 juillet 2015","format":false,"excerpt":"The UK\u2019s High Court has ruled that parts of the controversial surveillance law, the Data Retention and Investigatory Powers Act (DRIPA), violated article 7 and 8 of the European Convention on Human Rights and the personal data protection laws. The EFJ affiliate in the UK, the National Union of Journalists\u2026","rel":"","context":"Dans &quot;Cybers\u00e9curit\u00e9&quot;","block_context":{"text":"Cybers\u00e9curit\u00e9","link":"https:\/\/mouillere.com\/universconvergents\/category\/it\/cybersecurite\/"},"img":{"alt_text":"","src":"https:\/\/i0.wp.com\/mouillere.com\/universconvergents\/wp-content\/uploads\/2015\/07\/Capture-d%E2%80%99%C3%A9cran-2015-07-23-%C3%A0-14.44.31.jpg?fit=1200%2C681&ssl=1&resize=350%2C200","width":350,"height":200,"srcset":"https:\/\/i0.wp.com\/mouillere.com\/universconvergents\/wp-content\/uploads\/2015\/07\/Capture-d%E2%80%99%C3%A9cran-2015-07-23-%C3%A0-14.44.31.jpg?fit=1200%2C681&ssl=1&resize=350%2C200 1x, https:\/\/i0.wp.com\/mouillere.com\/universconvergents\/wp-content\/uploads\/2015\/07\/Capture-d%E2%80%99%C3%A9cran-2015-07-23-%C3%A0-14.44.31.jpg?fit=1200%2C681&ssl=1&resize=525%2C300 1.5x, https:\/\/i0.wp.com\/mouillere.com\/universconvergents\/wp-content\/uploads\/2015\/07\/Capture-d%E2%80%99%C3%A9cran-2015-07-23-%C3%A0-14.44.31.jpg?fit=1200%2C681&ssl=1&resize=700%2C400 2x, https:\/\/i0.wp.com\/mouillere.com\/universconvergents\/wp-content\/uploads\/2015\/07\/Capture-d%E2%80%99%C3%A9cran-2015-07-23-%C3%A0-14.44.31.jpg?fit=1200%2C681&ssl=1&resize=1050%2C600 3x"},"classes":[]},{"id":238,"url":"https:\/\/mouillere.com\/universconvergents\/2015\/06\/19\/privacy-watchdogs-question-german-data-retention-law-proposals\/","url_meta":{"origin":192,"position":2},"title":"Privacy watchdogs question German data retention law proposals","author":"Fred","date":"19 juin 2015","format":false,"excerpt":"Privacy watchdogs in Germany have questioned whether proposed new data retention laws in the country are \"constitutional\". In a resolution adopted at a conference of Germany's data protection commissioners last week, concerns were raised about draft rules which would impose new requirements on telecoms companies to retain 'traffic data' relevant\u2026","rel":"","context":"Dans &quot;Donn\u00e9es personnelles&quot;","block_context":{"text":"Donn\u00e9es personnelles","link":"https:\/\/mouillere.com\/universconvergents\/category\/it\/donnees-personnelles\/"},"img":{"alt_text":"","src":"","width":0,"height":0},"classes":[]},{"id":293,"url":"https:\/\/mouillere.com\/universconvergents\/2015\/07\/02\/eu-data-protection-reform-a-historic-opportunity-for-europe\/","url_meta":{"origin":192,"position":3},"title":"EU Data Protection Reform &#8211; A historic opportunity for Europe","author":"Fred","date":"2 juillet 2015","format":false,"excerpt":"The reform of EU data protection rules is a historic opportunity to adopt future-oriented standards that can inspire countries all around the world, said the European Data Protection Supervisor (EDPS) to the European Parliament's Committee on Civil Liberties, Justice and Home Affairs (LIBE) on the presentation of his Annual Report\u2026","rel":"","context":"Dans &quot;Donn\u00e9es personnelles&quot;","block_context":{"text":"Donn\u00e9es personnelles","link":"https:\/\/mouillere.com\/universconvergents\/category\/it\/donnees-personnelles\/"},"img":{"alt_text":"","src":"","width":0,"height":0},"classes":[]},{"id":688,"url":"https:\/\/mouillere.com\/universconvergents\/2015\/06\/25\/personal-data-processing-for-behavioural-targeting-which-legal-basis\/","url_meta":{"origin":192,"position":4},"title":"Personal data processing for behavioural targeting &#8211; Which legal basis?","author":"Fred","date":"25 juin 2015","format":false,"excerpt":"The European Union Charter of Fundamental Rights only allows personal data processing if a data controller has a legal basis for the processing. This paper argues that, in most circumstances, the only available legal basis for the processing of personal data for behavioural targeting is the data subject's unambiguous consent.\u2026","rel":"","context":"Dans &quot;Donn\u00e9es personnelles&quot;","block_context":{"text":"Donn\u00e9es personnelles","link":"https:\/\/mouillere.com\/universconvergents\/category\/it\/donnees-personnelles\/"},"img":{"alt_text":"","src":"","width":0,"height":0},"classes":[]},{"id":3114,"url":"https:\/\/mouillere.com\/universconvergents\/2019\/10\/14\/competition-policy-for-the-digital-era\/","url_meta":{"origin":192,"position":5},"title":"Competition policy for the digital era","author":"Fred","date":"14 octobre 2019","format":false,"excerpt":"This report explores how competition policy should evolve to continue to promote pro-consumer innovation in the digital age. What are the main specific features of digital markets ? 3 key characteristics of the digital economy: The cost of production of digital services is much less than proportional to the number\u2026","rel":"","context":"Dans &quot;Big Data&quot;","block_context":{"text":"Big Data","link":"https:\/\/mouillere.com\/universconvergents\/category\/it\/big-data\/"},"img":{"alt_text":"","src":"","width":0,"height":0},"classes":[]}],"_links":{"self":[{"href":"https:\/\/mouillere.com\/universconvergents\/wp-json\/wp\/v2\/posts\/192","targetHints":{"allow":["GET"]}}],"collection":[{"href":"https:\/\/mouillere.com\/universconvergents\/wp-json\/wp\/v2\/posts"}],"about":[{"href":"https:\/\/mouillere.com\/universconvergents\/wp-json\/wp\/v2\/types\/post"}],"author":[{"embeddable":true,"href":"https:\/\/mouillere.com\/universconvergents\/wp-json\/wp\/v2\/users\/1"}],"replies":[{"embeddable":true,"href":"https:\/\/mouillere.com\/universconvergents\/wp-json\/wp\/v2\/comments?post=192"}],"version-history":[{"count":1,"href":"https:\/\/mouillere.com\/universconvergents\/wp-json\/wp\/v2\/posts\/192\/revisions"}],"predecessor-version":[{"id":194,"href":"https:\/\/mouillere.com\/universconvergents\/wp-json\/wp\/v2\/posts\/192\/revisions\/194"}],"wp:featuredmedia":[{"embeddable":true,"href":"https:\/\/mouillere.com\/universconvergents\/wp-json\/wp\/v2\/media\/193"}],"wp:attachment":[{"href":"https:\/\/mouillere.com\/universconvergents\/wp-json\/wp\/v2\/media?parent=192"}],"wp:term":[{"taxonomy":"category","embeddable":true,"href":"https:\/\/mouillere.com\/universconvergents\/wp-json\/wp\/v2\/categories?post=192"},{"taxonomy":"post_tag","embeddable":true,"href":"https:\/\/mouillere.com\/universconvergents\/wp-json\/wp\/v2\/tags?post=192"}],"curies":[{"name":"wp","href":"https:\/\/api.w.org\/{rel}","templated":true}]}}