{"id":2329,"date":"2017-05-08T12:11:39","date_gmt":"2017-05-08T11:11:39","guid":{"rendered":"http:\/\/mouillere.com\/universconvergents\/?p=2329"},"modified":"2020-04-02T04:02:47","modified_gmt":"2020-04-02T03:02:47","slug":"les-lignes-directrices-du-g29-pour-faciliter-la-mise-en-oeuvre-du-reglement-general-sur-la-protection-des-donnees","status":"publish","type":"post","link":"https:\/\/mouillere.com\/universconvergents\/2017\/05\/08\/les-lignes-directrices-du-g29-pour-faciliter-la-mise-en-oeuvre-du-reglement-general-sur-la-protection-des-donnees\/","title":{"rendered":"Les lignes directrices du G29 pour faciliter la mise en oeuvre du R\u00e8glement g\u00e9n\u00e9ral sur la protection des donn\u00e9es"},"content":{"rendered":"<p>Lors de sa derni\u00e8re assembl\u00e9e pl\u00e9ni\u00e8re du 4 et 5 avril 2017, le G29 a adopt\u00e9 des lignes directrices pour faciliter la mise en oeuvre\u00a0du R\u00e8glement g\u00e9n\u00e9ral sur la protection des donn\u00e9es qui entrera en vigueur le 25 mai 2018.<\/p>\n<p><!--more--><\/p>\n<p>Le G29 a adopt\u00e9 la version d\u00e9finitive de ses premi\u00e8res lignes directrices \u00e0 destination des professionnels sur la portabilit\u00e9 des donn\u00e9es, les d\u00e9l\u00e9gu\u00e9s \u00e0 la protection des donn\u00e9es et l\u2019autorit\u00e9 chef de file, ainsi qu\u2019une premi\u00e8re version de lignes directrices sur les \u00e9tudes d\u2019impact vie priv\u00e9e qui sera soumise \u00e0 consultation publique jusqu\u2019au 23 mai. Le G29 s\u2019est \u00e9galement int\u00e9ress\u00e9 \u00e0 l\u2019accord USA-UE du Bouclier de confidentialit\u00e9. Il a enfin adopt\u00e9 plusieurs avis dont celui relatif au projet de r\u00e8glement europ\u00e9en e-privacy.<\/p>\n<p>Le G29 a d\u00e9cid\u00e9 de la publication, sur le site du G29 et sur les sites des autorit\u00e9s de r\u00e9gulation nationales, d\u2019un formulaire sp\u00e9cifique pour les individus pour leur permettre d\u2019exercer, aupr\u00e8s du m\u00e9diateur am\u00e9ricain, leur droit d\u2019acc\u00e8s aux donn\u00e9es personnelles qui seraient trait\u00e9es par les agences am\u00e9ricaines de renseignement pour des motifs de s\u00e9curit\u00e9 nationale.\u00a0Le G29 a \u00e9galement adopt\u00e9 une lettre publique \u00e0 propos de Yahoo \u00e0 destination du bureau du directeur du renseignement am\u00e9ricain (ODNI) afin d\u2019obtenir des informations compl\u00e9mentaires sur le fondement juridique et les motivations des activit\u00e9s de surveillance des autorit\u00e9s am\u00e9ricaines sur les sujets de droit europ\u00e9ens.<\/p>\n<p>Le G29 a accueilli favorablement la proposition d\u2019un r\u00e8glement sur la e-privacy qui int\u00e8gre notamment que les OTT soient sur un pied d\u2019\u00e9galit\u00e9 avec les op\u00e9rateurs t\u00e9l\u00e9coms sur le plan des obligations de confidentialit\u00e9. Les autorit\u00e9s de protection des donn\u00e9es ont \u00e9galement exprim\u00e9 leur inqui\u00e9tude sur le Wifi tracking, l\u2019analyse du contenu et des m\u00e9tadata, les murs de tracking (tracking wall) et la protection de la vie priv\u00e9e par d\u00e9faut (privacy by default) dans les terminaux et logiciels.<\/p>\n<p>Enfin, un avis sur la surveillance des salari\u00e9s est en pr\u00e9paration et il traitera de la protection des donn\u00e9es personnelles relative \u00e0 l&#8217;utilisation des r\u00e9seaux sociaux dans les processus de recrutement ou apr\u00e8s le d\u00e9part du salari\u00e9 de son entreprise, aux outils visant \u00e0 pr\u00e9venir la perte de donn\u00e9es pour des motifs de s\u00e9curit\u00e9 informatique, \u00e0 la g\u00e9olocalisation pour suivre le d\u00e9placement des personnes ou des biens, ou encore \u00e0 l\u2019effacement progressif de la fronti\u00e8re entre domicile et travail \u00e0 mesure que les salari\u00e9s travaillent davantage \u00e0 distance ou utilisent le BYOD (bring your own device).<\/p>\n<p><a href=\"https:\/\/www.cnil.fr\/fr\/communique-de-presse-pleniere-du-g29-davril-2017\">https:\/\/www.cnil.fr\/fr\/communique-de-presse-pleniere-du-g29-davril-2017<\/a><\/p>\n<p><a href=\"https:\/\/www.cnil.fr\/fr\/reglement-europeen\/lignes-directrices\">https:\/\/www.cnil.fr\/fr\/reglement-europeen\/lignes-directrices<\/a><\/p>\n<iframe src=\"\/\/docs.google.com\/viewer?url=https%3A%2F%2Fmouillere.com%2Funiversconvergents%2Fwp-content%2Fuploads%2F2017%2F05%2FPORTABILIT%C3%89.pdf&hl=fr&embedded=true\" class=\"gde-frame\" style=\"width:100%; height:500px; border: none;\" scrolling=\"no\"><\/iframe>\n<p class=\"gde-text\"><a href=\"https:\/\/mouillere.com\/universconvergents\/wp-content\/uploads\/2017\/05\/PORTABILIT\u00c9.pdf\" class=\"gde-link\">T\u00e9l\u00e9charger (PDF, 400KB)<\/a><\/p>\n<iframe src=\"\/\/docs.google.com\/viewer?url=https%3A%2F%2Fmouillere.com%2Funiversconvergents%2Fwp-content%2Fuploads%2F2017%2F05%2FAUTORIT%C3%89-CHEF-DE-FILE.pdf&hl=fr&embedded=true\" class=\"gde-frame\" style=\"width:100%; height:500px; border: none;\" scrolling=\"no\"><\/iframe>\n<p class=\"gde-text\"><a href=\"https:\/\/mouillere.com\/universconvergents\/wp-content\/uploads\/2017\/05\/AUTORIT\u00c9-CHEF-DE-FILE.pdf\" class=\"gde-link\">T\u00e9l\u00e9charger (PDF, 412KB)<\/a><\/p>\n<iframe src=\"\/\/docs.google.com\/viewer?url=https%3A%2F%2Fmouillere.com%2Funiversconvergents%2Fwp-content%2Fuploads%2F2017%2F05%2FD%C3%89L%C3%89GU%C3%89-%C3%80-LA-PROTECTION-DES-DONN%C3%89ES.pdf&hl=fr&embedded=true\" class=\"gde-frame\" style=\"width:100%; height:500px; border: none;\" scrolling=\"no\"><\/iframe>\n<p class=\"gde-text\"><a href=\"https:\/\/mouillere.com\/universconvergents\/wp-content\/uploads\/2017\/05\/D\u00c9L\u00c9GU\u00c9-\u00c0-LA-PROTECTION-DES-DONN\u00c9ES.pdf\" class=\"gde-link\">T\u00e9l\u00e9charger (PDF, 1.08Mo)<\/a><\/p>\n<iframe src=\"\/\/docs.google.com\/viewer?url=https%3A%2F%2Fmouillere.com%2Funiversconvergents%2Fwp-content%2Fuploads%2F2017%2F05%2FANALYSE-D%E2%80%99IMPACT.pdf&hl=fr&embedded=true\" class=\"gde-frame\" style=\"width:100%; height:500px; border: none;\" scrolling=\"no\"><\/iframe>\n<p class=\"gde-text\"><a href=\"https:\/\/mouillere.com\/universconvergents\/wp-content\/uploads\/2017\/05\/ANALYSE-D\u2019IMPACT.pdf\" class=\"gde-link\">T\u00e9l\u00e9charger (PDF, 931KB)<\/a><\/p>\n<p>&nbsp;<\/p>\n","protected":false},"excerpt":{"rendered":"<p>Lors de sa derni\u00e8re assembl\u00e9e pl\u00e9ni\u00e8re du 4 et 5 avril 2017, le G29 a adopt\u00e9 des lignes directrices pour faciliter la mise en oeuvre\u00a0du R\u00e8glement g\u00e9n\u00e9ral sur la protection&hellip; <\/p>\n","protected":false},"author":1,"featured_media":193,"comment_status":"closed","ping_status":"open","sticky":false,"template":"","format":"standard","meta":{"_jetpack_memberships_contains_paid_content":false,"footnotes":"","jetpack_publicize_message":"","jetpack_publicize_feature_enabled":true,"jetpack_social_post_already_shared":true,"jetpack_social_options":{"image_generator_settings":{"template":"highway","default_image_id":0,"font":"","enabled":false},"version":2}},"categories":[16],"tags":[48,5],"class_list":["post-2329","post","type-post","status-publish","format-standard","has-post-thumbnail","hentry","category-donnees-personnelles","tag-cnil","tag-ott"],"jetpack_publicize_connections":[],"jetpack_featured_media_url":"https:\/\/i0.wp.com\/mouillere.com\/universconvergents\/wp-content\/uploads\/2015\/06\/Unknown-2.jpeg?fit=298%2C169&ssl=1","jetpack_sharing_enabled":true,"jetpack_shortlink":"https:\/\/wp.me\/p6jw1p-Bz","jetpack-related-posts":[{"id":2221,"url":"https:\/\/mouillere.com\/universconvergents\/2017\/01\/03\/le-privacy-shield-et-le-g29\/","url_meta":{"origin":2329,"position":0},"title":"Le Privacy Shield et le G29","author":"Fred","date":"3 janvier 2017","format":false,"excerpt":"Apr\u00e8s l'affaire Snowden qui a r\u00e9v\u00e9l\u00e9 une surveillance massive des citoyens et autorit\u00e9s europ\u00e9ennes avec la complicit\u00e9 des grands op\u00e9rateurs de l'\u00e9conomie num\u00e9rique am\u00e9ricaine, il est difficile aujourd'hui d'\u00eatre rassur\u00e9 par la Commission europ\u00e9enne qui a jug\u00e9 le 12 juillet 2016 que\u00a0le niveau de s\u00e9curit\u00e9 du Privacy Shield \u00e9tait \u00e9quivalent\u2026","rel":"","context":"Dans &quot;Big Data&quot;","block_context":{"text":"Big Data","link":"https:\/\/mouillere.com\/universconvergents\/category\/it\/big-data\/"},"img":{"alt_text":"","src":"https:\/\/i0.wp.com\/mouillere.com\/universconvergents\/wp-content\/uploads\/2016\/07\/Privacy-Shield.jpg?fit=640%2C320&ssl=1&resize=350%2C200","width":350,"height":200,"srcset":"https:\/\/i0.wp.com\/mouillere.com\/universconvergents\/wp-content\/uploads\/2016\/07\/Privacy-Shield.jpg?fit=640%2C320&ssl=1&resize=350%2C200 1x, https:\/\/i0.wp.com\/mouillere.com\/universconvergents\/wp-content\/uploads\/2016\/07\/Privacy-Shield.jpg?fit=640%2C320&ssl=1&resize=525%2C300 1.5x"},"classes":[]},{"id":201,"url":"https:\/\/mouillere.com\/universconvergents\/2015\/06\/24\/projet-de-reglement-europeen-avis-du-g29-dans-la-perspective-du-trilogue\/","url_meta":{"origin":2329,"position":1},"title":"Projet de r\u00e8glement europ\u00e9en : avis du G29 dans la perspective du trilogue","author":"Fred","date":"24 juin 2015","format":false,"excerpt":"Le 15 juin, les ministres de la Justice de l'UE sont parvenus \u00e0 obtenir une approche g\u00e9n\u00e9rale sur le projet de r\u00e8glement propos\u00e9 par la Commission Europ\u00e9enne en janvier 2012. Les autorit\u00e9s de protection europ\u00e9ennes r\u00e9unies au sein du G29 saluent le fait que les trois institutions europ\u00e9ennes \u2013 la\u2026","rel":"","context":"Dans &quot;Donn\u00e9es personnelles&quot;","block_context":{"text":"Donn\u00e9es personnelles","link":"https:\/\/mouillere.com\/universconvergents\/category\/it\/donnees-personnelles\/"},"img":{"alt_text":"","src":"https:\/\/i0.wp.com\/mouillere.com\/universconvergents\/wp-content\/uploads\/2015\/06\/CILap8zWoAAIOQJ.jpg?fit=600%2C322&ssl=1&resize=350%2C200","width":350,"height":200,"srcset":"https:\/\/i0.wp.com\/mouillere.com\/universconvergents\/wp-content\/uploads\/2015\/06\/CILap8zWoAAIOQJ.jpg?fit=600%2C322&ssl=1&resize=350%2C200 1x, https:\/\/i0.wp.com\/mouillere.com\/universconvergents\/wp-content\/uploads\/2015\/06\/CILap8zWoAAIOQJ.jpg?fit=600%2C322&ssl=1&resize=525%2C300 1.5x"},"classes":[]},{"id":3761,"url":"https:\/\/mouillere.com\/universconvergents\/2020\/02\/26\/lignes-directrices-du-cepd-sur-la-surveillance-video\/","url_meta":{"origin":2329,"position":2},"title":"Lignes directrices du CEPD sur la surveillance vid\u00e9o","author":"Fred","date":"26 f\u00e9vrier 2020","format":false,"excerpt":"Le Comit\u00e9 Europ\u00e9en de la Protection des Donn\u00e9es (CEPD \/ ex-G29) vient de publier ses lignes directrices sur la vid\u00e9osurveillance et la vid\u00e9oprotection. La vid\u00e9osurveillance d\u00e9signe un dispositif de s\u00e9curit\u00e9 constitu\u00e9 de cam\u00e9ras qui filment les \u00e9v\u00e9nements qui se produisent dans un espace priv\u00e9, un domicile ou un local professionnel\u2026","rel":"","context":"Dans &quot;Donn\u00e9es personnelles&quot;","block_context":{"text":"Donn\u00e9es personnelles","link":"https:\/\/mouillere.com\/universconvergents\/category\/it\/donnees-personnelles\/"},"img":{"alt_text":"","src":"","width":0,"height":0},"classes":[]},{"id":280,"url":"https:\/\/mouillere.com\/universconvergents\/2015\/07\/02\/droit-au-dereferencement-bilan-du-g29-un-an-apres-larret-de-la-cjue\/","url_meta":{"origin":2329,"position":3},"title":"Droit au d\u00e9r\u00e9f\u00e9rencement : bilan du G29 un an apr\u00e8s l\u2019arr\u00eat de la CJUE","author":"Fred","date":"2 juillet 2015","format":false,"excerpt":"Un an apr\u00e8s l\u2019arr\u00eat et six mois apr\u00e8s l\u2019instruction des premi\u00e8res plaintes, le G29 a lanc\u00e9 un audit afin d\u2018\u00e9valuer les pratiques des autorit\u00e9s de protection des donn\u00e9es en mati\u00e8re de droit au d\u00e9r\u00e9f\u00e9rencement. http:\/\/actualitesdudroit.lamy.fr\/Accueil\/Articles\/tabid\/88\/articleType\/ArticleView\/articleId\/126501\/Default.aspx","rel":"","context":"Dans &quot;Donn\u00e9es personnelles&quot;","block_context":{"text":"Donn\u00e9es personnelles","link":"https:\/\/mouillere.com\/universconvergents\/category\/it\/donnees-personnelles\/"},"img":{"alt_text":"","src":"https:\/\/i0.wp.com\/mouillere.com\/universconvergents\/wp-content\/uploads\/2015\/07\/Infographie-Le_droit_au_dereferencement.png?fit=1034%2C1200&ssl=1&resize=350%2C200","width":350,"height":200,"srcset":"https:\/\/i0.wp.com\/mouillere.com\/universconvergents\/wp-content\/uploads\/2015\/07\/Infographie-Le_droit_au_dereferencement.png?fit=1034%2C1200&ssl=1&resize=350%2C200 1x, https:\/\/i0.wp.com\/mouillere.com\/universconvergents\/wp-content\/uploads\/2015\/07\/Infographie-Le_droit_au_dereferencement.png?fit=1034%2C1200&ssl=1&resize=525%2C300 1.5x, https:\/\/i0.wp.com\/mouillere.com\/universconvergents\/wp-content\/uploads\/2015\/07\/Infographie-Le_droit_au_dereferencement.png?fit=1034%2C1200&ssl=1&resize=700%2C400 2x"},"classes":[]},{"id":6558,"url":"https:\/\/mouillere.com\/universconvergents\/2025\/04\/16\/blockchain-rgpd\/","url_meta":{"origin":2329,"position":4},"title":"Blockchain &#038; RGPD","author":"Fred","date":"16 avril 2025","format":false,"excerpt":"Compte tenu des difficult\u00e9s que peuvent poser les technologies blockchain en mati\u00e8re de protection des donn\u00e9es personnelles, notamment concernant le droit de rectification et de suppression des donn\u00e9es, le Comit\u00e9 europ\u00e9en de la protection des donn\u00e9es (CEPD) vient de publier une premi\u00e8re version de ses lignes directrices en \u00e9valuant les\u2026","rel":"","context":"Dans &quot;Blockchain&quot;","block_context":{"text":"Blockchain","link":"https:\/\/mouillere.com\/universconvergents\/category\/it\/blockchain\/"},"img":{"alt_text":"","src":"https:\/\/i0.wp.com\/mouillere.com\/universconvergents\/wp-content\/uploads\/2025\/04\/2025-04-08-BlockchainRGPD.jpg?fit=1024%2C768&ssl=1&resize=350%2C200","width":350,"height":200,"srcset":"https:\/\/i0.wp.com\/mouillere.com\/universconvergents\/wp-content\/uploads\/2025\/04\/2025-04-08-BlockchainRGPD.jpg?fit=1024%2C768&ssl=1&resize=350%2C200 1x, https:\/\/i0.wp.com\/mouillere.com\/universconvergents\/wp-content\/uploads\/2025\/04\/2025-04-08-BlockchainRGPD.jpg?fit=1024%2C768&ssl=1&resize=525%2C300 1.5x, https:\/\/i0.wp.com\/mouillere.com\/universconvergents\/wp-content\/uploads\/2025\/04\/2025-04-08-BlockchainRGPD.jpg?fit=1024%2C768&ssl=1&resize=700%2C400 2x"},"classes":[]},{"id":2864,"url":"https:\/\/mouillere.com\/universconvergents\/2018\/11\/06\/liste-des-traitements-pour-lesquels-une-analyse-dimpact-relative-a-la-protection-des-donnees-aipd-est-requise\/","url_meta":{"origin":2329,"position":5},"title":"Liste des traitements pour lesquels une Analyse d\u2019Impact relative \u00e0 la Protection des Donn\u00e9es (AIPD) est requise","author":"Fred","date":"6 novembre 2018","format":false,"excerpt":"L\u2019article 35 du RGPD pr\u00e9voit la conduite d\u2019une analyse d\u2019impact relative \u00e0 la protection des donn\u00e9es (AIPD - Data Protection Impact Assessment ou PIA - Privacy Impact Assessment), lorsqu\u2019un traitement de donn\u00e9es personnelles est susceptible d'engendrer un risque \u00e9lev\u00e9 pour les droits et libert\u00e9s des personnes concern\u00e9es. Une AIPD doit\u2026","rel":"","context":"Dans &quot;Donn\u00e9es personnelles&quot;","block_context":{"text":"Donn\u00e9es personnelles","link":"https:\/\/mouillere.com\/universconvergents\/category\/it\/donnees-personnelles\/"},"img":{"alt_text":"","src":"https:\/\/i0.wp.com\/mouillere.com\/universconvergents\/wp-content\/uploads\/2018\/11\/171002_fiche_risque_fr_screen_rgb.jpg?fit=1200%2C848&ssl=1&resize=350%2C200","width":350,"height":200,"srcset":"https:\/\/i0.wp.com\/mouillere.com\/universconvergents\/wp-content\/uploads\/2018\/11\/171002_fiche_risque_fr_screen_rgb.jpg?fit=1200%2C848&ssl=1&resize=350%2C200 1x, https:\/\/i0.wp.com\/mouillere.com\/universconvergents\/wp-content\/uploads\/2018\/11\/171002_fiche_risque_fr_screen_rgb.jpg?fit=1200%2C848&ssl=1&resize=525%2C300 1.5x, https:\/\/i0.wp.com\/mouillere.com\/universconvergents\/wp-content\/uploads\/2018\/11\/171002_fiche_risque_fr_screen_rgb.jpg?fit=1200%2C848&ssl=1&resize=700%2C400 2x, https:\/\/i0.wp.com\/mouillere.com\/universconvergents\/wp-content\/uploads\/2018\/11\/171002_fiche_risque_fr_screen_rgb.jpg?fit=1200%2C848&ssl=1&resize=1050%2C600 3x"},"classes":[]}],"_links":{"self":[{"href":"https:\/\/mouillere.com\/universconvergents\/wp-json\/wp\/v2\/posts\/2329","targetHints":{"allow":["GET"]}}],"collection":[{"href":"https:\/\/mouillere.com\/universconvergents\/wp-json\/wp\/v2\/posts"}],"about":[{"href":"https:\/\/mouillere.com\/universconvergents\/wp-json\/wp\/v2\/types\/post"}],"author":[{"embeddable":true,"href":"https:\/\/mouillere.com\/universconvergents\/wp-json\/wp\/v2\/users\/1"}],"replies":[{"embeddable":true,"href":"https:\/\/mouillere.com\/universconvergents\/wp-json\/wp\/v2\/comments?post=2329"}],"version-history":[{"count":1,"href":"https:\/\/mouillere.com\/universconvergents\/wp-json\/wp\/v2\/posts\/2329\/revisions"}],"predecessor-version":[{"id":2335,"href":"https:\/\/mouillere.com\/universconvergents\/wp-json\/wp\/v2\/posts\/2329\/revisions\/2335"}],"wp:featuredmedia":[{"embeddable":true,"href":"https:\/\/mouillere.com\/universconvergents\/wp-json\/wp\/v2\/media\/193"}],"wp:attachment":[{"href":"https:\/\/mouillere.com\/universconvergents\/wp-json\/wp\/v2\/media?parent=2329"}],"wp:term":[{"taxonomy":"category","embeddable":true,"href":"https:\/\/mouillere.com\/universconvergents\/wp-json\/wp\/v2\/categories?post=2329"},{"taxonomy":"post_tag","embeddable":true,"href":"https:\/\/mouillere.com\/universconvergents\/wp-json\/wp\/v2\/tags?post=2329"}],"curies":[{"name":"wp","href":"https:\/\/api.w.org\/{rel}","templated":true}]}}