{"id":2340,"date":"2017-04-25T16:34:50","date_gmt":"2017-04-25T15:34:50","guid":{"rendered":"http:\/\/mouillere.com\/universconvergents\/?p=2340"},"modified":"2017-05-09T09:11:47","modified_gmt":"2017-05-09T08:11:47","slug":"le-projet-de-reglement-eprivacy-protege-til-assez-les-donnees-des-internautes","status":"publish","type":"post","link":"https:\/\/mouillere.com\/universconvergents\/2017\/04\/25\/le-projet-de-reglement-eprivacy-protege-til-assez-les-donnees-des-internautes\/","title":{"rendered":"Le projet de r\u00e8glement ePrivacy prot\u00e8ge-t&#8217;il assez les donn\u00e9es des internautes ?"},"content":{"rendered":"<p>Le contr\u00f4leur europ\u00e9en des donn\u00e9es personnelles a publi\u00e9 son avis sur le prochain r\u00e8glement ePrivacy cens\u00e9 garantir la confidentialit\u00e9 des communications notamment en contr\u00f4lant l&#8217;exploitation des m\u00e9tadonn\u00e9es et en renfor\u00e7ant le consentement de l&#8217;internaute et\u00a0l&#8217;obligation de signaler les fuites de donn\u00e9es.<\/p>\n<p><!--more--><\/p>\n<p>Le contr\u00f4leur demande notamment que soit prohib\u00e9 le blocage de\u00a0l&#8217;internaute s&#8217;il refuse le d\u00e9p\u00f4t de cookies sur son navigateur. Le consentement doit \u00eatre donn\u00e9 librement, et non sous la menace de ne pas pouvoir acc\u00e9der \u00e0 un contenu ou service.<\/p>\n<p><a href=\"https:\/\/www.nextinpact.com\/news\/104105-pour-controleur-europeen-projet-eprivacy-ne-protege-pas-assez-donnees-internautes.htm\">https:\/\/www.nextinpact.com\/news\/104105-pour-controleur-europeen-projet-eprivacy-ne-protege-pas-assez-donnees-internautes.htm<\/a><\/p>\n<iframe src=\"\/\/docs.google.com\/viewer?url=https%3A%2F%2Fmouillere.com%2Funiversconvergents%2Fwp-content%2Fuploads%2F2017%2F04%2FEDPS-Opinion.pdf&hl=fr&embedded=true\" class=\"gde-frame\" style=\"width:100%; height:500px; border: none;\" scrolling=\"no\"><\/iframe>\n<p class=\"gde-text\"><a href=\"https:\/\/mouillere.com\/universconvergents\/wp-content\/uploads\/2017\/04\/EDPS-Opinion.pdf\" class=\"gde-link\">T\u00e9l\u00e9charger (PDF, 1.71Mo)<\/a><\/p>\n","protected":false},"excerpt":{"rendered":"<p>Le contr\u00f4leur europ\u00e9en des donn\u00e9es personnelles a publi\u00e9 son avis sur le prochain r\u00e8glement ePrivacy cens\u00e9 garantir la confidentialit\u00e9 des communications notamment en contr\u00f4lant l&#8217;exploitation des m\u00e9tadonn\u00e9es et en renfor\u00e7ant&hellip; <\/p>\n","protected":false},"author":1,"featured_media":0,"comment_status":"closed","ping_status":"open","sticky":false,"template":"","format":"standard","meta":{"_jetpack_memberships_contains_paid_content":false,"footnotes":"","jetpack_publicize_message":"","jetpack_publicize_feature_enabled":true,"jetpack_social_post_already_shared":true,"jetpack_social_options":{"image_generator_settings":{"template":"highway","default_image_id":0,"font":"","enabled":false},"version":2}},"categories":[16],"tags":[],"class_list":["post-2340","post","type-post","status-publish","format-standard","hentry","category-donnees-personnelles"],"jetpack_publicize_connections":[],"jetpack_featured_media_url":"","jetpack_sharing_enabled":true,"jetpack_shortlink":"https:\/\/wp.me\/p6jw1p-BK","jetpack-related-posts":[{"id":6068,"url":"https:\/\/mouillere.com\/universconvergents\/2024\/07\/02\/meta-consent-or-pay\/","url_meta":{"origin":2340,"position":0},"title":"Meta : Consent or Pay","author":"Fred","date":"2 juillet 2024","format":false,"excerpt":"Le mod\u00e8le \u00e9conomique Consent or Pay de Meta impose aux utilisateurs de payer un abonnement\u00a0 pour acc\u00e9der \u00e0 sa plateforme sans publicit\u00e9 ou d'accepter la publicit\u00e9 cibl\u00e9e sur les r\u00e9seaux sociaux de Meta, Instagram et Facebook. La Commission Europ\u00e9enne estime que ce mod\u00e8le n'est pas conforme au r\u00e8glement europ\u00e9en Digital\u2026","rel":"","context":"Dans &quot;Donn\u00e9es personnelles&quot;","block_context":{"text":"Donn\u00e9es personnelles","link":"https:\/\/mouillere.com\/universconvergents\/category\/it\/donnees-personnelles\/"},"img":{"alt_text":"","src":"https:\/\/i0.wp.com\/mouillere.com\/universconvergents\/wp-content\/uploads\/2024\/07\/ConsentOrPay.jpeg?fit=1024%2C1024&ssl=1&resize=350%2C200","width":350,"height":200,"srcset":"https:\/\/i0.wp.com\/mouillere.com\/universconvergents\/wp-content\/uploads\/2024\/07\/ConsentOrPay.jpeg?fit=1024%2C1024&ssl=1&resize=350%2C200 1x, https:\/\/i0.wp.com\/mouillere.com\/universconvergents\/wp-content\/uploads\/2024\/07\/ConsentOrPay.jpeg?fit=1024%2C1024&ssl=1&resize=525%2C300 1.5x, https:\/\/i0.wp.com\/mouillere.com\/universconvergents\/wp-content\/uploads\/2024\/07\/ConsentOrPay.jpeg?fit=1024%2C1024&ssl=1&resize=700%2C400 2x"},"classes":[]},{"id":2413,"url":"https:\/\/mouillere.com\/universconvergents\/2017\/05\/30\/les-editeurs-de-presse-europeens-critiquent-la-proposition-de-reglement-eprivacy\/","url_meta":{"origin":2340,"position":1},"title":"Les \u00e9diteurs de presse europ\u00e9ens critiquent la proposition de r\u00e9glement ePrivacy","author":"Fred","date":"30 mai 2017","format":false,"excerpt":"En compl\u00e9ment du r\u00e8glement sur la protection des donn\u00e9es personnelles adopt\u00e9\u00a0en 2016, le parlement europ\u00e9en a pr\u00e9sent\u00e9\u00a0sa\u00a0\u00a0Proposition de r\u00e8glement ePrivacy concernant le respect de la vie priv\u00e9e et la protection des donn\u00e9es \u00e0 caract\u00e8re personnel dans les communications \u00e9lectroniques. Les\u00a0\u00e9diteurs soulignent leur\u00a0besoin de\u00a0donn\u00e9es num\u00e9riques g\u00e9n\u00e9r\u00e9es par les internautes\u00a0pour am\u00e9liorer leurs\u00a0offres\u2026","rel":"","context":"Dans &quot;Donn\u00e9es personnelles&quot;","block_context":{"text":"Donn\u00e9es personnelles","link":"https:\/\/mouillere.com\/universconvergents\/category\/it\/donnees-personnelles\/"},"img":{"alt_text":"","src":"https:\/\/i0.wp.com\/mouillere.com\/universconvergents\/wp-content\/uploads\/2017\/05\/eprivacy.png?fit=948%2C522&ssl=1&resize=350%2C200","width":350,"height":200,"srcset":"https:\/\/i0.wp.com\/mouillere.com\/universconvergents\/wp-content\/uploads\/2017\/05\/eprivacy.png?fit=948%2C522&ssl=1&resize=350%2C200 1x, https:\/\/i0.wp.com\/mouillere.com\/universconvergents\/wp-content\/uploads\/2017\/05\/eprivacy.png?fit=948%2C522&ssl=1&resize=525%2C300 1.5x, https:\/\/i0.wp.com\/mouillere.com\/universconvergents\/wp-content\/uploads\/2017\/05\/eprivacy.png?fit=948%2C522&ssl=1&resize=700%2C400 2x"},"classes":[]},{"id":590,"url":"https:\/\/mouillere.com\/universconvergents\/2015\/07\/28\/le-projet-de-reforme-sur-la-protection-des-donnees-critique-par-le-controleur-europeen\/","url_meta":{"origin":2340,"position":2},"title":"Le projet de r\u00e9forme sur la protection des donn\u00e9es critiqu\u00e9 par le Contr\u00f4leur europ\u00e9en","author":"Fred","date":"28 juillet 2015","format":false,"excerpt":"Giovanni Buttarelli, le Contr\u00f4leur europ\u00e9en de la protection des donn\u00e9es, a publi\u00e9, le 27 juillet, ses recommandations pour le projet de r\u00e8glement sur la protection des donn\u00e9es. A le suivre, Les propositions de r\u00e8glement sur la protection des donn\u00e9es du Parlement, de la Commission et du Conseil manquent de flexibilit\u00e9\u2026","rel":"","context":"Dans &quot;Cybers\u00e9curit\u00e9&quot;","block_context":{"text":"Cybers\u00e9curit\u00e9","link":"https:\/\/mouillere.com\/universconvergents\/category\/it\/cybersecurite\/"},"img":{"alt_text":"","src":"https:\/\/i0.wp.com\/mouillere.com\/universconvergents\/wp-content\/uploads\/2015\/06\/2000px-Brussels_EU.svg_.png?fit=1153%2C1200&ssl=1&resize=350%2C200","width":350,"height":200,"srcset":"https:\/\/i0.wp.com\/mouillere.com\/universconvergents\/wp-content\/uploads\/2015\/06\/2000px-Brussels_EU.svg_.png?fit=1153%2C1200&ssl=1&resize=350%2C200 1x, https:\/\/i0.wp.com\/mouillere.com\/universconvergents\/wp-content\/uploads\/2015\/06\/2000px-Brussels_EU.svg_.png?fit=1153%2C1200&ssl=1&resize=525%2C300 1.5x, https:\/\/i0.wp.com\/mouillere.com\/universconvergents\/wp-content\/uploads\/2015\/06\/2000px-Brussels_EU.svg_.png?fit=1153%2C1200&ssl=1&resize=700%2C400 2x, https:\/\/i0.wp.com\/mouillere.com\/universconvergents\/wp-content\/uploads\/2015\/06\/2000px-Brussels_EU.svg_.png?fit=1153%2C1200&ssl=1&resize=1050%2C600 3x"},"classes":[]},{"id":3552,"url":"https:\/\/mouillere.com\/universconvergents\/2020\/01\/15\/projet-de-recommandations-cnil-sur-la-publicite-ciblee\/","url_meta":{"origin":2340,"position":3},"title":"Projet de recommandations CNIL sur la publicit\u00e9 cibl\u00e9e","author":"Fred","date":"15 janvier 2020","format":false,"excerpt":"Apr\u00e8s six mois de concertation, la CNIL vient de publier son projet de recommandation relatif aux cookies et autres traceurs publicitaires afin d'\u00e9clairer les \u00e9diteurs sur les bonnes pratiques \u00e0 suivre en mati\u00e8re de d\u00e9p\u00f4t de cookies et de consentement de l\u2019internaute. La CNIL a d\u00e9j\u00e0 eu l'occasion de rappeler\u2026","rel":"","context":"Dans &quot;Donn\u00e9es personnelles&quot;","block_context":{"text":"Donn\u00e9es personnelles","link":"https:\/\/mouillere.com\/universconvergents\/category\/it\/donnees-personnelles\/"},"img":{"alt_text":"","src":"https:\/\/i0.wp.com\/mouillere.com\/universconvergents\/wp-content\/uploads\/2015\/06\/6640564215_b3dc3f033d.jpg?fit=450%2C287&ssl=1&resize=350%2C200","width":350,"height":200},"classes":[]},{"id":2453,"url":"https:\/\/mouillere.com\/universconvergents\/2017\/05\/16\/la-cnil-sanctionne-facebook\/","url_meta":{"origin":2340,"position":4},"title":"La CNIL sanctionne Facebook","author":"Fred","date":"16 mai 2017","format":false,"excerpt":"Facebook\u00a0devra r\u00e9gler une amende de 150 000 euros pour avoir combiner\u00a0massivement des donn\u00e9es personnelles des internautes \u00e0 des fins de ciblage publicitaire\u00a0et pour les avoir\u00a0trac\u00e9 \u00e0 leur insu sur des sites tiers via des cookies. \u00ab L\u2019information dispens\u00e9e via le bandeau d\u2019information relatif aux cookies est impr\u00e9cise\u00a0et\u00a0ne permet pas aux\u2026","rel":"","context":"Dans &quot;Donn\u00e9es personnelles&quot;","block_context":{"text":"Donn\u00e9es personnelles","link":"https:\/\/mouillere.com\/universconvergents\/category\/it\/donnees-personnelles\/"},"img":{"alt_text":"","src":"https:\/\/i0.wp.com\/mouillere.com\/universconvergents\/wp-content\/uploads\/2015\/06\/6640564215_b3dc3f033d.jpg?fit=450%2C287&ssl=1&resize=350%2C200","width":350,"height":200},"classes":[]},{"id":4934,"url":"https:\/\/mouillere.com\/universconvergents\/2021\/07\/08\/avis-du-edpb-sur-le-projet-de-reglement-ia\/","url_meta":{"origin":2340,"position":5},"title":"Avis du EDPB sur le projet de r\u00e8glement IA","author":"Fred","date":"8 juillet 2021","format":false,"excerpt":"La r\u00e9gulation de l'IA est le sujet le plus important pour l'avenir de l'humanit\u00e9. Next INpact rapporte que le Comit\u00e9 europ\u00e9en (EDPB) et le Contr\u00f4leur europ\u00e9en de la protection des donn\u00e9es (EDPS) viennent de rendre leur avis sur le projet de r\u00e8glement \u00e9tablissant des r\u00e8gles harmonis\u00e9es concernant l\u2019IA. Il s'agit\u2026","rel":"","context":"Dans &quot;Donn\u00e9es personnelles&quot;","block_context":{"text":"Donn\u00e9es personnelles","link":"https:\/\/mouillere.com\/universconvergents\/category\/it\/donnees-personnelles\/"},"img":{"alt_text":"","src":"https:\/\/i0.wp.com\/mouillere.com\/universconvergents\/wp-content\/uploads\/2021\/07\/Capture-decran-2021-07-09-a-10.36.12.jpg?fit=1200%2C457&ssl=1&resize=350%2C200","width":350,"height":200,"srcset":"https:\/\/i0.wp.com\/mouillere.com\/universconvergents\/wp-content\/uploads\/2021\/07\/Capture-decran-2021-07-09-a-10.36.12.jpg?fit=1200%2C457&ssl=1&resize=350%2C200 1x, https:\/\/i0.wp.com\/mouillere.com\/universconvergents\/wp-content\/uploads\/2021\/07\/Capture-decran-2021-07-09-a-10.36.12.jpg?fit=1200%2C457&ssl=1&resize=525%2C300 1.5x, https:\/\/i0.wp.com\/mouillere.com\/universconvergents\/wp-content\/uploads\/2021\/07\/Capture-decran-2021-07-09-a-10.36.12.jpg?fit=1200%2C457&ssl=1&resize=700%2C400 2x, https:\/\/i0.wp.com\/mouillere.com\/universconvergents\/wp-content\/uploads\/2021\/07\/Capture-decran-2021-07-09-a-10.36.12.jpg?fit=1200%2C457&ssl=1&resize=1050%2C600 3x"},"classes":[]}],"_links":{"self":[{"href":"https:\/\/mouillere.com\/universconvergents\/wp-json\/wp\/v2\/posts\/2340","targetHints":{"allow":["GET"]}}],"collection":[{"href":"https:\/\/mouillere.com\/universconvergents\/wp-json\/wp\/v2\/posts"}],"about":[{"href":"https:\/\/mouillere.com\/universconvergents\/wp-json\/wp\/v2\/types\/post"}],"author":[{"embeddable":true,"href":"https:\/\/mouillere.com\/universconvergents\/wp-json\/wp\/v2\/users\/1"}],"replies":[{"embeddable":true,"href":"https:\/\/mouillere.com\/universconvergents\/wp-json\/wp\/v2\/comments?post=2340"}],"version-history":[{"count":3,"href":"https:\/\/mouillere.com\/universconvergents\/wp-json\/wp\/v2\/posts\/2340\/revisions"}],"predecessor-version":[{"id":2344,"href":"https:\/\/mouillere.com\/universconvergents\/wp-json\/wp\/v2\/posts\/2340\/revisions\/2344"}],"wp:attachment":[{"href":"https:\/\/mouillere.com\/universconvergents\/wp-json\/wp\/v2\/media?parent=2340"}],"wp:term":[{"taxonomy":"category","embeddable":true,"href":"https:\/\/mouillere.com\/universconvergents\/wp-json\/wp\/v2\/categories?post=2340"},{"taxonomy":"post_tag","embeddable":true,"href":"https:\/\/mouillere.com\/universconvergents\/wp-json\/wp\/v2\/tags?post=2340"}],"curies":[{"name":"wp","href":"https:\/\/api.w.org\/{rel}","templated":true}]}}