{"id":24,"date":"2015-06-04T19:00:36","date_gmt":"2015-06-04T19:00:36","guid":{"rendered":"http:\/\/mouillere.com\/universconvergents\/?p=24"},"modified":"2020-04-02T03:46:13","modified_gmt":"2020-04-02T02:46:13","slug":"portugal-limits-soccer-media-rights-deals-to-three-years-as-tvi-picks-up-copa-america-rights","status":"publish","type":"post","link":"https:\/\/mouillere.com\/universconvergents\/2015\/06\/04\/portugal-limits-soccer-media-rights-deals-to-three-years-as-tvi-picks-up-copa-america-rights\/","title":{"rendered":"Portugal limits soccer media rights deals to three years as TVI picks up Copa Am\u00e9rica rights"},"content":{"rendered":"<p>The AdC, Portugal\u2019s competition authority, will set in stone a series of proposals to limit the duration of exclusive contracts for the media and stadium advertising rights of top-tier league soccer to a maximum of three years. It also ruled that any clauses giving a rights-holder the right of first refusal in future contracts will be disallowed, in a move to ensure competition in the marketplace. The decision is the result of a two-year long process initiated in April 2013, when the AdC opened an investigation into Controlinveste, the media holding controlled by Joaquim Oliveira, the Portuguese media mogul.<\/p>\n<p><a href=\"http:\/\/www.concorrencia.pt\/vEN\/News_Events\/Comunicados\/Pages\/PressRelease_201510.aspx\" target=\"_blank\" rel=\"noopener noreferrer\">http:\/\/www.concorrencia.pt\/vEN\/News_Events\/Comunicados\/Pages\/PressRelease_201510.aspx<\/a><\/p>\n","protected":false},"excerpt":{"rendered":"<p>The AdC, Portugal\u2019s competition authority, will set in stone a series of proposals to limit the duration of exclusive contracts for the media and stadium advertising rights of top-tier league&hellip; <\/p>\n","protected":false},"author":1,"featured_media":25,"comment_status":"open","ping_status":"open","sticky":false,"template":"","format":"standard","meta":{"_jetpack_memberships_contains_paid_content":false,"footnotes":"","jetpack_publicize_message":"","jetpack_publicize_feature_enabled":true,"jetpack_social_post_already_shared":true,"jetpack_social_options":{"image_generator_settings":{"template":"highway","default_image_id":0,"font":"","enabled":false},"version":2}},"categories":[10],"tags":[],"class_list":["post-24","post","type-post","status-publish","format-standard","has-post-thumbnail","hentry","category-audiovisuel"],"jetpack_publicize_connections":[],"jetpack_featured_media_url":"https:\/\/i0.wp.com\/mouillere.com\/universconvergents\/wp-content\/uploads\/2015\/06\/Flag_of_Portugal.svg_.png?fit=1280%2C853&ssl=1","jetpack_sharing_enabled":true,"jetpack_shortlink":"https:\/\/wp.me\/p6jw1p-o","jetpack-related-posts":[{"id":15,"url":"https:\/\/mouillere.com\/universconvergents\/2015\/06\/06\/sports-media-rights-and-the-digital-single-market-is-your-business-ready\/","url_meta":{"origin":24,"position":0},"title":"Sports media rights and the Digital Single Market\u2026 Is your business ready?","author":"Fred","date":"6 juin 2015","format":false,"excerpt":"On 6 May 2015 the European Commission published its strategy for a 'Digital Single Market' for Europe. The Commission's communication outlines its grand vision for a Europe in which 'the free movement of goods, persons, services and capital is ensured and where individuals and businesses can seamlessly access and exercise\u2026","rel":"","context":"Dans &quot;Audiovisuel&quot;","block_context":{"text":"Audiovisuel","link":"https:\/\/mouillere.com\/universconvergents\/category\/ip\/audiovisuel\/"},"img":{"alt_text":"","src":"https:\/\/i0.wp.com\/mouillere.com\/universconvergents\/wp-content\/uploads\/2015\/06\/2000px-Brussels_EU.svg_.png?fit=1153%2C1200&ssl=1&resize=350%2C200","width":350,"height":200,"srcset":"https:\/\/i0.wp.com\/mouillere.com\/universconvergents\/wp-content\/uploads\/2015\/06\/2000px-Brussels_EU.svg_.png?fit=1153%2C1200&ssl=1&resize=350%2C200 1x, https:\/\/i0.wp.com\/mouillere.com\/universconvergents\/wp-content\/uploads\/2015\/06\/2000px-Brussels_EU.svg_.png?fit=1153%2C1200&ssl=1&resize=525%2C300 1.5x, https:\/\/i0.wp.com\/mouillere.com\/universconvergents\/wp-content\/uploads\/2015\/06\/2000px-Brussels_EU.svg_.png?fit=1153%2C1200&ssl=1&resize=700%2C400 2x, https:\/\/i0.wp.com\/mouillere.com\/universconvergents\/wp-content\/uploads\/2015\/06\/2000px-Brussels_EU.svg_.png?fit=1153%2C1200&ssl=1&resize=1050%2C600 3x"},"classes":[]},{"id":186,"url":"https:\/\/mouillere.com\/universconvergents\/2015\/06\/22\/media-companies-will-not-be-forced-to-sell-rights-to-their-products-in-a-single-pan-european-block\/","url_meta":{"origin":24,"position":1},"title":"Media companies will not be forced to sell rights to their products in a single, pan-European block","author":"Fred","date":"22 juin 2015","format":false,"excerpt":"Media companies have nothing to fear from the European Commission\u2019s plan to make digital entertainment more freely accessible across the continent. That was the line Monday from Ed Vaizey, the minister responsible for the U.K. government\u2019s policy on the digital economy. Vaizey told POLITICO the British government has listened to\u2026","rel":"","context":"Dans &quot;Propri\u00e9t\u00e9 litt\u00e9raire et artistique&quot;","block_context":{"text":"Propri\u00e9t\u00e9 litt\u00e9raire et artistique","link":"https:\/\/mouillere.com\/universconvergents\/category\/ip\/propriete-litteraire-et-artistique\/"},"img":{"alt_text":"","src":"","width":0,"height":0},"classes":[]},{"id":2823,"url":"https:\/\/mouillere.com\/universconvergents\/2018\/10\/02\/bein-sports-launches-1-billion-suit-against-saudi-arabia\/","url_meta":{"origin":24,"position":2},"title":"BeIn Sports launches $1 billion suit against Saudi Arabia","author":"Fred","date":"2 octobre 2018","format":false,"excerpt":"BeIn has launched an international investment arbitration against the Kingdom of Saudi Arabia for damages totalling more than $1 billion, having been unlawfully driven out of the Saudi market and subjected to widespread piracy of sports broadcasting. \"Saudi-based pirate TV channel beoutQ with Riyadh-based satellite provider Arabsat have orchestrated a\u2026","rel":"","context":"Dans &quot;Audiovisuel&quot;","block_context":{"text":"Audiovisuel","link":"https:\/\/mouillere.com\/universconvergents\/category\/ip\/audiovisuel\/"},"img":{"alt_text":"","src":"https:\/\/i0.wp.com\/mouillere.com\/universconvergents\/wp-content\/uploads\/2018\/10\/Inforgraphics_bein_sports_Saudi-Piracy.png?fit=1178%2C900&ssl=1&resize=350%2C200","width":350,"height":200,"srcset":"https:\/\/i0.wp.com\/mouillere.com\/universconvergents\/wp-content\/uploads\/2018\/10\/Inforgraphics_bein_sports_Saudi-Piracy.png?fit=1178%2C900&ssl=1&resize=350%2C200 1x, https:\/\/i0.wp.com\/mouillere.com\/universconvergents\/wp-content\/uploads\/2018\/10\/Inforgraphics_bein_sports_Saudi-Piracy.png?fit=1178%2C900&ssl=1&resize=525%2C300 1.5x, https:\/\/i0.wp.com\/mouillere.com\/universconvergents\/wp-content\/uploads\/2018\/10\/Inforgraphics_bein_sports_Saudi-Piracy.png?fit=1178%2C900&ssl=1&resize=700%2C400 2x, https:\/\/i0.wp.com\/mouillere.com\/universconvergents\/wp-content\/uploads\/2018\/10\/Inforgraphics_bein_sports_Saudi-Piracy.png?fit=1178%2C900&ssl=1&resize=1050%2C600 3x"},"classes":[]},{"id":140,"url":"https:\/\/mouillere.com\/universconvergents\/2015\/06\/11\/the-value-of-licensing-recorded-music-online\/","url_meta":{"origin":24,"position":3},"title":"The value of licensing recorded music online","author":"Fred","date":"11 juin 2015","format":false,"excerpt":"This paper discusses whether a copyright compensation system (CCS) for recorded music\u2014endowing private Internet subscribers with the right to download and use works in return for a fee\u2014would be welfare increasing. It reports on the results of a discrete choice experiment conducted with a representative sample of the Dutch population\u2026","rel":"","context":"Dans &quot;Propri\u00e9t\u00e9 litt\u00e9raire et artistique&quot;","block_context":{"text":"Propri\u00e9t\u00e9 litt\u00e9raire et artistique","link":"https:\/\/mouillere.com\/universconvergents\/category\/ip\/propriete-litteraire-et-artistique\/"},"img":{"alt_text":"","src":"https:\/\/i0.wp.com\/mouillere.com\/universconvergents\/wp-content\/uploads\/2015\/06\/Licence_globale.png?fit=500%2C700&ssl=1&resize=350%2C200","width":350,"height":200},"classes":[]},{"id":189,"url":"https:\/\/mouillere.com\/universconvergents\/2015\/06\/22\/french-public-to-vote-on-digital-rights\/","url_meta":{"origin":24,"position":4},"title":"French public to vote on digital rights","author":"Fred","date":"22 juin 2015","format":false,"excerpt":"French prime minister Manual Valls will release the text of a proposed bill on digital rights to the public before it is debated in parliament, Agence France-Presse (AFP) said. In a gesture of 'collaborative democracy', the proposed law will be published online at the end of June with a call\u2026","rel":"","context":"Dans &quot;Internet&quot;","block_context":{"text":"Internet","link":"https:\/\/mouillere.com\/universconvergents\/category\/it\/internet\/"},"img":{"alt_text":"","src":"","width":0,"height":0},"classes":[]},{"id":132,"url":"https:\/\/mouillere.com\/universconvergents\/2015\/06\/10\/online-platforms-should-play-a-greater-role-in-enforcement-of-intellectual-property-rights-say-meps\/","url_meta":{"origin":24,"position":5},"title":"Online platforms should play a greater role in enforcement of intellectual property rights, say MEPs","author":"Fred","date":"10 juin 2015","format":false,"excerpt":"In a new resolution on an action plan for intellectual property rights (IPRs) enforcement, the European Parliament called for a \"comprehensive legal framework to combat IPR infringement adapted to the online environment\" to be developed as part of a broader IPR strategy. It said that \"legal protection is urgently needed\u2026","rel":"","context":"Dans &quot;Propri\u00e9t\u00e9 litt\u00e9raire et artistique&quot;","block_context":{"text":"Propri\u00e9t\u00e9 litt\u00e9raire et artistique","link":"https:\/\/mouillere.com\/universconvergents\/category\/ip\/propriete-litteraire-et-artistique\/"},"img":{"alt_text":"","src":"https:\/\/i0.wp.com\/mouillere.com\/universconvergents\/wp-content\/uploads\/2015\/06\/whatissocialmedia.png?fit=745%2C638&ssl=1&resize=350%2C200","width":350,"height":200,"srcset":"https:\/\/i0.wp.com\/mouillere.com\/universconvergents\/wp-content\/uploads\/2015\/06\/whatissocialmedia.png?fit=745%2C638&ssl=1&resize=350%2C200 1x, https:\/\/i0.wp.com\/mouillere.com\/universconvergents\/wp-content\/uploads\/2015\/06\/whatissocialmedia.png?fit=745%2C638&ssl=1&resize=525%2C300 1.5x, https:\/\/i0.wp.com\/mouillere.com\/universconvergents\/wp-content\/uploads\/2015\/06\/whatissocialmedia.png?fit=745%2C638&ssl=1&resize=700%2C400 2x"},"classes":[]}],"_links":{"self":[{"href":"https:\/\/mouillere.com\/universconvergents\/wp-json\/wp\/v2\/posts\/24","targetHints":{"allow":["GET"]}}],"collection":[{"href":"https:\/\/mouillere.com\/universconvergents\/wp-json\/wp\/v2\/posts"}],"about":[{"href":"https:\/\/mouillere.com\/universconvergents\/wp-json\/wp\/v2\/types\/post"}],"author":[{"embeddable":true,"href":"https:\/\/mouillere.com\/universconvergents\/wp-json\/wp\/v2\/users\/1"}],"replies":[{"embeddable":true,"href":"https:\/\/mouillere.com\/universconvergents\/wp-json\/wp\/v2\/comments?post=24"}],"version-history":[{"count":2,"href":"https:\/\/mouillere.com\/universconvergents\/wp-json\/wp\/v2\/posts\/24\/revisions"}],"predecessor-version":[{"id":4190,"href":"https:\/\/mouillere.com\/universconvergents\/wp-json\/wp\/v2\/posts\/24\/revisions\/4190"}],"wp:featuredmedia":[{"embeddable":true,"href":"https:\/\/mouillere.com\/universconvergents\/wp-json\/wp\/v2\/media\/25"}],"wp:attachment":[{"href":"https:\/\/mouillere.com\/universconvergents\/wp-json\/wp\/v2\/media?parent=24"}],"wp:term":[{"taxonomy":"category","embeddable":true,"href":"https:\/\/mouillere.com\/universconvergents\/wp-json\/wp\/v2\/categories?post=24"},{"taxonomy":"post_tag","embeddable":true,"href":"https:\/\/mouillere.com\/universconvergents\/wp-json\/wp\/v2\/tags?post=24"}],"curies":[{"name":"wp","href":"https:\/\/api.w.org\/{rel}","templated":true}]}}