{"id":31,"date":"2015-06-05T21:18:34","date_gmt":"2015-06-05T21:18:34","guid":{"rendered":"http:\/\/mouillere.com\/universconvergents\/?p=31"},"modified":"2020-04-02T03:45:31","modified_gmt":"2020-04-02T02:45:31","slug":"how-to-ensure-and-assess-media-pluralism-and-diversity-of-media-content","status":"publish","type":"post","link":"https:\/\/mouillere.com\/universconvergents\/2015\/06\/05\/how-to-ensure-and-assess-media-pluralism-and-diversity-of-media-content\/","title":{"rendered":"How to ensure and assess media pluralism and diversity of media content"},"content":{"rendered":"<p>Background paper, by Marie McGonagle, entitled &#8220;Monitoring Media Pluralism &#8211; an exercise in futility?&#8221; for Plenary session 2: &#8220;How to ensure and assess media pluralism and diversity of media content&#8221;, which took place place at the 41st EPRA meeting on 15 May in Berne (final, post-meeting, full version of the paper).<\/p>\n<p><a href=\"https:\/\/mouillere.com\/universconvergents\/wp-content\/uploads\/2015\/06\/How-to-ensure-and-assess-Media-Pluralism-and-Diversity-of-Media-Content.pdf\">How to ensure and assess Media Pluralism and Diversity of Media Content<\/a><\/p>\n<p><a href=\"http:\/\/www.epra.org\/attachments\/berne-plenary-2-how-to-ensure-and-assess-media-pluralism-and-diversity-of-media-content-background-paper-full-version\" target=\"_blank\" rel=\"noopener noreferrer\">http:\/\/www.epra.org\/attachments\/berne-plenary-2-how-to-ensure-and-assess-media-pluralism-and-diversity-of-media-content-background-paper-full-version<\/a><\/p>\n","protected":false},"excerpt":{"rendered":"<p>Background paper, by Marie McGonagle, entitled &#8220;Monitoring Media Pluralism &#8211; an exercise in futility?&#8221; for Plenary session 2: &#8220;How to ensure and assess media pluralism and diversity of media content&#8221;,&hellip; <\/p>\n","protected":false},"author":1,"featured_media":16,"comment_status":"open","ping_status":"open","sticky":false,"template":"","format":"standard","meta":{"_jetpack_memberships_contains_paid_content":false,"footnotes":"","jetpack_publicize_message":"","jetpack_publicize_feature_enabled":true,"jetpack_social_post_already_shared":true,"jetpack_social_options":{"image_generator_settings":{"template":"highway","default_image_id":0,"font":"","enabled":false},"version":2}},"categories":[10],"tags":[],"class_list":["post-31","post","type-post","status-publish","format-standard","has-post-thumbnail","hentry","category-audiovisuel"],"jetpack_publicize_connections":[],"jetpack_featured_media_url":"https:\/\/i0.wp.com\/mouillere.com\/universconvergents\/wp-content\/uploads\/2015\/06\/2000px-Brussels_EU.svg_.png?fit=2000%2C2082&ssl=1","jetpack_sharing_enabled":true,"jetpack_shortlink":"https:\/\/wp.me\/p6jw1p-v","jetpack-related-posts":[{"id":128,"url":"https:\/\/mouillere.com\/universconvergents\/2015\/06\/10\/monitoring-media-pluralism-an-exercise-in-futility\/","url_meta":{"origin":31,"position":0},"title":"Monitoring media pluralism &#8211; An exercise in futility?","author":"Fred","date":"10 juin 2015","format":false,"excerpt":"How to ensure a sustainable ecosystem for media in Europe that is financially viable and offers a plurality and diversity of content was at the centre of the debates at the 41st EPRA Meeting which took place in Berne on 14-16 May 2015. The second Plenary session on 15 May\u2026","rel":"","context":"Dans &quot;Audiovisuel&quot;","block_context":{"text":"Audiovisuel","link":"https:\/\/mouillere.com\/universconvergents\/category\/ip\/audiovisuel\/"},"img":{"alt_text":"","src":"https:\/\/i0.wp.com\/mouillere.com\/universconvergents\/wp-content\/uploads\/2015\/06\/ECI-Media-Pluralism-pic.gif?fit=560%2C248&ssl=1&resize=350%2C200","width":350,"height":200,"srcset":"https:\/\/i0.wp.com\/mouillere.com\/universconvergents\/wp-content\/uploads\/2015\/06\/ECI-Media-Pluralism-pic.gif?fit=560%2C248&ssl=1&resize=350%2C200 1x, https:\/\/i0.wp.com\/mouillere.com\/universconvergents\/wp-content\/uploads\/2015\/06\/ECI-Media-Pluralism-pic.gif?fit=560%2C248&ssl=1&resize=525%2C300 1.5x"},"classes":[]},{"id":608,"url":"https:\/\/mouillere.com\/universconvergents\/2015\/07\/14\/knocking-on-heavens-door-user-preferences-on-digital-cultural-distribution\/","url_meta":{"origin":31,"position":1},"title":"Knocking on Heaven&#8217;s Door &#8211; User Preferences on Digital Cultural Distribution","author":"Fred","date":"14 juillet 2015","format":false,"excerpt":"This paper explores the social, demographic and attitudinal basis of consumer support to a change from the status quo in digital cultural distribution. First we identify how different online and offline, legal and illegal, free and paying content acquisition channels are used in the Dutch media market using a cluster-based\u2026","rel":"","context":"Dans &quot;Propri\u00e9t\u00e9 litt\u00e9raire et artistique&quot;","block_context":{"text":"Propri\u00e9t\u00e9 litt\u00e9raire et artistique","link":"https:\/\/mouillere.com\/universconvergents\/category\/ip\/propriete-litteraire-et-artistique\/"},"img":{"alt_text":"","src":"https:\/\/i0.wp.com\/mouillere.com\/universconvergents\/wp-content\/uploads\/2015\/08\/Capture-d%E2%80%99%C3%A9cran-2015-08-04-%C3%A0-21.51.10.jpg?fit=1168%2C870&ssl=1&resize=350%2C200","width":350,"height":200,"srcset":"https:\/\/i0.wp.com\/mouillere.com\/universconvergents\/wp-content\/uploads\/2015\/08\/Capture-d%E2%80%99%C3%A9cran-2015-08-04-%C3%A0-21.51.10.jpg?fit=1168%2C870&ssl=1&resize=350%2C200 1x, https:\/\/i0.wp.com\/mouillere.com\/universconvergents\/wp-content\/uploads\/2015\/08\/Capture-d%E2%80%99%C3%A9cran-2015-08-04-%C3%A0-21.51.10.jpg?fit=1168%2C870&ssl=1&resize=525%2C300 1.5x, https:\/\/i0.wp.com\/mouillere.com\/universconvergents\/wp-content\/uploads\/2015\/08\/Capture-d%E2%80%99%C3%A9cran-2015-08-04-%C3%A0-21.51.10.jpg?fit=1168%2C870&ssl=1&resize=700%2C400 2x, https:\/\/i0.wp.com\/mouillere.com\/universconvergents\/wp-content\/uploads\/2015\/08\/Capture-d%E2%80%99%C3%A9cran-2015-08-04-%C3%A0-21.51.10.jpg?fit=1168%2C870&ssl=1&resize=1050%2C600 3x"},"classes":[]},{"id":673,"url":"https:\/\/mouillere.com\/universconvergents\/2015\/07\/07\/ebu-welcomes-publication-of-consultation-on-audiovisual-media-services-directive\/","url_meta":{"origin":31,"position":2},"title":"EBU welcomes publication of consultation on Audiovisual Media Services Directive","author":"Fred","date":"7 juillet 2015","format":false,"excerpt":"The European Broadcasting Union (EBU) welcomes the publication of the consultation on the Audiovisual Media Services Directive and how to make Europe's audiovisual media landscape fit for purpose in the digital age. The consultation \u201con Directive 2010\/13\/EU on Audiovisual media services (AVMSD) - A media framework for the 21th century\u201d\u2026","rel":"","context":"Dans &quot;Audiovisuel&quot;","block_context":{"text":"Audiovisuel","link":"https:\/\/mouillere.com\/universconvergents\/category\/ip\/audiovisuel\/"},"img":{"alt_text":"","src":"https:\/\/i0.wp.com\/mouillere.com\/universconvergents\/wp-content\/uploads\/2015\/06\/2000px-Brussels_EU.svg_.png?fit=1153%2C1200&ssl=1&resize=350%2C200","width":350,"height":200,"srcset":"https:\/\/i0.wp.com\/mouillere.com\/universconvergents\/wp-content\/uploads\/2015\/06\/2000px-Brussels_EU.svg_.png?fit=1153%2C1200&ssl=1&resize=350%2C200 1x, https:\/\/i0.wp.com\/mouillere.com\/universconvergents\/wp-content\/uploads\/2015\/06\/2000px-Brussels_EU.svg_.png?fit=1153%2C1200&ssl=1&resize=525%2C300 1.5x, https:\/\/i0.wp.com\/mouillere.com\/universconvergents\/wp-content\/uploads\/2015\/06\/2000px-Brussels_EU.svg_.png?fit=1153%2C1200&ssl=1&resize=700%2C400 2x, https:\/\/i0.wp.com\/mouillere.com\/universconvergents\/wp-content\/uploads\/2015\/06\/2000px-Brussels_EU.svg_.png?fit=1153%2C1200&ssl=1&resize=1050%2C600 3x"},"classes":[]},{"id":18,"url":"https:\/\/mouillere.com\/universconvergents\/2015\/06\/04\/media-responsibility-and-ethics-in-a-changing-media-environment\/","url_meta":{"origin":31,"position":3},"title":"Media responsibility and ethics in a changing media environment","author":"Fred","date":"4 juin 2015","format":false,"excerpt":"\u201cSelf-regulation by the media is a means of reducing influence by the State and other sectors of society over media content,\u201d said Volodymyr Ariev (Ukraine, EPP\/DC) when presenting his report on \u201cMedia responsibility and ethics in a changing media environment\u201d to the Committee on Culture, Science, Education and Media. \u201cIn\u2026","rel":"","context":"Dans &quot;Audiovisuel&quot;","block_context":{"text":"Audiovisuel","link":"https:\/\/mouillere.com\/universconvergents\/category\/ip\/audiovisuel\/"},"img":{"alt_text":"","src":"https:\/\/i0.wp.com\/mouillere.com\/universconvergents\/wp-content\/uploads\/2015\/06\/2000px-Brussels_EU.svg_.png?fit=1153%2C1200&ssl=1&resize=350%2C200","width":350,"height":200,"srcset":"https:\/\/i0.wp.com\/mouillere.com\/universconvergents\/wp-content\/uploads\/2015\/06\/2000px-Brussels_EU.svg_.png?fit=1153%2C1200&ssl=1&resize=350%2C200 1x, https:\/\/i0.wp.com\/mouillere.com\/universconvergents\/wp-content\/uploads\/2015\/06\/2000px-Brussels_EU.svg_.png?fit=1153%2C1200&ssl=1&resize=525%2C300 1.5x, https:\/\/i0.wp.com\/mouillere.com\/universconvergents\/wp-content\/uploads\/2015\/06\/2000px-Brussels_EU.svg_.png?fit=1153%2C1200&ssl=1&resize=700%2C400 2x, https:\/\/i0.wp.com\/mouillere.com\/universconvergents\/wp-content\/uploads\/2015\/06\/2000px-Brussels_EU.svg_.png?fit=1153%2C1200&ssl=1&resize=1050%2C600 3x"},"classes":[]},{"id":225,"url":"https:\/\/mouillere.com\/universconvergents\/2015\/06\/19\/hungary-summary-of-the-consultation-on-the-regulatory-issues-of-the-ott-market\/","url_meta":{"origin":31,"position":4},"title":"Hungary &#8211; Summary of the consultation on the regulatory issues of the OTT market","author":"Fred","date":"19 juin 2015","format":false,"excerpt":"Previously shown only on the television screen, media content now available also over the Internet fundamentally transform traditional media consumer habits, and the dynamically changing market environment calls for a balanced regulatory system. Therefore, in November last year, NMHH published a 12-point questionnaire on the effects of OTT (online) content\u2026","rel":"","context":"Dans &quot;Audiovisuel&quot;","block_context":{"text":"Audiovisuel","link":"https:\/\/mouillere.com\/universconvergents\/category\/ip\/audiovisuel\/"},"img":{"alt_text":"","src":"https:\/\/i0.wp.com\/mouillere.com\/universconvergents\/wp-content\/uploads\/2015\/06\/06115236-photo-canalplay-infinity-sur-apple-tv.jpg?fit=1200%2C834&ssl=1&resize=350%2C200","width":350,"height":200,"srcset":"https:\/\/i0.wp.com\/mouillere.com\/universconvergents\/wp-content\/uploads\/2015\/06\/06115236-photo-canalplay-infinity-sur-apple-tv.jpg?fit=1200%2C834&ssl=1&resize=350%2C200 1x, https:\/\/i0.wp.com\/mouillere.com\/universconvergents\/wp-content\/uploads\/2015\/06\/06115236-photo-canalplay-infinity-sur-apple-tv.jpg?fit=1200%2C834&ssl=1&resize=525%2C300 1.5x, https:\/\/i0.wp.com\/mouillere.com\/universconvergents\/wp-content\/uploads\/2015\/06\/06115236-photo-canalplay-infinity-sur-apple-tv.jpg?fit=1200%2C834&ssl=1&resize=700%2C400 2x, https:\/\/i0.wp.com\/mouillere.com\/universconvergents\/wp-content\/uploads\/2015\/06\/06115236-photo-canalplay-infinity-sur-apple-tv.jpg?fit=1200%2C834&ssl=1&resize=1050%2C600 3x"},"classes":[]},{"id":296,"url":"https:\/\/mouillere.com\/universconvergents\/2015\/07\/01\/advocate-generals-opinion-in-case-c-34714-new-media-online\/","url_meta":{"origin":31,"position":5},"title":"Advocate General\u2019s Opinion in Case C-347\/14 &#8211; New Media Online","author":"Fred","date":"1 juillet 2015","format":false,"excerpt":"Advocate General Maciej Szpunar considers that the website of a daily newspaper containing audiovisual material is not an audiovisual service within the meaning of EU law. Possible difficulties arising from the need for the national regulatory authorities to assess the character of the services existing on the market cannot justify\u2026","rel":"","context":"Dans &quot;Audiovisuel&quot;","block_context":{"text":"Audiovisuel","link":"https:\/\/mouillere.com\/universconvergents\/category\/ip\/audiovisuel\/"},"img":{"alt_text":"","src":"https:\/\/i0.wp.com\/mouillere.com\/universconvergents\/wp-content\/uploads\/2015\/06\/2000px-Brussels_EU.svg_.png?fit=1153%2C1200&ssl=1&resize=350%2C200","width":350,"height":200,"srcset":"https:\/\/i0.wp.com\/mouillere.com\/universconvergents\/wp-content\/uploads\/2015\/06\/2000px-Brussels_EU.svg_.png?fit=1153%2C1200&ssl=1&resize=350%2C200 1x, https:\/\/i0.wp.com\/mouillere.com\/universconvergents\/wp-content\/uploads\/2015\/06\/2000px-Brussels_EU.svg_.png?fit=1153%2C1200&ssl=1&resize=525%2C300 1.5x, https:\/\/i0.wp.com\/mouillere.com\/universconvergents\/wp-content\/uploads\/2015\/06\/2000px-Brussels_EU.svg_.png?fit=1153%2C1200&ssl=1&resize=700%2C400 2x, https:\/\/i0.wp.com\/mouillere.com\/universconvergents\/wp-content\/uploads\/2015\/06\/2000px-Brussels_EU.svg_.png?fit=1153%2C1200&ssl=1&resize=1050%2C600 3x"},"classes":[]}],"_links":{"self":[{"href":"https:\/\/mouillere.com\/universconvergents\/wp-json\/wp\/v2\/posts\/31","targetHints":{"allow":["GET"]}}],"collection":[{"href":"https:\/\/mouillere.com\/universconvergents\/wp-json\/wp\/v2\/posts"}],"about":[{"href":"https:\/\/mouillere.com\/universconvergents\/wp-json\/wp\/v2\/types\/post"}],"author":[{"embeddable":true,"href":"https:\/\/mouillere.com\/universconvergents\/wp-json\/wp\/v2\/users\/1"}],"replies":[{"embeddable":true,"href":"https:\/\/mouillere.com\/universconvergents\/wp-json\/wp\/v2\/comments?post=31"}],"version-history":[{"count":2,"href":"https:\/\/mouillere.com\/universconvergents\/wp-json\/wp\/v2\/posts\/31\/revisions"}],"predecessor-version":[{"id":4189,"href":"https:\/\/mouillere.com\/universconvergents\/wp-json\/wp\/v2\/posts\/31\/revisions\/4189"}],"wp:featuredmedia":[{"embeddable":true,"href":"https:\/\/mouillere.com\/universconvergents\/wp-json\/wp\/v2\/media\/16"}],"wp:attachment":[{"href":"https:\/\/mouillere.com\/universconvergents\/wp-json\/wp\/v2\/media?parent=31"}],"wp:term":[{"taxonomy":"category","embeddable":true,"href":"https:\/\/mouillere.com\/universconvergents\/wp-json\/wp\/v2\/categories?post=31"},{"taxonomy":"post_tag","embeddable":true,"href":"https:\/\/mouillere.com\/universconvergents\/wp-json\/wp\/v2\/tags?post=31"}],"curies":[{"name":"wp","href":"https:\/\/api.w.org\/{rel}","templated":true}]}}