{"id":3132,"date":"2019-10-16T15:16:13","date_gmt":"2019-10-16T14:16:13","guid":{"rendered":"http:\/\/mouillere.com\/universconvergents\/?p=3132"},"modified":"2019-10-16T15:16:13","modified_gmt":"2019-10-16T14:16:13","slug":"gafam-un-manque-a-gagner-dun-milliard-deuros","status":"publish","type":"post","link":"https:\/\/mouillere.com\/universconvergents\/2019\/10\/16\/gafam-un-manque-a-gagner-dun-milliard-deuros\/","title":{"rendered":"GAFAM: un manque \u00e0 gagner d&#8217;un milliard d\u2019euros"},"content":{"rendered":"<p>Le Monde du Droit consacre un article pertinent consacr\u00e9 au manque \u00e0 gagner consid\u00e9rable que repr\u00e9sente l&#8217;optimisation fiscale pratiqu\u00e9e par les GAFAM qui se jouent des r\u00e8gles d\u00e9su\u00e8tes de la fiscalit\u00e9 internationale.<\/p>\n<p><!--more--><\/p>\n<p>L&#8217; \u00e9tude r\u00e9alis\u00e9e par l&#8217;ex-secr\u00e9taire d\u2019Etat en charge du num\u00e9rique Mounir Mahjoubi d\u00e9montrent que les GAFAM devraient payer au fisc fran\u00e7ais environ neuf fois plus d\u2019imp\u00f4ts:<\/p>\n<ul>\n<li>Google Alphabet aurait d\u00fb acquitter 230 millions d&#8217;euros au titre de l&#8217;imp\u00f4t sur les soci\u00e9t\u00e9s pour l&#8217;ann\u00e9e 2018 et n&#8217;a pay\u00e9 que 17 millions, soit un manque \u00e0 gagner de 213 millions d&#8217;euros;<\/li>\n<li>Amazon aurait du payer 66 millions d&#8217;euros d&#8217;imp\u00f4t et n&#8217;en a pay\u00e9 que 10;<\/li>\n<li>Facebook aurait du payer 106 millions d&#8217;euros et n&#8217;en a pay\u00e9 que 6;<\/li>\n<li>Apple aurait du payer 357 millions d&#8217;euros, et n&#8217;en a pay\u00e9 que 58, soit un manque \u00e0 gagner de 299 millions de plus;<\/li>\n<li>Microsoft n&#8217;a pay\u00e9 que 41 millions d&#8217;imp\u00f4t sur les soci\u00e9t\u00e9 au lieu de 352, soit un manque \u00e0 gagner de 311 millions.<\/li>\n<\/ul>\n<p>&nbsp;<\/p>\n<p>A votre avis, qui compense ce manque \u00e0 gagner et contribue au budget de l&#8217;\u00e9tat en lieu et place des GAFAM?<\/p>\n<p>&nbsp;<\/p>\n<p>Si la France a \u00e9t\u00e9 le premier pays europ\u00e9en \u00e0 d\u00e9cider de mettre en place une taxe \u00e9valu\u00e9e \u00e0 400 millions d\u2019euros d\u2019ici la fin 2019, le manque \u00e0 gagner serait en r\u00e9alit\u00e9 d&#8217;un milliard d\u2019euros, sachant que les GAFAM n&#8217;auraient contribu\u00e9 qu&#8217;\u00e0 hauteur de 130 millions d\u2019euros d\u2019imp\u00f4ts en 2018.<\/p>\n<p>&nbsp;<\/p>\n<p>Pensez-vous toujours que leur leadership est exclusivement li\u00e9 \u00e0 leur capacit\u00e9 d&#8217;innovation au b\u00e9n\u00e9fice des consommateurs qui eux croulent sous les charges fiscales ?<\/p>\n<p>&nbsp;<\/p>\n<p>Les GAFAM b\u00e9n\u00e9ficient d&#8217;une fiscalit\u00e9 totalement inadapt\u00e9e au monde du num\u00e9rique. Par exemple, Amazon ne paye pas la TASCOM (taxe sur les surfaces commerciales) qui ne concerne que les surfaces physiques o\u00f9 le consommateur fait effectivement ses achats et dont doit s\u2019acquitter les commerces en France. A cela s&#8217;ajoute la fraude \u00e0 la TVA commis par certains vendeurs utilisant Amazon comme Marketplace. La fraude \u00e0 la TVA transfrontali\u00e8re repr\u00e9senterait 50 milliards d\u2019Euros de manque \u00e0 gagner par an au niveau europ\u00e9en et 20 milliards de pertes de recettes pour le fisc fran\u00e7ais. Enfin, lorsque l&#8217;\u00e9tat tente de lutter contre les effets n\u00e9fastes de cette fiscalit\u00e9 internationale d\u00e9su\u00e8te en mettant en place la taxe GAFAM, Amazon d\u00e9cide alors de r\u00e9percuter la taxe sur ses partenaires.<\/p>\n<blockquote><p><em>\u00ab \u00c9tant donn\u00e9 que nous op\u00e9rons dans le secteur tr\u00e8s concurrentiel et \u00e0 faible marge du commerce de d\u00e9tail et que nous investissons massivement dans la cr\u00e9ation d&#8217;outils et de services destin\u00e9s \u00e0 nos clients et \u00e0 nos vendeurs partenaires, nous ne sommes pas en mesure d&#8217;absorber une taxe suppl\u00e9mentaire assise sur le chiffre d&#8217;affaires et non sur les b\u00e9n\u00e9fices \u00bb<\/em><\/p><\/blockquote>\n<p>Les cons\u00e9quences sont \u00e0 la fois \u00e9conomiques et sociales: concurrence d\u00e9loyale par rapport aux commerces de proximit\u00e9, d\u00e9sertification des centres-villes, malaise des territoires et cons\u00e9quences \u00e0 long terme sur l\u2019emploi.<\/p>\n<p>&nbsp;<\/p>\n<iframe src=\"\/\/docs.google.com\/viewer?url=https%3A%2F%2Fmouillere.com%2Funiversconvergents%2Fwp-content%2Fuploads%2F2019%2F10%2FStudy-and-Reports-on-the-VAT-Gap-in-the-EU-28-Member-States.pdf&hl=fr&embedded=true\" class=\"gde-frame\" style=\"width:100%; height:500px; border: none;\" scrolling=\"no\"><\/iframe>\n<p class=\"gde-text\"><a href=\"https:\/\/mouillere.com\/universconvergents\/wp-content\/uploads\/2019\/10\/Study-and-Reports-on-the-VAT-Gap-in-the-EU-28-Member-States.pdf\" class=\"gde-link\">T\u00e9l\u00e9charger (PDF, 1.7Mo)<\/a><\/p>\n<p><a href=\"https:\/\/www.lemondedudroit.fr\/decryptages\/66275-taxe-gafa-peut-on-encore-taxer-amazon.html\" target=\"_blank\" rel=\"noopener noreferrer\">https:\/\/www.lemondedudroit.fr\/decryptages\/66275-taxe-gafa-peut-on-encore-taxer-amazon.html<\/a><\/p>\n<p><a href=\"https:\/\/www.marianne.net\/economie\/les-gafam-devraient-payer-neuf-fois-plus-d-impots-calcule-mounir-mahjoubi\" target=\"_blank\" rel=\"noopener noreferrer\">https:\/\/www.marianne.net\/economie\/les-gafam-devraient-payer-neuf-fois-plus-d-impots-calcule-mounir-mahjoubi<\/a><\/p>\n<p><a href=\"http:\/\/www.leparisien.fr\/economie\/gafa-un-manque-a-gagner-d-un-milliard-d-euros-pour-le-fisc-selon-mounir-mahjoubi-24-09-2019-8158938.php\" target=\"_blank\" rel=\"noopener noreferrer\">http:\/\/www.leparisien.fr\/economie\/gafa-un-manque-a-gagner-d-un-milliard-d-euros-pour-le-fisc-selon-mounir-mahjoubi-24-09-2019-8158938.php<\/a><\/p>\n<p><a href=\"http:\/\/www.leparisien.fr\/economie\/taxe-gafa-amazon-va-faire-payer-les-francais-01-08-2019-8127462.php\" target=\"_blank\" rel=\"noopener noreferrer\">http:\/\/www.leparisien.fr\/economie\/taxe-gafa-amazon-va-faire-payer-les-francais-01-08-2019-8127462.php<\/a><\/p>\n<p><a href=\"https:\/\/www.atlantico.fr\/decryptage\/3574935\/amazon--11-2-milliards-de-profit-0-dollars-d-impots-payes----mais-dans-quel-etat-erre-un-certain-capitalisme--frederic-marty\" target=\"_blank\" rel=\"noopener noreferrer\">https:\/\/www.atlantico.fr\/decryptage\/3574935\/amazon&#8211;11-2-milliards-de-profit-0-dollars-d-impots-payes&#8212;-mais-dans-quel-etat-erre-un-certain-capitalisme&#8211;frederic-marty<\/a><\/p>\n<p><a href=\"https:\/\/www.latribune.fr\/economie\/union-europeenne\/fraude-a-la-tva-l-europe-passe-a-l-offensive-752956.html\" target=\"_blank\" rel=\"noopener noreferrer\">https:\/\/www.latribune.fr\/economie\/union-europeenne\/fraude-a-la-tva-l-europe-passe-a-l-offensive-752956.html<\/a><\/p>\n","protected":false},"excerpt":{"rendered":"<p>Le Monde du Droit consacre un article pertinent consacr\u00e9 au manque \u00e0 gagner consid\u00e9rable que repr\u00e9sente l&#8217;optimisation fiscale pratiqu\u00e9e par les GAFAM qui se jouent des r\u00e8gles d\u00e9su\u00e8tes de la&hellip; <\/p>\n","protected":false},"author":1,"featured_media":3133,"comment_status":"closed","ping_status":"open","sticky":false,"template":"","format":"standard","meta":{"_jetpack_memberships_contains_paid_content":false,"footnotes":"","jetpack_publicize_message":"","jetpack_publicize_feature_enabled":true,"jetpack_social_post_already_shared":true,"jetpack_social_options":{"image_generator_settings":{"template":"highway","default_image_id":0,"font":"","enabled":false},"version":2}},"categories":[90],"tags":[],"class_list":["post-3132","post","type-post","status-publish","format-standard","has-post-thumbnail","hentry","category-fiscalite"],"jetpack_publicize_connections":[],"jetpack_featured_media_url":"https:\/\/i0.wp.com\/mouillere.com\/universconvergents\/wp-content\/uploads\/2019\/10\/LSSGHIBLCG6VPRXS6QKCM36CFU.jpg?fit=974%2C1280&ssl=1","jetpack_sharing_enabled":true,"jetpack_shortlink":"https:\/\/wp.me\/p6jw1p-Ow","jetpack-related-posts":[{"id":3110,"url":"https:\/\/mouillere.com\/universconvergents\/2019\/10\/11\/projet-de-taxe-gafam-a-lechelle-internationale\/","url_meta":{"origin":3132,"position":0},"title":"Projet de taxe GAFAM \u00e0 l&#8217;\u00e9chelle internationale","author":"Fred","date":"11 octobre 2019","format":false,"excerpt":"Alors que les pays de l'UE semblent incapables d'harmoniser les pratiques fiscales europ\u00e9ennes pour lutter efficacement contre les disparit\u00e9s fiscales et la pratique de ce que nous d\u00e9nommerons pudiquement d'optimisation fiscale, l'OCDE vient de publier ses propositions visant \u00e0 actualiser les r\u00e8gles fiscales applicables aux soci\u00e9t\u00e9s multinationales de technologie afin\u2026","rel":"","context":"Dans &quot;Fiscalit\u00e9&quot;","block_context":{"text":"Fiscalit\u00e9","link":"https:\/\/mouillere.com\/universconvergents\/category\/fiscalite\/"},"img":{"alt_text":"","src":"","width":0,"height":0},"classes":[]},{"id":2202,"url":"https:\/\/mouillere.com\/universconvergents\/2017\/01\/03\/censure-de-la-taxe-google-pour-la-lutter-contre-loptimisation-fiscale\/","url_meta":{"origin":3132,"position":1},"title":"Censure de la taxe Google pour la lutter contre l&#8217;optimisation fiscale","author":"Fred","date":"3 janvier 2017","format":false,"excerpt":"Selon le d\u00e9put\u00e9 PS Yann Galut, \u00ab l\u2019imp\u00f4t sur les soci\u00e9t\u00e9s pay\u00e9 par Google en 2015 s\u2019est \u00e9lev\u00e9 \u00e0 6,7 millions d\u2019euros, pour un revenu estim\u00e9 \u00e0 plus de 1,5 milliard. Airbnb, dont le r\u00e9sultat est estim\u00e9 \u00e0 65 millions d\u2019euros, n\u2019a pay\u00e9 que 69 000 euros d\u2019imp\u00f4t ... au\u2026","rel":"","context":"Dans &quot;Audiovisuel&quot;","block_context":{"text":"Audiovisuel","link":"https:\/\/mouillere.com\/universconvergents\/category\/ip\/audiovisuel\/"},"img":{"alt_text":"","src":"https:\/\/i0.wp.com\/mouillere.com\/universconvergents\/wp-content\/uploads\/2017\/01\/Gafa-2.jpg?fit=1141%2C838&ssl=1&resize=350%2C200","width":350,"height":200,"srcset":"https:\/\/i0.wp.com\/mouillere.com\/universconvergents\/wp-content\/uploads\/2017\/01\/Gafa-2.jpg?fit=1141%2C838&ssl=1&resize=350%2C200 1x, https:\/\/i0.wp.com\/mouillere.com\/universconvergents\/wp-content\/uploads\/2017\/01\/Gafa-2.jpg?fit=1141%2C838&ssl=1&resize=525%2C300 1.5x, https:\/\/i0.wp.com\/mouillere.com\/universconvergents\/wp-content\/uploads\/2017\/01\/Gafa-2.jpg?fit=1141%2C838&ssl=1&resize=700%2C400 2x, https:\/\/i0.wp.com\/mouillere.com\/universconvergents\/wp-content\/uploads\/2017\/01\/Gafa-2.jpg?fit=1141%2C838&ssl=1&resize=1050%2C600 3x"},"classes":[]},{"id":4900,"url":"https:\/\/mouillere.com\/universconvergents\/2021\/05\/05\/amazon-arretons-denrichir-ceux-qui-nous-appauvrissent\/","url_meta":{"origin":3132,"position":2},"title":"Amazon : arr\u00eatons d&#8217;enrichir ceux qui nous appauvrissent","author":"Fred","date":"5 mai 2021","format":false,"excerpt":"Par le jeux d'une fraude \u00e0 la loi maquill\u00e9e en optimisation fiscale, Amazon n'a pay\u00e9 aucun imp\u00f4t sur les soci\u00e9t\u00e9s malgr\u00e9 un chiffre d'affaires de 44 milliards d'euros en Europe en 2020. Et c'est nous qui devons compenser ce manque \u00e0 gagner. Merci Amazon ! \u00a0 Les comptes Amazon EU\u2026","rel":"","context":"Dans &quot;Avocat&quot;","block_context":{"text":"Avocat","link":"https:\/\/mouillere.com\/universconvergents\/category\/avocat\/"},"img":{"alt_text":"","src":"https:\/\/i0.wp.com\/mouillere.com\/universconvergents\/wp-content\/uploads\/2020\/06\/CA-GAFAM.jpg?fit=913%2C1200&ssl=1&resize=350%2C200","width":350,"height":200,"srcset":"https:\/\/i0.wp.com\/mouillere.com\/universconvergents\/wp-content\/uploads\/2020\/06\/CA-GAFAM.jpg?fit=913%2C1200&ssl=1&resize=350%2C200 1x, https:\/\/i0.wp.com\/mouillere.com\/universconvergents\/wp-content\/uploads\/2020\/06\/CA-GAFAM.jpg?fit=913%2C1200&ssl=1&resize=525%2C300 1.5x, https:\/\/i0.wp.com\/mouillere.com\/universconvergents\/wp-content\/uploads\/2020\/06\/CA-GAFAM.jpg?fit=913%2C1200&ssl=1&resize=700%2C400 2x"},"classes":[]},{"id":4689,"url":"https:\/\/mouillere.com\/universconvergents\/2020\/06\/23\/sanction-cnil-de-50-millions-e-contre-google-confirmee-par-le-conseil-detat\/","url_meta":{"origin":3132,"position":3},"title":"Sanction CNIL de 50 millions \u20ac contre Google confirm\u00e9e par le Conseil d\u2019Etat","author":"Fred","date":"23 juin 2020","format":false,"excerpt":"\u00c0 la suite de plaintes d\u00e9pos\u00e9es par les associations La Quadrature du Net et None of your business en mai 2018 sur le parcours d\u2019un utilisateur lors de la cr\u00e9ation d\u2019un compte Google \u00e0 partir d\u2019un t\u00e9l\u00e9phone fonctionnant avec le syst\u00e8me d\u2019exploitation Android, la CNIL avait prononc\u00e9 le 21 janvier\u2026","rel":"","context":"Dans &quot;Donn\u00e9es personnelles&quot;","block_context":{"text":"Donn\u00e9es personnelles","link":"https:\/\/mouillere.com\/universconvergents\/category\/it\/donnees-personnelles\/"},"img":{"alt_text":"","src":"https:\/\/i0.wp.com\/mouillere.com\/universconvergents\/wp-content\/uploads\/2015\/06\/6640564215_b3dc3f033d.jpg?fit=450%2C287&ssl=1&resize=350%2C200","width":350,"height":200},"classes":[]},{"id":3017,"url":"https:\/\/mouillere.com\/universconvergents\/2019\/09\/18\/le-bon-sens-nest-il-pas-de-payer-limpot-la-ou-lon-genere-ses-revenus\/","url_meta":{"origin":3132,"position":4},"title":"Le bon sens n&#8217;est-il pas de payer l&#8217;imp\u00f4t l\u00e0 o\u00f9 l&#8217;on g\u00e9n\u00e8re ses revenus ?","author":"Fred","date":"18 septembre 2019","format":false,"excerpt":"Apple vient de contester devant la Cour de justice europ\u00e9enne la d\u00e9cision de la Commission europ\u00e9enne lui r\u00e9clamant 13 milliards d\u2019euros pour avoir \u00e9lud\u00e9 l'imp\u00f4t par le jeu d'optimisation fiscale et de domiciliation en Irlande. Selon Apple, c'est aux Etats-Unis, l\u00e0 o\u00f9 le groupe investit en recherche et d\u00e9veloppement et\u2026","rel":"","context":"Dans &quot;Fiscalit\u00e9&quot;","block_context":{"text":"Fiscalit\u00e9","link":"https:\/\/mouillere.com\/universconvergents\/category\/fiscalite\/"},"img":{"alt_text":"","src":"https:\/\/i0.wp.com\/mouillere.com\/universconvergents\/wp-content\/uploads\/2019\/09\/Apple-europe-620.jpg?fit=620%2C404&ssl=1&resize=350%2C200","width":350,"height":200,"srcset":"https:\/\/i0.wp.com\/mouillere.com\/universconvergents\/wp-content\/uploads\/2019\/09\/Apple-europe-620.jpg?fit=620%2C404&ssl=1&resize=350%2C200 1x, https:\/\/i0.wp.com\/mouillere.com\/universconvergents\/wp-content\/uploads\/2019\/09\/Apple-europe-620.jpg?fit=620%2C404&ssl=1&resize=525%2C300 1.5x"},"classes":[]},{"id":4703,"url":"https:\/\/mouillere.com\/universconvergents\/2020\/06\/24\/refonte-de-la-fiscalite-internationale-au-sein-de-locde-les-us-se-retirent-des-negociations-et-menacent-de-sanctions\/","url_meta":{"origin":3132,"position":5},"title":"Refonte de la fiscalit\u00e9 internationale au sein de l&#8217;OCDE : les US se retirent des n\u00e9gociations et menacent de sanctions","author":"Fred","date":"24 juin 2020","format":false,"excerpt":"Suite aux pressions US, la France avait suspendu la mise en application de la taxe GAFAM vot\u00e9e en juillet 2019 dans l'attente d'un accord au niveau des pays de l'OCDE. Fin janvier, 137 pays s\u2019\u00e9taient entendus pour aboutir d\u2019ici \u00e0 la fin 2020 \u00e0 un accord sur la taxation des\u2026","rel":"","context":"Dans &quot;Fiscalit\u00e9&quot;","block_context":{"text":"Fiscalit\u00e9","link":"https:\/\/mouillere.com\/universconvergents\/category\/fiscalite\/"},"img":{"alt_text":"","src":"https:\/\/i0.wp.com\/mouillere.com\/universconvergents\/wp-content\/uploads\/2020\/06\/CA-GAFAM.jpg?fit=913%2C1200&ssl=1&resize=350%2C200","width":350,"height":200,"srcset":"https:\/\/i0.wp.com\/mouillere.com\/universconvergents\/wp-content\/uploads\/2020\/06\/CA-GAFAM.jpg?fit=913%2C1200&ssl=1&resize=350%2C200 1x, https:\/\/i0.wp.com\/mouillere.com\/universconvergents\/wp-content\/uploads\/2020\/06\/CA-GAFAM.jpg?fit=913%2C1200&ssl=1&resize=525%2C300 1.5x, https:\/\/i0.wp.com\/mouillere.com\/universconvergents\/wp-content\/uploads\/2020\/06\/CA-GAFAM.jpg?fit=913%2C1200&ssl=1&resize=700%2C400 2x"},"classes":[]}],"_links":{"self":[{"href":"https:\/\/mouillere.com\/universconvergents\/wp-json\/wp\/v2\/posts\/3132","targetHints":{"allow":["GET"]}}],"collection":[{"href":"https:\/\/mouillere.com\/universconvergents\/wp-json\/wp\/v2\/posts"}],"about":[{"href":"https:\/\/mouillere.com\/universconvergents\/wp-json\/wp\/v2\/types\/post"}],"author":[{"embeddable":true,"href":"https:\/\/mouillere.com\/universconvergents\/wp-json\/wp\/v2\/users\/1"}],"replies":[{"embeddable":true,"href":"https:\/\/mouillere.com\/universconvergents\/wp-json\/wp\/v2\/comments?post=3132"}],"version-history":[{"count":1,"href":"https:\/\/mouillere.com\/universconvergents\/wp-json\/wp\/v2\/posts\/3132\/revisions"}],"predecessor-version":[{"id":3135,"href":"https:\/\/mouillere.com\/universconvergents\/wp-json\/wp\/v2\/posts\/3132\/revisions\/3135"}],"wp:featuredmedia":[{"embeddable":true,"href":"https:\/\/mouillere.com\/universconvergents\/wp-json\/wp\/v2\/media\/3133"}],"wp:attachment":[{"href":"https:\/\/mouillere.com\/universconvergents\/wp-json\/wp\/v2\/media?parent=3132"}],"wp:term":[{"taxonomy":"category","embeddable":true,"href":"https:\/\/mouillere.com\/universconvergents\/wp-json\/wp\/v2\/categories?post=3132"},{"taxonomy":"post_tag","embeddable":true,"href":"https:\/\/mouillere.com\/universconvergents\/wp-json\/wp\/v2\/tags?post=3132"}],"curies":[{"name":"wp","href":"https:\/\/api.w.org\/{rel}","templated":true}]}}