{"id":435,"date":"2015-06-25T14:58:59","date_gmt":"2015-06-25T13:58:59","guid":{"rendered":"http:\/\/mouillere.com\/universconvergents\/?p=435"},"modified":"2015-07-22T15:04:42","modified_gmt":"2015-07-22T14:04:42","slug":"reconnaissance-faciale-aurons-nous-droit-a-la-confidentialite-biometrique","status":"publish","type":"post","link":"https:\/\/mouillere.com\/universconvergents\/2015\/06\/25\/reconnaissance-faciale-aurons-nous-droit-a-la-confidentialite-biometrique\/","title":{"rendered":"Reconnaissance faciale : aurons-nous droit \u00e0 la \u201cconfidentialit\u00e9 biom\u00e9trique\u201d ?"},"content":{"rendered":"<p>Pour le Washington Post, \u00a0l\u2019anonymat en public pourrait devenir un concept du pass\u00e9. Les technologies de reconnaissance faciale sont en cours de d\u00e9ploiement : des magasins testent des solutions qui, via des cam\u00e9ras de surveillance, identifient chaque client pour leur offrir une tarification individualis\u00e9e ou de la publicit\u00e9 selon leur historique d\u2019achat, reconna\u00eetre des clients ind\u00e9licats\u2026<br \/>\n<a href=\"http:\/\/www.internetactu.net\/2015\/06\/25\/reconnaissance-faciale-aurons-nous-droit-a-la-confidentialite-biometrique\/https:\/\/www.washingtonpost.com\/blogs\/the-switch\/wp\/2015\/06\/11\/facial-recognition-technology-is-everywhere-it-may-not-be-legal\/?wprss=rss_technologyhttps:\/\/www.newscientist.com\/article\/dn27761-facebook-can-recognise-you-in-photos-even-if-youre-not-lookinghttp:\/\/www.numerama.com\/magazine\/33026-meme-de-dos-facebook-sait-vous-reconnaitre-sur-les-photos.htmlhttp:\/\/bits.blogs.nytimes.com\/2015\/06\/16\/consumer-groups-back-out-of-federal-talks-on-face-recognition\/?_r=0http:\/\/www.csmonitor.com\/World\/Passcode\/Passcode-Voices\/2015\/0622\/Opinion-It-s-time-for-an-about-face-on-facial-recognitionhttp:\/\/internetactu.blog.lemonde.fr\/2015\/06\/13\/quand-le-marketing-est-partout-sa-regulation-devient-primordiale\/http:\/\/www.internetactu.net\/2015\/06\/11\/donnees-personnelles-limpuissance-nest-pas-le-consentement\/\" target=\"_blank\">http:\/\/www.internetactu.net\/2015\/06\/25\/reconnaissance-faciale-aurons-nous-droit-a-la-confidentialite-biometrique\/<\/a><\/p>\n","protected":false},"excerpt":{"rendered":"<p>Pour le Washington Post, \u00a0l\u2019anonymat en public pourrait devenir un concept du pass\u00e9. Les technologies de reconnaissance faciale sont en cours de d\u00e9ploiement : des magasins testent des solutions qui,&hellip; <\/p>\n","protected":false},"author":1,"featured_media":436,"comment_status":"open","ping_status":"open","sticky":false,"template":"","format":"standard","meta":{"_jetpack_memberships_contains_paid_content":false,"footnotes":"","jetpack_publicize_message":"","jetpack_publicize_feature_enabled":true,"jetpack_social_post_already_shared":true,"jetpack_social_options":{"image_generator_settings":{"template":"highway","default_image_id":0,"font":"","enabled":false},"version":2}},"categories":[16],"tags":[],"class_list":["post-435","post","type-post","status-publish","format-standard","has-post-thumbnail","hentry","category-donnees-personnelles"],"jetpack_publicize_connections":[],"jetpack_featured_media_url":"https:\/\/i0.wp.com\/mouillere.com\/universconvergents\/wp-content\/uploads\/2015\/07\/imrs.php_.jpeg?fit=1484%2C989&ssl=1","jetpack_sharing_enabled":true,"jetpack_shortlink":"https:\/\/wp.me\/p6jw1p-71","jetpack-related-posts":[{"id":3237,"url":"https:\/\/mouillere.com\/universconvergents\/2019\/10\/31\/pourquoi-lutilisation-par-les-entreprises-de-la-reconnaissance-faciale-serait-telle-plus-toleree-que-son-utilisation-par-les-services-de-letat\/","url_meta":{"origin":435,"position":0},"title":"Pourquoi l&#8217;utilisation par les entreprises de la reconnaissance faciale serait-t&#8217;elle plus tol\u00e9r\u00e9e que son utilisation par les services de l&#8217;\u00e9tat ?","author":"Fred","date":"31 octobre 2019","format":false,"excerpt":"GAFAM, Samsung, \u00e9tablissements bancaires et de nombreuses autres entreprises, y compris pour le contr\u00f4le d\u2019acc\u00e8s sur les lieux de travail, utilisent la reconnaissance faciale depuis des ann\u00e9es sans que les utilisateurs citoyens ne s'indignent de l'utilisation massive par les entreprises de leurs donn\u00e9es notamment biom\u00e9triques. Mais depuis le lancement de\u2026","rel":"","context":"Dans &quot;Big Data&quot;","block_context":{"text":"Big Data","link":"https:\/\/mouillere.com\/universconvergents\/category\/it\/big-data\/"},"img":{"alt_text":"","src":"","width":0,"height":0},"classes":[]},{"id":2754,"url":"https:\/\/mouillere.com\/universconvergents\/2018\/03\/22\/la-directive-europeenne-sur-les-services-de-paiement-dsp2\/","url_meta":{"origin":435,"position":1},"title":"La Directive europ\u00e9enne sur les Services de Paiement (DSP2)","author":"Fred","date":"22 mars 2018","format":false,"excerpt":"La Directive europ\u00e9enne sur les Services de Paiement (DSP2) qui r\u00e9forme la premi\u00e8re directive adopt\u00e9e en 2009 et d\u00e9finissant un cadre juridique pour la mise en place d'un march\u00e9 europ\u00e9en unique des paiements, est entr\u00e9e en vigueur le 13 janvier 2018. La DSP2 a pour objectif de cr\u00e9er un march\u00e9\u2026","rel":"","context":"Dans &quot;Donn\u00e9es personnelles&quot;","block_context":{"text":"Donn\u00e9es personnelles","link":"https:\/\/mouillere.com\/universconvergents\/category\/it\/donnees-personnelles\/"},"img":{"alt_text":"","src":"https:\/\/i0.wp.com\/mouillere.com\/universconvergents\/wp-content\/uploads\/2018\/03\/CBqt6UsSSPQ-ckxEyiUJkjl72eJkfbmt4t8yenImKBVvK0kTmF0xjctABnaLJIm9.jpg?fit=467%2C226&ssl=1&resize=350%2C200","width":350,"height":200},"classes":[]},{"id":6990,"url":"https:\/\/mouillere.com\/universconvergents\/2026\/03\/11\/ia-surveillance-globale\/","url_meta":{"origin":435,"position":2},"title":"IA &#038; surveillance globale","author":"Fred","date":"11 mars 2026","format":false,"excerpt":"Nous basculons peu \u00e0 peu vers une surveillance totale marqu\u00e9e par l\u2019omnipr\u00e9sence de l\u2019IA et des points de rupture incluant : Le conflit Anthropic\/Pentagone : Le refus de l'entreprise Anthropic de lever les restrictions \u00e9thiques sur son mod\u00e8le \u00ab Claude \u00bb (rejet de la surveillance de masse et des armes\u2026","rel":"","context":"Dans &quot;IA&quot;","block_context":{"text":"IA","link":"https:\/\/mouillere.com\/universconvergents\/category\/it\/ia\/"},"img":{"alt_text":"","src":"https:\/\/i0.wp.com\/mouillere.com\/universconvergents\/wp-content\/uploads\/2026\/03\/IASurveillance.jpg?fit=1024%2C768&ssl=1&resize=350%2C200","width":350,"height":200,"srcset":"https:\/\/i0.wp.com\/mouillere.com\/universconvergents\/wp-content\/uploads\/2026\/03\/IASurveillance.jpg?fit=1024%2C768&ssl=1&resize=350%2C200 1x, https:\/\/i0.wp.com\/mouillere.com\/universconvergents\/wp-content\/uploads\/2026\/03\/IASurveillance.jpg?fit=1024%2C768&ssl=1&resize=525%2C300 1.5x, https:\/\/i0.wp.com\/mouillere.com\/universconvergents\/wp-content\/uploads\/2026\/03\/IASurveillance.jpg?fit=1024%2C768&ssl=1&resize=700%2C400 2x"},"classes":[]},{"id":5821,"url":"https:\/\/mouillere.com\/universconvergents\/2024\/01\/10\/ai-pact-entre-menaces-et-opportunites\/","url_meta":{"origin":435,"position":3},"title":"AI Pact : entre menaces et opportunit\u00e9s","author":"Fred","date":"10 janvier 2024","format":false,"excerpt":"AI Pact vise \u00e0 promouvoir le d\u00e9veloppement et le d\u00e9ploiement de l'IA en Europe tout en respectant les valeurs et les droits fondamentaux des citoyens europ\u00e9ens via une coop\u00e9ration renforc\u00e9e entre les \u00c9tats membres, les institutions europ\u00e9ennes, le secteur priv\u00e9, la soci\u00e9t\u00e9 civile et les chercheurs, et un investissement de\u2026","rel":"","context":"Dans &quot;IA&quot;","block_context":{"text":"IA","link":"https:\/\/mouillere.com\/universconvergents\/category\/it\/ia\/"},"img":{"alt_text":"","src":"https:\/\/i0.wp.com\/mouillere.com\/universconvergents\/wp-content\/uploads\/2024\/01\/AI-Pact.jpeg?fit=1024%2C1024&ssl=1&resize=350%2C200","width":350,"height":200,"srcset":"https:\/\/i0.wp.com\/mouillere.com\/universconvergents\/wp-content\/uploads\/2024\/01\/AI-Pact.jpeg?fit=1024%2C1024&ssl=1&resize=350%2C200 1x, https:\/\/i0.wp.com\/mouillere.com\/universconvergents\/wp-content\/uploads\/2024\/01\/AI-Pact.jpeg?fit=1024%2C1024&ssl=1&resize=525%2C300 1.5x, https:\/\/i0.wp.com\/mouillere.com\/universconvergents\/wp-content\/uploads\/2024\/01\/AI-Pact.jpeg?fit=1024%2C1024&ssl=1&resize=700%2C400 2x"},"classes":[]},{"id":3263,"url":"https:\/\/mouillere.com\/universconvergents\/2019\/11\/04\/la-collecte-de-masse-des-donnees-personnelles-a-des-fins-douanieres-et-fiscales\/","url_meta":{"origin":435,"position":4},"title":"La collecte de masse des donn\u00e9es personnelles \u00e0 des fins douani\u00e8res et fiscales","author":"Fred","date":"4 novembre 2019","format":false,"excerpt":"La CNIL a rendu un avis r\u00e9serv\u00e9 sur le Projet de Loi de Finances pour 2020 (PLF) qui pr\u00e9voit une collecte de masse des donn\u00e9es personnelles sur les r\u00e9seaux sociaux (Twitter, Facebook, Instagram, etc.) et les plateformes d'e-commerce (Amazon, Le Bon Coin, Ebay, etc.)\u00a0 pour lutter contre les infractions douani\u00e8res\u2026","rel":"","context":"Dans &quot;Big Data&quot;","block_context":{"text":"Big Data","link":"https:\/\/mouillere.com\/universconvergents\/category\/it\/big-data\/"},"img":{"alt_text":"","src":"https:\/\/i0.wp.com\/mouillere.com\/universconvergents\/wp-content\/uploads\/2015\/06\/6640564215_b3dc3f033d.jpg?fit=450%2C287&ssl=1&resize=350%2C200","width":350,"height":200},"classes":[]},{"id":479,"url":"https:\/\/mouillere.com\/universconvergents\/2015\/07\/27\/boulanger-epingle-par-la-cnil-pour-des-commentaires-sur-un-fichier-client\/","url_meta":{"origin":435,"position":5},"title":"Boulanger, \u00e9pingl\u00e9 par la Cnil pour des commentaires sur un fichier client","author":"Fred","date":"27 juillet 2015","format":false,"excerpt":"La Cnil a mis en demeure la soci\u00e9t\u00e9 Boulanger, dont les employ\u00e9s ont quelque peu abus\u00e9 de l\u2019espace libre laiss\u00e9 au sein d\u2019un fichier client.... http:\/\/www.zdnet.fr\/actualites\/boulanger-epingle-par-la-cnil-pour-des-commentaires-sur-un-fichier-client-39822914.htm","rel":"","context":"Dans &quot;Donn\u00e9es personnelles&quot;","block_context":{"text":"Donn\u00e9es personnelles","link":"https:\/\/mouillere.com\/universconvergents\/category\/it\/donnees-personnelles\/"},"img":{"alt_text":"","src":"https:\/\/i0.wp.com\/mouillere.com\/universconvergents\/wp-content\/uploads\/2015\/06\/6640564215_b3dc3f033d.jpg?fit=450%2C287&ssl=1&resize=350%2C200","width":350,"height":200},"classes":[]}],"_links":{"self":[{"href":"https:\/\/mouillere.com\/universconvergents\/wp-json\/wp\/v2\/posts\/435","targetHints":{"allow":["GET"]}}],"collection":[{"href":"https:\/\/mouillere.com\/universconvergents\/wp-json\/wp\/v2\/posts"}],"about":[{"href":"https:\/\/mouillere.com\/universconvergents\/wp-json\/wp\/v2\/types\/post"}],"author":[{"embeddable":true,"href":"https:\/\/mouillere.com\/universconvergents\/wp-json\/wp\/v2\/users\/1"}],"replies":[{"embeddable":true,"href":"https:\/\/mouillere.com\/universconvergents\/wp-json\/wp\/v2\/comments?post=435"}],"version-history":[{"count":1,"href":"https:\/\/mouillere.com\/universconvergents\/wp-json\/wp\/v2\/posts\/435\/revisions"}],"predecessor-version":[{"id":437,"href":"https:\/\/mouillere.com\/universconvergents\/wp-json\/wp\/v2\/posts\/435\/revisions\/437"}],"wp:featuredmedia":[{"embeddable":true,"href":"https:\/\/mouillere.com\/universconvergents\/wp-json\/wp\/v2\/media\/436"}],"wp:attachment":[{"href":"https:\/\/mouillere.com\/universconvergents\/wp-json\/wp\/v2\/media?parent=435"}],"wp:term":[{"taxonomy":"category","embeddable":true,"href":"https:\/\/mouillere.com\/universconvergents\/wp-json\/wp\/v2\/categories?post=435"},{"taxonomy":"post_tag","embeddable":true,"href":"https:\/\/mouillere.com\/universconvergents\/wp-json\/wp\/v2\/tags?post=435"}],"curies":[{"name":"wp","href":"https:\/\/api.w.org\/{rel}","templated":true}]}}