{"id":538,"date":"2015-07-30T14:27:35","date_gmt":"2015-07-30T13:27:35","guid":{"rendered":"http:\/\/mouillere.com\/universconvergents\/?p=538"},"modified":"2015-07-30T14:27:35","modified_gmt":"2015-07-30T13:27:35","slug":"le-projet-de-loi-francais-relatif-au-renseignement-valide-par-le-conseil-constitutionnel-progres-decisif-ou-loi-scelerate-les-avis-sont-partages","status":"publish","type":"post","link":"https:\/\/mouillere.com\/universconvergents\/2015\/07\/30\/le-projet-de-loi-francais-relatif-au-renseignement-valide-par-le-conseil-constitutionnel-progres-decisif-ou-loi-scelerate-les-avis-sont-partages\/","title":{"rendered":"Le projet de loi fran\u00e7ais relatif au renseignement valid\u00e9 par le Conseil constitutionnel : \u00ab progr\u00e8s d\u00e9cisif \u00bb ou \u00bbloi sc\u00e9l\u00e9rate \u00bb ? Les avis sont partag\u00e9s"},"content":{"rendered":"<p>En d\u00e9pit des nombreuses critiques formul\u00e9es aux niveaux national, europ\u00e9en ou international, par diff\u00e9rentes associations sp\u00e9cialis\u00e9es dans la protection des libert\u00e9s fondamentales, ONG, personnalit\u00e9s politiques ainsi que des r\u00e9serves exprim\u00e9es par la Commission nationale de l&#8217;informatique et des libert\u00e9s (CNIL) et le D\u00e9fenseur des droits en France, Jacques Toubon, le projet de loi d\u00e9finitif relatif au renseignement a \u00e9t\u00e9 vot\u00e9 massivement les 23 et 24 juin par les parlementaires fran\u00e7ais. Ce texte controvers\u00e9 vise \u00e0 fournir un cadre l\u00e9gal aux activit\u00e9s des services de renseignement fran\u00e7ais.<br \/>\n<a href=\"http:\/\/europe-liberte-securite-justice.org\/2015\/07\/30\/le-projet-de-loi-francais-relatif-au-renseignement-valide-par-le-conseil-constitutionnel-progres-decisif-ou-loi-scelerate-les-avis-sont-partages\/#more-11161\" target=\"_blank\">http:\/\/europe-liberte-securite-justice.org\/2015\/07\/30\/le-projet-de-loi-francais-relatif-au-renseignement-valide-par-le-conseil-constitutionnel-progres-decisif-ou-loi-scelerate-les-avis-sont-partages\/#more-11161<\/a><\/p>\n","protected":false},"excerpt":{"rendered":"<p>En d\u00e9pit des nombreuses critiques formul\u00e9es aux niveaux national, europ\u00e9en ou international, par diff\u00e9rentes associations sp\u00e9cialis\u00e9es dans la protection des libert\u00e9s fondamentales, ONG, personnalit\u00e9s politiques ainsi que des r\u00e9serves exprim\u00e9es&hellip; <\/p>\n","protected":false},"author":1,"featured_media":485,"comment_status":"open","ping_status":"open","sticky":false,"template":"","format":"standard","meta":{"_jetpack_memberships_contains_paid_content":false,"footnotes":"","jetpack_publicize_message":"","jetpack_publicize_feature_enabled":true,"jetpack_social_post_already_shared":true,"jetpack_social_options":{"image_generator_settings":{"template":"highway","default_image_id":0,"font":"","enabled":false},"version":2}},"categories":[20,16],"tags":[],"class_list":["post-538","post","type-post","status-publish","format-standard","has-post-thumbnail","hentry","category-cybersecurite","category-donnees-personnelles"],"jetpack_publicize_connections":[],"jetpack_featured_media_url":"https:\/\/i0.wp.com\/mouillere.com\/universconvergents\/wp-content\/uploads\/2015\/07\/4617357_3_b22e_sur-les-reseaux-sociaux-de-nombreux_62ff6ca6b01b759840f332412aece338.jpg?fit=534%2C267&ssl=1","jetpack_sharing_enabled":true,"jetpack_shortlink":"https:\/\/wp.me\/p6jw1p-8G","jetpack-related-posts":[{"id":468,"url":"https:\/\/mouillere.com\/universconvergents\/2015\/07\/11\/projet-de-loi-francais-relatif-au-renseignement-on-nest-pas-sorti-de-lauberge-pense-t-on-a-bruxelles\/","url_meta":{"origin":538,"position":0},"title":"Projet de Loi fran\u00e7ais relatif au renseignement : \u00ab on n\u2019est pas sorti de l\u2019auberge ! \u00bb, pense-t-on \u00e0 Bruxelles.","author":"Fred","date":"11 juillet 2015","format":false,"excerpt":"Sauf \u00e0 vivre coup\u00e9 du monde sur une \u00eele d\u00e9serte, il n'a \u00e9chapp\u00e9 \u00e0 personne, en France comme sur la place de Bruxelles, que le texte d\u00e9finitif du projet de loi fran\u00e7ais relatif au renseignement a \u00e9t\u00e9 adopt\u00e9 le 24 juin 2015 par l'Assembl\u00e9e nationale. Ce projet de loi tr\u00e8s\u2026","rel":"","context":"Dans &quot;Cybers\u00e9curit\u00e9&quot;","block_context":{"text":"Cybers\u00e9curit\u00e9","link":"https:\/\/mouillere.com\/universconvergents\/category\/it\/cybersecurite\/"},"img":{"alt_text":"","src":"https:\/\/i0.wp.com\/mouillere.com\/universconvergents\/wp-content\/uploads\/2015\/07\/logo_new2-1.jpg?fit=304%2C304&ssl=1&resize=350%2C200","width":350,"height":200},"classes":[]},{"id":489,"url":"https:\/\/mouillere.com\/universconvergents\/2015\/07\/28\/loi-renseignement-ses-opposants-choques-et-decus\/","url_meta":{"origin":538,"position":1},"title":"\u00ab Loi Renseignement \u00bb : ses opposants choqu\u00e9s et d\u00e9\u00e7us","author":"Fred","date":"28 juillet 2015","format":false,"excerpt":"Les opposants au tr\u00e8s controvers\u00e9 projet de loi sur le renseignement font part de leur amertume apr\u00e8s la validation pour une large part du texte par le Conseil constitutionnel par sa d\u00e9cision du 23 juillet dernier. Certains ne s'avouent cependant pas encore vaincus. Fran\u00e7ois Hollande a ainsi gagn\u00e9 son pari.\u2026","rel":"","context":"Dans &quot;Cybers\u00e9curit\u00e9&quot;","block_context":{"text":"Cybers\u00e9curit\u00e9","link":"https:\/\/mouillere.com\/universconvergents\/category\/it\/cybersecurite\/"},"img":{"alt_text":"","src":"https:\/\/i0.wp.com\/mouillere.com\/universconvergents\/wp-content\/uploads\/2015\/07\/4617357_3_b22e_sur-les-reseaux-sociaux-de-nombreux_62ff6ca6b01b759840f332412aece338.jpg?fit=534%2C267&ssl=1&resize=350%2C200","width":350,"height":200,"srcset":"https:\/\/i0.wp.com\/mouillere.com\/universconvergents\/wp-content\/uploads\/2015\/07\/4617357_3_b22e_sur-les-reseaux-sociaux-de-nombreux_62ff6ca6b01b759840f332412aece338.jpg?fit=534%2C267&ssl=1&resize=350%2C200 1x, https:\/\/i0.wp.com\/mouillere.com\/universconvergents\/wp-content\/uploads\/2015\/07\/4617357_3_b22e_sur-les-reseaux-sociaux-de-nombreux_62ff6ca6b01b759840f332412aece338.jpg?fit=534%2C267&ssl=1&resize=525%2C300 1.5x"},"classes":[]},{"id":406,"url":"https:\/\/mouillere.com\/universconvergents\/2015\/07\/22\/loi-renseignement-les-francais-percoivent-une-degradation-de-la-protection-de-leur-vie-privee\/","url_meta":{"origin":538,"position":2},"title":"Loi renseignement : les Fran\u00e7ais per\u00e7oivent une d\u00e9gradation de la protection de leur vie priv\u00e9e","author":"Fred","date":"22 juillet 2015","format":false,"excerpt":"Alors que la question de la protection de la vie priv\u00e9e a \u00e9merg\u00e9 dans le d\u00e9bat public sur la loi Renseignement, le sondage Institut CSA pour l\u2019Ordre des Avocats de Paris r\u00e9v\u00e8le que les Fran\u00e7ais constatent une forte d\u00e9gradation de la protection de leurs libert\u00e9s individuelles, en particulier le respect\u2026","rel":"","context":"Dans &quot;Cybers\u00e9curit\u00e9&quot;","block_context":{"text":"Cybers\u00e9curit\u00e9","link":"https:\/\/mouillere.com\/universconvergents\/category\/it\/cybersecurite\/"},"img":{"alt_text":"","src":"https:\/\/i0.wp.com\/mouillere.com\/universconvergents\/wp-content\/uploads\/2015\/07\/Capture-d%E2%80%99%C3%A9cran-2015-07-22-%C3%A0-15.04.51.jpg?fit=1200%2C769&ssl=1&resize=350%2C200","width":350,"height":200,"srcset":"https:\/\/i0.wp.com\/mouillere.com\/universconvergents\/wp-content\/uploads\/2015\/07\/Capture-d%E2%80%99%C3%A9cran-2015-07-22-%C3%A0-15.04.51.jpg?fit=1200%2C769&ssl=1&resize=350%2C200 1x, https:\/\/i0.wp.com\/mouillere.com\/universconvergents\/wp-content\/uploads\/2015\/07\/Capture-d%E2%80%99%C3%A9cran-2015-07-22-%C3%A0-15.04.51.jpg?fit=1200%2C769&ssl=1&resize=525%2C300 1.5x, https:\/\/i0.wp.com\/mouillere.com\/universconvergents\/wp-content\/uploads\/2015\/07\/Capture-d%E2%80%99%C3%A9cran-2015-07-22-%C3%A0-15.04.51.jpg?fit=1200%2C769&ssl=1&resize=700%2C400 2x, https:\/\/i0.wp.com\/mouillere.com\/universconvergents\/wp-content\/uploads\/2015\/07\/Capture-d%E2%80%99%C3%A9cran-2015-07-22-%C3%A0-15.04.51.jpg?fit=1200%2C769&ssl=1&resize=1050%2C600 3x"},"classes":[]},{"id":77,"url":"https:\/\/mouillere.com\/universconvergents\/2015\/06\/11\/loi-renseignement-le-senat-valide-le-texte\/","url_meta":{"origin":538,"position":3},"title":"Loi Renseignement, le S\u00e9nat valide le texte","author":"Fred","date":"11 juin 2015","format":false,"excerpt":"Le S\u00e9nat a adopt\u00e9 aujourd\u2019hui le Projet de Loi sur le Renseignement, par 252 votes pour et 67 contre. La chambre haute a n\u00e9anmoins apport\u00e9... http:\/\/www.zdnet.fr\/actualites\/loi-renseignement-le-senat-valide-le-texte-39820538.htm","rel":"","context":"Dans &quot;Cybers\u00e9curit\u00e9&quot;","block_context":{"text":"Cybers\u00e9curit\u00e9","link":"https:\/\/mouillere.com\/universconvergents\/category\/it\/cybersecurite\/"},"img":{"alt_text":"","src":"https:\/\/i0.wp.com\/mouillere.com\/universconvergents\/wp-content\/uploads\/2015\/06\/1024px-Hemicycle_Senat_France.jpg?fit=1024%2C683&ssl=1&resize=350%2C200","width":350,"height":200,"srcset":"https:\/\/i0.wp.com\/mouillere.com\/universconvergents\/wp-content\/uploads\/2015\/06\/1024px-Hemicycle_Senat_France.jpg?fit=1024%2C683&ssl=1&resize=350%2C200 1x, https:\/\/i0.wp.com\/mouillere.com\/universconvergents\/wp-content\/uploads\/2015\/06\/1024px-Hemicycle_Senat_France.jpg?fit=1024%2C683&ssl=1&resize=525%2C300 1.5x, https:\/\/i0.wp.com\/mouillere.com\/universconvergents\/wp-content\/uploads\/2015\/06\/1024px-Hemicycle_Senat_France.jpg?fit=1024%2C683&ssl=1&resize=700%2C400 2x"},"classes":[]},{"id":493,"url":"https:\/\/mouillere.com\/universconvergents\/2015\/07\/28\/loi-sur-le-renseignement-critique-de-lonu\/","url_meta":{"origin":538,"position":4},"title":"Loi sur le renseignement : critique de l&#8217;ONU","author":"Fred","date":"28 juillet 2015","format":false,"excerpt":"Le Comit\u00e9 des droits de l'Homme de l'ONU s'inqui\u00e8te des \u00ab pouvoirs excessivement larges \u00bb de surveillance attribu\u00e9s aux agences de renseignement par la loi sur le renseignement en France. \u00ab Le Comit\u00e9 est pr\u00e9occup\u00e9 par les pouvoirs conf\u00e9r\u00e9s aux services de renseignements en mati\u00e8re de surveillance num\u00e9rique \u00e0 l'int\u00e9rieur\u2026","rel":"","context":"Dans &quot;Cybers\u00e9curit\u00e9&quot;","block_context":{"text":"Cybers\u00e9curit\u00e9","link":"https:\/\/mouillere.com\/universconvergents\/category\/it\/cybersecurite\/"},"img":{"alt_text":"","src":"https:\/\/i0.wp.com\/mouillere.com\/universconvergents\/wp-content\/uploads\/2015\/07\/4617357_3_b22e_sur-les-reseaux-sociaux-de-nombreux_62ff6ca6b01b759840f332412aece338.jpg?fit=534%2C267&ssl=1&resize=350%2C200","width":350,"height":200,"srcset":"https:\/\/i0.wp.com\/mouillere.com\/universconvergents\/wp-content\/uploads\/2015\/07\/4617357_3_b22e_sur-les-reseaux-sociaux-de-nombreux_62ff6ca6b01b759840f332412aece338.jpg?fit=534%2C267&ssl=1&resize=350%2C200 1x, https:\/\/i0.wp.com\/mouillere.com\/universconvergents\/wp-content\/uploads\/2015\/07\/4617357_3_b22e_sur-les-reseaux-sociaux-de-nombreux_62ff6ca6b01b759840f332412aece338.jpg?fit=534%2C267&ssl=1&resize=525%2C300 1.5x"},"classes":[]},{"id":545,"url":"https:\/\/mouillere.com\/universconvergents\/2015\/07\/30\/promulgation-de-la-loi-renseignement\/","url_meta":{"origin":538,"position":5},"title":"Promulgation de la \u00ab loi Renseignement \u00bb","author":"Fred","date":"30 juillet 2015","format":false,"excerpt":"Sa publication intervient ainsi deux jours apr\u00e8s sa validation pour une large part (\u00e0 l\u2019exception de trois articles sur les vingt-quatre que comporte le texte) par le Conseil Constitutionnel. Le texte ne s\u2019applique cependant pas dans sa totalit\u00e9 d\u00e8s lors que la mise en \u0153uvre de douze de ses articles\u2026","rel":"","context":"Dans &quot;Cybers\u00e9curit\u00e9&quot;","block_context":{"text":"Cybers\u00e9curit\u00e9","link":"https:\/\/mouillere.com\/universconvergents\/category\/it\/cybersecurite\/"},"img":{"alt_text":"","src":"https:\/\/i0.wp.com\/mouillere.com\/universconvergents\/wp-content\/uploads\/2015\/07\/4617357_3_b22e_sur-les-reseaux-sociaux-de-nombreux_62ff6ca6b01b759840f332412aece338.jpg?fit=534%2C267&ssl=1&resize=350%2C200","width":350,"height":200,"srcset":"https:\/\/i0.wp.com\/mouillere.com\/universconvergents\/wp-content\/uploads\/2015\/07\/4617357_3_b22e_sur-les-reseaux-sociaux-de-nombreux_62ff6ca6b01b759840f332412aece338.jpg?fit=534%2C267&ssl=1&resize=350%2C200 1x, https:\/\/i0.wp.com\/mouillere.com\/universconvergents\/wp-content\/uploads\/2015\/07\/4617357_3_b22e_sur-les-reseaux-sociaux-de-nombreux_62ff6ca6b01b759840f332412aece338.jpg?fit=534%2C267&ssl=1&resize=525%2C300 1.5x"},"classes":[]}],"_links":{"self":[{"href":"https:\/\/mouillere.com\/universconvergents\/wp-json\/wp\/v2\/posts\/538","targetHints":{"allow":["GET"]}}],"collection":[{"href":"https:\/\/mouillere.com\/universconvergents\/wp-json\/wp\/v2\/posts"}],"about":[{"href":"https:\/\/mouillere.com\/universconvergents\/wp-json\/wp\/v2\/types\/post"}],"author":[{"embeddable":true,"href":"https:\/\/mouillere.com\/universconvergents\/wp-json\/wp\/v2\/users\/1"}],"replies":[{"embeddable":true,"href":"https:\/\/mouillere.com\/universconvergents\/wp-json\/wp\/v2\/comments?post=538"}],"version-history":[{"count":1,"href":"https:\/\/mouillere.com\/universconvergents\/wp-json\/wp\/v2\/posts\/538\/revisions"}],"predecessor-version":[{"id":539,"href":"https:\/\/mouillere.com\/universconvergents\/wp-json\/wp\/v2\/posts\/538\/revisions\/539"}],"wp:featuredmedia":[{"embeddable":true,"href":"https:\/\/mouillere.com\/universconvergents\/wp-json\/wp\/v2\/media\/485"}],"wp:attachment":[{"href":"https:\/\/mouillere.com\/universconvergents\/wp-json\/wp\/v2\/media?parent=538"}],"wp:term":[{"taxonomy":"category","embeddable":true,"href":"https:\/\/mouillere.com\/universconvergents\/wp-json\/wp\/v2\/categories?post=538"},{"taxonomy":"post_tag","embeddable":true,"href":"https:\/\/mouillere.com\/universconvergents\/wp-json\/wp\/v2\/tags?post=538"}],"curies":[{"name":"wp","href":"https:\/\/api.w.org\/{rel}","templated":true}]}}