{"id":5540,"date":"2023-05-05T09:38:56","date_gmt":"2023-05-05T08:38:56","guid":{"rendered":"https:\/\/mouillere.com\/universconvergents\/?p=5540"},"modified":"2023-05-05T13:57:11","modified_gmt":"2023-05-05T12:57:11","slug":"metavers-respect-par-design","status":"publish","type":"post","link":"https:\/\/mouillere.com\/universconvergents\/2023\/05\/05\/metavers-respect-par-design\/","title":{"rendered":"Metavers &#8211; respect par design"},"content":{"rendered":"<p><a href=\"https:\/\/www.respectzone.org\/\" target=\"_blank\" rel=\"noopener\">Respect Zone<\/a> a publi\u00e9 un rapport sur le m\u00e9tavers suite \u00e0 l&#8217;audition de nombreux experts de l&#8217;IT tels que Giuseppe DE MARTINO ou encore Ma\u00eetre Christiane F\u00c9RAL-SCHUHL.<\/p>\n<p><!--more--><\/p>\n<blockquote><p><em>&#8220;L&#8217;interop\u00e9rabilit\u00e9, les normes ouvertes, la confidentialit\u00e9 et la s\u00e9curit\u00e9 doivent \u00eatre int\u00e9gr\u00e9es au m\u00e9tavers d\u00e8s le premier jour, et avec toutes les nouvelles technologies en cours de d\u00e9veloppement, tous ceux qui construisent pour le m\u00e9tavers doivent s&#8217;efforcer de le faire de mani\u00e8re responsable d\u00e8s le d\u00e9but&#8221; Mark Zuckerberg, Meta<\/em><\/p><\/blockquote>\n<p>&nbsp;<\/p>\n\n<p class=\"gde-text\"><a href=\"https:\/\/mouillere.com\/universconvergents\/wp-content\/uploads\/2023\/05\/2023-RAPPORT-METAVERSES-RESPECT-ET-DIVERSITE.pdf\" class=\"gde-link\">T\u00e9l\u00e9charger (PDF, 39.39Mo)<\/a><\/p>\n","protected":false},"excerpt":{"rendered":"<p>Respect Zone a publi\u00e9 un rapport sur le m\u00e9tavers suite \u00e0 l&#8217;audition de nombreux experts de l&#8217;IT tels que Giuseppe DE MARTINO ou encore Ma\u00eetre Christiane F\u00c9RAL-SCHUHL.<\/p>\n","protected":false},"author":1,"featured_media":5545,"comment_status":"closed","ping_status":"open","sticky":false,"template":"","format":"standard","meta":{"_jetpack_memberships_contains_paid_content":false,"footnotes":"","jetpack_publicize_message":"","jetpack_publicize_feature_enabled":true,"jetpack_social_post_already_shared":true,"jetpack_social_options":{"image_generator_settings":{"template":"highway","default_image_id":0,"font":"","enabled":false},"version":2}},"categories":[74],"tags":[],"class_list":["post-5540","post","type-post","status-publish","format-standard","has-post-thumbnail","hentry","category-it"],"jetpack_publicize_connections":[],"jetpack_featured_media_url":"https:\/\/i0.wp.com\/mouillere.com\/universconvergents\/wp-content\/uploads\/2023\/05\/2023-RAPPORT-METAVERSES-RESPECT-ET-DIVERSITE-1.jpeg?fit=905%2C1280&ssl=1","jetpack_sharing_enabled":true,"jetpack_shortlink":"https:\/\/wp.me\/p6jw1p-1rm","jetpack-related-posts":[{"id":5360,"url":"https:\/\/mouillere.com\/universconvergents\/2022\/11\/15\/mission-exploratoire-sur-les-metavers\/","url_meta":{"origin":5540,"position":0},"title":"Mission exploratoire sur les me\u0301tavers","author":"Fred","date":"15 novembre 2022","format":false,"excerpt":"Ce rapport explore les univers m\u00e9taversiques, des origines aux applications futures, pour le meilleur et pour le pire. \u00a0","rel":"","context":"Dans &quot;IT&quot;","block_context":{"text":"IT","link":"https:\/\/mouillere.com\/universconvergents\/category\/it\/"},"img":{"alt_text":"","src":"https:\/\/i0.wp.com\/mouillere.com\/universconvergents\/wp-content\/uploads\/2022\/11\/Metavers.jpg?fit=1200%2C392&ssl=1&resize=350%2C200","width":350,"height":200,"srcset":"https:\/\/i0.wp.com\/mouillere.com\/universconvergents\/wp-content\/uploads\/2022\/11\/Metavers.jpg?fit=1200%2C392&ssl=1&resize=350%2C200 1x, https:\/\/i0.wp.com\/mouillere.com\/universconvergents\/wp-content\/uploads\/2022\/11\/Metavers.jpg?fit=1200%2C392&ssl=1&resize=525%2C300 1.5x, https:\/\/i0.wp.com\/mouillere.com\/universconvergents\/wp-content\/uploads\/2022\/11\/Metavers.jpg?fit=1200%2C392&ssl=1&resize=700%2C400 2x, https:\/\/i0.wp.com\/mouillere.com\/universconvergents\/wp-content\/uploads\/2022\/11\/Metavers.jpg?fit=1200%2C392&ssl=1&resize=1050%2C600 3x"},"classes":[]},{"id":5104,"url":"https:\/\/mouillere.com\/universconvergents\/2022\/06\/15\/creation-de-valeur-dans-le-metavers\/","url_meta":{"origin":5540,"position":1},"title":"Cr\u00e9ation de valeur dans le metavers","author":"Fred","date":"15 juin 2022","format":false,"excerpt":"McKinsey & Company vient de publier son rapport \"Value creation in the metaverse\" \u00bb pour comprendre ce que repr\u00e9sente concr\u00e8tement la r\u00e9volution du metavers ou la promesse d'un nouveau monde virtuel. \u00a0 \u00a0 https:\/\/www.mckinsey.com\/business-functions\/growth-marketing-and-sales\/our-insights\/value-creation-in-the-metaverse \u00a0 https:\/\/youtu.be\/uIllSiXVfmI \u00a0 https:\/\/youtu.be\/u6UYGwPaLf8 \u00a0 https:\/\/youtu.be\/uVEALvpoiMQ \u00a0 \u00a0 \u00a0","rel":"","context":"Dans &quot;Internet&quot;","block_context":{"text":"Internet","link":"https:\/\/mouillere.com\/universconvergents\/category\/it\/internet\/"},"img":{"alt_text":"","src":"https:\/\/i0.wp.com\/mouillere.com\/universconvergents\/wp-content\/uploads\/2022\/06\/Capture-decran-2022-06-16-a-14.45.32-scaled.jpg?fit=1200%2C471&ssl=1&resize=350%2C200","width":350,"height":200,"srcset":"https:\/\/i0.wp.com\/mouillere.com\/universconvergents\/wp-content\/uploads\/2022\/06\/Capture-decran-2022-06-16-a-14.45.32-scaled.jpg?fit=1200%2C471&ssl=1&resize=350%2C200 1x, https:\/\/i0.wp.com\/mouillere.com\/universconvergents\/wp-content\/uploads\/2022\/06\/Capture-decran-2022-06-16-a-14.45.32-scaled.jpg?fit=1200%2C471&ssl=1&resize=525%2C300 1.5x, https:\/\/i0.wp.com\/mouillere.com\/universconvergents\/wp-content\/uploads\/2022\/06\/Capture-decran-2022-06-16-a-14.45.32-scaled.jpg?fit=1200%2C471&ssl=1&resize=700%2C400 2x, https:\/\/i0.wp.com\/mouillere.com\/universconvergents\/wp-content\/uploads\/2022\/06\/Capture-decran-2022-06-16-a-14.45.32-scaled.jpg?fit=1200%2C471&ssl=1&resize=1050%2C600 3x"},"classes":[]},{"id":5113,"url":"https:\/\/mouillere.com\/universconvergents\/2022\/06\/27\/musique-blockchain-nft-metavers\/","url_meta":{"origin":5540,"position":2},"title":"Musique, Blockchain, NFT &#038; Metavers","author":"Fred","date":"27 juin 2022","format":false,"excerpt":"L'indispensable Centre National de la Musique\u00a0vient de publier une excellente \u00e9tude sur les changements lies \u00e0 la blockchain et au NFT qui pourraient conduire \u00e0 une r\u00e9mun\u00e9ration directe, transparente et individualis\u00e9e des artistes. Rappelons que cette promesse avaient d\u00e9j\u00e0 \u00e9t\u00e9 faite par les d\u00e9fenseurs du World Wide Web et du\u2026","rel":"","context":"Dans &quot;Big Data&quot;","block_context":{"text":"Big Data","link":"https:\/\/mouillere.com\/universconvergents\/category\/it\/big-data\/"},"img":{"alt_text":"","src":"https:\/\/i0.wp.com\/mouillere.com\/universconvergents\/wp-content\/uploads\/2022\/06\/Blockchain-et-NFT-Quel-futur-pour-lindustrie-musicale.jpeg?fit=771%2C1200&ssl=1&resize=350%2C200","width":350,"height":200,"srcset":"https:\/\/i0.wp.com\/mouillere.com\/universconvergents\/wp-content\/uploads\/2022\/06\/Blockchain-et-NFT-Quel-futur-pour-lindustrie-musicale.jpeg?fit=771%2C1200&ssl=1&resize=350%2C200 1x, https:\/\/i0.wp.com\/mouillere.com\/universconvergents\/wp-content\/uploads\/2022\/06\/Blockchain-et-NFT-Quel-futur-pour-lindustrie-musicale.jpeg?fit=771%2C1200&ssl=1&resize=525%2C300 1.5x, https:\/\/i0.wp.com\/mouillere.com\/universconvergents\/wp-content\/uploads\/2022\/06\/Blockchain-et-NFT-Quel-futur-pour-lindustrie-musicale.jpeg?fit=771%2C1200&ssl=1&resize=700%2C400 2x"},"classes":[]},{"id":5059,"url":"https:\/\/mouillere.com\/universconvergents\/2022\/05\/09\/nft-blockchains-et-metavers-en-attendant-leclatement-de-la-bulle-internet-3-0\/","url_meta":{"origin":5540,"position":3},"title":"NFT, Blockchains et Metavers en attendant l&#8217;\u00e9clatement de la bulle internet 3.0","author":"Fred","date":"9 mai 2022","format":false,"excerpt":"Surm\u00e9diatis\u00e9es et survaloris\u00e9es, ces technologies dites d\u00e9centralis\u00e9es rappellent \u00a0les promesses du P2P et du march\u00e9 publicitaire des ann\u00e9es 90 avant l'\u00e9clatement de la bulle Internet en 2000. Promesses d'un monde virtuel meilleur ou d'un nouveau far west ? \u00a0 \"Il y a eu le e-commerce sur des sites web, le\u2026","rel":"","context":"Dans &quot;Blockchain&quot;","block_context":{"text":"Blockchain","link":"https:\/\/mouillere.com\/universconvergents\/category\/it\/blockchain\/"},"img":{"alt_text":"","src":"https:\/\/i0.wp.com\/mouillere.com\/universconvergents\/wp-content\/uploads\/2022\/05\/Capture-decran-2022-05-10-a-15.21.48.jpg?fit=1200%2C625&ssl=1&resize=350%2C200","width":350,"height":200,"srcset":"https:\/\/i0.wp.com\/mouillere.com\/universconvergents\/wp-content\/uploads\/2022\/05\/Capture-decran-2022-05-10-a-15.21.48.jpg?fit=1200%2C625&ssl=1&resize=350%2C200 1x, https:\/\/i0.wp.com\/mouillere.com\/universconvergents\/wp-content\/uploads\/2022\/05\/Capture-decran-2022-05-10-a-15.21.48.jpg?fit=1200%2C625&ssl=1&resize=525%2C300 1.5x, https:\/\/i0.wp.com\/mouillere.com\/universconvergents\/wp-content\/uploads\/2022\/05\/Capture-decran-2022-05-10-a-15.21.48.jpg?fit=1200%2C625&ssl=1&resize=700%2C400 2x, https:\/\/i0.wp.com\/mouillere.com\/universconvergents\/wp-content\/uploads\/2022\/05\/Capture-decran-2022-05-10-a-15.21.48.jpg?fit=1200%2C625&ssl=1&resize=1050%2C600 3x"},"classes":[]},{"id":5164,"url":"https:\/\/mouillere.com\/universconvergents\/2022\/07\/19\/livestream-musical\/","url_meta":{"origin":5540,"position":4},"title":"Livestream musical","author":"Fred","date":"19 juillet 2022","format":false,"excerpt":"Le Centre National de la Musique (CNM) et l\u2019Arcom ont publi\u00e9 une \u00e9tude sur le livestream musical apparu d\u00e8s 2007 et permettant la captation et la retransmission de concerts et spectacles en direct ou en diff\u00e9r\u00e9\u00a0directement sur les r\u00e9seaux sociaux des artistes, des salles ou des festivals (au travers de\u2026","rel":"","context":"Dans &quot;Audiovisuel&quot;","block_context":{"text":"Audiovisuel","link":"https:\/\/mouillere.com\/universconvergents\/category\/ip\/audiovisuel\/"},"img":{"alt_text":"","src":"https:\/\/i0.wp.com\/mouillere.com\/universconvergents\/wp-content\/uploads\/2022\/07\/Livestream.jpg?fit=1200%2C630&ssl=1&resize=350%2C200","width":350,"height":200,"srcset":"https:\/\/i0.wp.com\/mouillere.com\/universconvergents\/wp-content\/uploads\/2022\/07\/Livestream.jpg?fit=1200%2C630&ssl=1&resize=350%2C200 1x, https:\/\/i0.wp.com\/mouillere.com\/universconvergents\/wp-content\/uploads\/2022\/07\/Livestream.jpg?fit=1200%2C630&ssl=1&resize=525%2C300 1.5x, https:\/\/i0.wp.com\/mouillere.com\/universconvergents\/wp-content\/uploads\/2022\/07\/Livestream.jpg?fit=1200%2C630&ssl=1&resize=700%2C400 2x, https:\/\/i0.wp.com\/mouillere.com\/universconvergents\/wp-content\/uploads\/2022\/07\/Livestream.jpg?fit=1200%2C630&ssl=1&resize=1050%2C600 3x"},"classes":[]},{"id":6155,"url":"https:\/\/mouillere.com\/universconvergents\/2024\/07\/31\/rapport-sur-la-cybercriminalite-du-ministere-de-linterieur-et-des-outre-mer\/","url_meta":{"origin":5540,"position":5},"title":"Rapport sur la cybercriminalit\u00e9 du minist\u00e8re de l\u2019Int\u00e9rieur et des Outre-mer","author":"Fred","date":"31 juillet 2024","format":false,"excerpt":"D\u00e9but 2023, le ministre de l\u2019Int\u00e9rieur et des Outre-mer a lanc\u00e9 un commandement cyber intitul\u00e9 COMCYBER-MI, associant diff\u00e9rents corps et services du minist\u00e8re (gendarmerie, police nationale, direction g\u00e9n\u00e9rale de la s\u00e9curit\u00e9 int\u00e9rieure, pr\u00e9fecture de police de Paris, personnels civils), afin d\u2019analyser les menaces num\u00e9riques pesant sur les citoyens, les entreprises\u2026","rel":"","context":"Dans &quot;Cybers\u00e9curit\u00e9&quot;","block_context":{"text":"Cybers\u00e9curit\u00e9","link":"https:\/\/mouillere.com\/universconvergents\/category\/it\/cybersecurite\/"},"img":{"alt_text":"","src":"https:\/\/i0.wp.com\/mouillere.com\/universconvergents\/wp-content\/uploads\/2024\/08\/Ecosysteme-Cybercriminel.png?fit=1200%2C799&ssl=1&resize=350%2C200","width":350,"height":200,"srcset":"https:\/\/i0.wp.com\/mouillere.com\/universconvergents\/wp-content\/uploads\/2024\/08\/Ecosysteme-Cybercriminel.png?fit=1200%2C799&ssl=1&resize=350%2C200 1x, https:\/\/i0.wp.com\/mouillere.com\/universconvergents\/wp-content\/uploads\/2024\/08\/Ecosysteme-Cybercriminel.png?fit=1200%2C799&ssl=1&resize=525%2C300 1.5x, https:\/\/i0.wp.com\/mouillere.com\/universconvergents\/wp-content\/uploads\/2024\/08\/Ecosysteme-Cybercriminel.png?fit=1200%2C799&ssl=1&resize=700%2C400 2x, https:\/\/i0.wp.com\/mouillere.com\/universconvergents\/wp-content\/uploads\/2024\/08\/Ecosysteme-Cybercriminel.png?fit=1200%2C799&ssl=1&resize=1050%2C600 3x"},"classes":[]}],"_links":{"self":[{"href":"https:\/\/mouillere.com\/universconvergents\/wp-json\/wp\/v2\/posts\/5540","targetHints":{"allow":["GET"]}}],"collection":[{"href":"https:\/\/mouillere.com\/universconvergents\/wp-json\/wp\/v2\/posts"}],"about":[{"href":"https:\/\/mouillere.com\/universconvergents\/wp-json\/wp\/v2\/types\/post"}],"author":[{"embeddable":true,"href":"https:\/\/mouillere.com\/universconvergents\/wp-json\/wp\/v2\/users\/1"}],"replies":[{"embeddable":true,"href":"https:\/\/mouillere.com\/universconvergents\/wp-json\/wp\/v2\/comments?post=5540"}],"version-history":[{"count":2,"href":"https:\/\/mouillere.com\/universconvergents\/wp-json\/wp\/v2\/posts\/5540\/revisions"}],"predecessor-version":[{"id":5546,"href":"https:\/\/mouillere.com\/universconvergents\/wp-json\/wp\/v2\/posts\/5540\/revisions\/5546"}],"wp:featuredmedia":[{"embeddable":true,"href":"https:\/\/mouillere.com\/universconvergents\/wp-json\/wp\/v2\/media\/5545"}],"wp:attachment":[{"href":"https:\/\/mouillere.com\/universconvergents\/wp-json\/wp\/v2\/media?parent=5540"}],"wp:term":[{"taxonomy":"category","embeddable":true,"href":"https:\/\/mouillere.com\/universconvergents\/wp-json\/wp\/v2\/categories?post=5540"},{"taxonomy":"post_tag","embeddable":true,"href":"https:\/\/mouillere.com\/universconvergents\/wp-json\/wp\/v2\/tags?post=5540"}],"curies":[{"name":"wp","href":"https:\/\/api.w.org\/{rel}","templated":true}]}}