{"id":6284,"date":"2024-09-30T22:19:09","date_gmt":"2024-09-30T21:19:09","guid":{"rendered":"https:\/\/mouillere.com\/universconvergents\/?p=6284"},"modified":"2025-10-29T18:02:34","modified_gmt":"2025-10-29T17:02:34","slug":"le-secret-professionnel-de-lavocat-est-il-limite-a-lexercice-des-droits-de-la-defense","status":"publish","type":"post","link":"https:\/\/mouillere.com\/universconvergents\/2024\/09\/30\/le-secret-professionnel-de-lavocat-est-il-limite-a-lexercice-des-droits-de-la-defense\/","title":{"rendered":"Le secret professionnel de l&#8217;avocat est-il limit\u00e9 \u00e0 l&#8217;exercice des droits de la d\u00e9fense ?"},"content":{"rendered":"<p>La jurisprudence fran\u00e7aise a tendance \u00e0 limiter le champs du secret professionnel de l&#8217;avocat \u00e0 la d\u00e9fense des personnes ayant commis ou pensant avoir commis une infraction (exercice des droits de la d\u00e9fense), mais non lorsque des conseils sont demand\u00e9s \u00e0 un avocat avant toute commission d\u2019une infraction (activit\u00e9 de conseil). Par un arr\u00eat du 26 juillet 2024, la CJUE a rappel\u00e9 le principe de la protection renforc\u00e9e des communications entre un avocat et son client, y compris pour les activit\u00e9s de conseil.<\/p>\n<p><!--more--><\/p>\n<p>L\u2019article 8 de la Convention europ\u00e9enne des droits de l\u2019homme accorde une<strong> protection renforc\u00e9e<\/strong> aux <strong>\u00e9changes entre les avocats et leurs clients. <\/strong>Cette protection renforc\u00e9e se justifie par la consid\u00e9ration que les avocats assurent une mission fondamentale dans une soci\u00e9t\u00e9 d\u00e9mocratique, reposant sur une relation de confiance avec leurs clients, auxquels est ainsi garanti le droit \u00e0 un proc\u00e8s \u00e9quitable, comprenant le droit de tout accus\u00e9 de ne pas s&#8217;auto-incriminer.<\/p>\n<p>Si cette protection est renforc\u00e9e, <strong>elle s&#8217;applique &#8220;<em>lorsqu\u2019une personne a commis ou pense avoir commis une infraction, mais non lorsque des conseils sont demand\u00e9s \u00e0 un avocat avant toute commission d\u2019une infraction, et qu\u2019il s\u2019agit donc de conseils qui auraient pu \u00eatre sollicit\u00e9s aupr\u00e8s de toutes les autres personnes exer\u00e7ant des missions de conseil juridique, comme par exemple des notaires<\/em>&#8220;<\/strong>. Dans sa d\u00e9cision du 1er mars 2024, le Conseil d\u2019\u00c9tat a ainsi rejet\u00e9 la requ\u00eate des avocats contre une circulaire du 28 f\u00e9vrier 2022 pr\u00e9sentant les dispositions de loi Confiance renfor\u00e7ant les droits de la d\u00e9fense. Saisi par l\u2019Association des avocats p\u00e9nalistes, l\u2019ordre des avocats au barreau de Paris et l\u2019ordre des avocats au barreau des Hauts-de-Seine soutenus par la Conf\u00e9rence des b\u00e2tonniers et le CNB, le CE a rejet\u00e9 leur demande d\u2019annulation pour exc\u00e8s de pouvoir de la circulaire. Le Conseil d\u2019\u00c9tat a confirm\u00e9 que &#8220;<em><strong>le l\u00e9gislateur a entendu \u00e9largir le champ du secret professionnel \u00e0 une partie seulement des activit\u00e9s de conseil des avocats, et non \u00e0 l\u2019ensemble d\u2019entre elles (&#8230;) <\/strong><\/em><em><strong>Si les documents r\u00e9sultant d\u2019une activit\u00e9 de conseil d\u2019un avocat apr\u00e8s la commission d\u2019une infraction par son client doivent \u00eatre regard\u00e9s, alors m\u00eame que celui-ci ne fait l\u2019objet d\u2019aucune poursuite p\u00e9nale ou mise en cause au moment o\u00f9 cette activit\u00e9 de conseil intervient, comme participant de la pr\u00e9paration d\u2019une d\u00e9fense \u00e0 venir et, \u00e0 ce titre, comme relevant de l\u2019exercice des droits de la d\u00e9fense, il en va autrement des documents r\u00e9sultant d\u2019une activit\u00e9 de conseil d\u2019un avocat avant toute commission d\u2019une infraction par son client, lesquels, d\u00e8s lors qu\u2019ils ne rel\u00e8vent pas de l\u2019exercice des droits de la d\u00e9fense au sens du second alin\u00e9a de l\u2019article 56-1 du Code de proc\u00e9dure p\u00e9nale, ne sont pas couverts par le secret professionnel&#8221;<\/strong><\/em>.<\/p>\n<iframe src=\"\/\/docs.google.com\/viewer?url=https%3A%2F%2Fmouillere.com%2Funiversconvergents%2Fwp-content%2Fuploads%2F2024%2F08%2F2024-03-01-CE-Decision462957-SecretProfessionnel.pdf&hl=fr&embedded=true\" class=\"gde-frame\" style=\"width:100%; height:500px; border: none;\" scrolling=\"no\"><\/iframe>\n<p class=\"gde-text\"><a href=\"https:\/\/mouillere.com\/universconvergents\/wp-content\/uploads\/2024\/08\/2024-03-01-CE-Decision462957-SecretProfessionnel.pdf\" class=\"gde-link\">T\u00e9l\u00e9charger (PDF, 218KB)<\/a><\/p>\n<div class=\"page\" title=\"Page 4\">\n<div class=\"layoutArea\">Dans un arr\u00eat du 24 septembre 2024, la Cour de cassation a confirm\u00e9 l&#8217;arr\u00eat de la cour d&#8217;appel dans une affaire o\u00f9 des op\u00e9rations de visite et saisie, autoris\u00e9es par le juge des libert\u00e9s et de la d\u00e9tention sur le fondement de l&#8217;article L. 450-4 du code de commerce, avaient \u00e9t\u00e9 pratiqu\u00e9es dans les locaux d&#8217;une soci\u00e9t\u00e9 d&#8217;avocats :<\/div>\n<\/div>\n<p>&#8211; si les documents et les correspondances \u00e9chang\u00e9s entre le client et son avocat sont couverts par le secret professionnel, il demeure qu&#8217;ils peuvent notamment \u00eatre saisis dans le cadre des op\u00e9rations de visite pr\u00e9vues par l&#8217;article L. 450-4 du code de commerce <strong>d\u00e8s lors qu&#8217;ils ne rel\u00e8vent pas de l&#8217;exercice des droits de la d\u00e9fense<\/strong> ;<br \/>\n&#8211; les dispositions des articles 56-1 et 56-1-1 du code de proc\u00e9dure p\u00e9nale ne sont pas applicables aux op\u00e9rations de visite et de saisie autoris\u00e9es en application de l&#8217;article L. 450-4 du code de commerce, sauf, s&#8217;agissant du premier de ces articles, si ladite visite a lieu dans l&#8217;un des lieux qu&#8217;il mentionne, et ce, en application du dernier alin\u00e9a dudit article.<br \/>\nEn l&#8217;esp\u00e8ce, dans le cadre d&#8217;op\u00e9rations de visite sur le fondement de l&#8217;article L. 450-4 du code de commerce, il appartenait \u00e0 la soci\u00e9t\u00e9 d&#8217;avocats d&#8217;identifier au sein des fichiers saisis ceux relevant de l&#8217;exercice des droits de la d\u00e9fense qui ne peuvent pas \u00eatre saisis. La soci\u00e9t\u00e9 d&#8217;avocats qui aurait du identifier au sein des fichiers saisis ceux relevant de l&#8217;exercice des droits de la d\u00e9fense, n&#8217;a pas mis en mesure le juge d&#8217;exercer son contr\u00f4le.<\/p>\n<iframe src=\"\/\/docs.google.com\/viewer?url=https%3A%2F%2Fmouillere.com%2Funiversconvergents%2Fwp-content%2Fuploads%2F2024%2F08%2F2024-09-24-CCass-SecretProfessionnel.pdf&hl=fr&embedded=true\" class=\"gde-frame\" style=\"width:100%; height:500px; border: none;\" scrolling=\"no\"><\/iframe>\n<p class=\"gde-text\"><a href=\"https:\/\/mouillere.com\/universconvergents\/wp-content\/uploads\/2024\/08\/2024-09-24-CCass-SecretProfessionnel.pdf\" class=\"gde-link\">T\u00e9l\u00e9charger (PDF, 18KB)<\/a><\/p>\n<p>Des avocats craignaient que ces d\u00e9cisions mettent fin au secret professionnel en mati\u00e8re de conseil. Dans une affaire dans laquelle un cabinet d&#8217;avocat luxembourgeois s&#8217;\u00e9tait oppos\u00e9 \u00e0 la remise de consultations et correspondances avocat-client aux autorit\u00e9s fiscales espagnoles par le biais de la coop\u00e9ration internationale, la CJUE a rappel\u00e9 le 26 septembre 2024 le principe de la protection renforc\u00e9e des communications entre un avocat et son client, y compris s&#8217;agissant de l&#8217;activit\u00e9 de conseil, remettant ainsi en cause la position de la cour de cassation :<\/p>\n<blockquote><p><em>&#8220;L\u2019article 7 de la charte des droits fondamentaux de l\u2019Union europ\u00e9enne <\/em><em>doit \u00eatre interpr\u00e9t\u00e9 en ce sens qu&#8217;<\/em><em>une consultation juridique d\u2019avocat en mati\u00e8re de droit des soci\u00e9t\u00e9s entre dans le champ de <\/em><em>la protection renforc\u00e9e des \u00e9changes entre un avocat et son client, garantie par cet article, si <\/em><em>bien qu\u2019une d\u00e9cision enjoignant \u00e0 un avocat de fournir \u00e0 l\u2019administration de l\u2019\u00c9tat membre (&#8230;)<\/em><em> l\u2019ensemble de la documentation <\/em><em>et des informations relatives \u00e0 ses relations avec son client, aff\u00e9rentes \u00e0 une telle <\/em><em>consultation, constitue une ing\u00e9rence dans le droit au respect des communications entre un <\/em><em>avocat et son client, garanti par ledit article (&#8230;)<\/em><strong><em> L\u2019article 7 et l\u2019article 52, paragraphe 1, de la charte des droits fondamentaux doivent \u00eatre <\/em><em>interpr\u00e9t\u00e9s en ce sens qu\u2019ils s\u2019opposent \u00e0 une injonction <\/em><em>fond\u00e9e sur une r\u00e9glementation nationale en vertu de laquelle le conseil et <\/em><em>la repr\u00e9sentation par un avocat dans le domaine fiscal ne b\u00e9n\u00e9ficient pas, sauf en cas de <\/em><\/strong><strong><em>risque de poursuites p\u00e9nales pour le client, de la protection renforc\u00e9e des communications <\/em><em>entre un avocat et son client, garantie par cet article 7&#8243;<\/em><\/strong><\/p><\/blockquote>\n<p>&nbsp;<\/p>\n<iframe src=\"\/\/docs.google.com\/viewer?url=https%3A%2F%2Fmouillere.com%2Funiversconvergents%2Fwp-content%2Fuploads%2F2024%2F08%2F2024-09-26-CJUE-SecretProfessionnel.pdf&hl=fr&embedded=true\" class=\"gde-frame\" style=\"width:100%; height:500px; border: none;\" scrolling=\"no\"><\/iframe>\n<p class=\"gde-text\"><a href=\"https:\/\/mouillere.com\/universconvergents\/wp-content\/uploads\/2024\/08\/2024-09-26-CJUE-SecretProfessionnel.pdf\" class=\"gde-link\">T\u00e9l\u00e9charger (PDF, 325KB)<\/a><\/p>\n<p>&nbsp;<\/p>\n<p>La position communautaire rejoint donc celle du CNB qui a codifi\u00e9 l&#8217;\u00e9tendue du secret professionnel dans le R\u00e8glement Int\u00e9rieur National de la profession d\u2019avocat (RIN) comme suit :<\/p>\n<p>&nbsp;<\/p>\n<blockquote><p><em>&#8220;Le secret professionnel couvre en toute mati\u00e8re, <strong>dans le domaine du conseil ou celui de la d\u00e9fense<\/strong>, et quels qu\u2019en soient les supports, mat\u00e9riels ou immat\u00e9riels (papier, t\u00e9l\u00e9copie, voie \u00e9lectronique \u2026) :<\/em><br \/>\n<em>\u2022 les consultations adress\u00e9es par un avocat \u00e0 son client ou destin\u00e9es \u00e0 celui-ci ;<\/em><br \/>\n<em>\u2022 les correspondances \u00e9chang\u00e9es entre le client et son avocat, entre l\u2019avocat et ses confr\u00e8res, \u00e0 l\u2019exception pour ces derni\u00e8res de celles portant la mention officielle ;<\/em><br \/>\n<em>\u2022 les notes d\u2019entretien et plus g\u00e9n\u00e9ralement toutes les pi\u00e8ces du dossier, toutes les informations et confidences re\u00e7ues par l\u2019avocat dans l\u2019exercice de la profession ;<\/em><br \/>\n<em>(&#8230;)&#8221; (Art. 2.2 du RIN)<\/em><\/p><\/blockquote>\n<blockquote class=\"wp-embedded-content\" data-secret=\"q99tXyzaFq\"><p><a href=\"https:\/\/mouillere.com\/universconvergents\/2025\/10\/28\/limitation-du-secret-professionnel-de-lavocat-a-lexercice-des-droits-de-la-defense\/\">Limitation du secret professionnel de l&#8217;avocat \u00e0 l&#8217;exercice des droits de la d\u00e9fense<\/a><\/p><\/blockquote>\n<p><iframe loading=\"lazy\" class=\"wp-embedded-content\" sandbox=\"allow-scripts\" security=\"restricted\" style=\"position: absolute; visibility: hidden;\" title=\"\u00ab\u00a0Limitation du secret professionnel de l&#8217;avocat \u00e0 l&#8217;exercice des droits de la d\u00e9fense\u00a0\u00bb &#8212; UniversConvergents\" src=\"https:\/\/mouillere.com\/universconvergents\/2025\/10\/28\/limitation-du-secret-professionnel-de-lavocat-a-lexercice-des-droits-de-la-defense\/embed\/#?secret=LlbUN8ukpV#?secret=q99tXyzaFq\" data-secret=\"q99tXyzaFq\" width=\"600\" height=\"338\" frameborder=\"0\" marginwidth=\"0\" marginheight=\"0\" scrolling=\"no\"><\/iframe><\/p>\n","protected":false},"excerpt":{"rendered":"<p>La jurisprudence fran\u00e7aise a tendance \u00e0 limiter le champs du secret professionnel de l&#8217;avocat \u00e0 la d\u00e9fense des personnes ayant commis ou pensant avoir commis une infraction (exercice des droits&hellip; <\/p>\n","protected":false},"author":1,"featured_media":6285,"comment_status":"closed","ping_status":"open","sticky":false,"template":"","format":"standard","meta":{"_jetpack_memberships_contains_paid_content":false,"footnotes":"","jetpack_publicize_message":"","jetpack_publicize_feature_enabled":true,"jetpack_social_post_already_shared":true,"jetpack_social_options":{"image_generator_settings":{"template":"highway","default_image_id":0,"font":"","enabled":false},"version":2}},"categories":[30,180],"tags":[],"class_list":["post-6284","post","type-post","status-publish","format-standard","has-post-thumbnail","hentry","category-avocat","category-le-secret-professionnel"],"jetpack_publicize_connections":[],"jetpack_featured_media_url":"https:\/\/i0.wp.com\/mouillere.com\/universconvergents\/wp-content\/uploads\/2024\/10\/SecretProfessionnel.jpeg?fit=1024%2C1024&ssl=1","jetpack_sharing_enabled":false,"jetpack_shortlink":"https:\/\/wp.me\/p6jw1p-1Dm","jetpack-related-posts":[{"id":6765,"url":"https:\/\/mouillere.com\/universconvergents\/2025\/10\/28\/limitation-du-secret-professionnel-de-lavocat-a-lexercice-des-droits-de-la-defense\/","url_meta":{"origin":6284,"position":0},"title":"Limitation du secret professionnel de l&#8217;avocat \u00e0 l&#8217;exercice des droits de la d\u00e9fense","author":"Fred","date":"28 octobre 2025","format":false,"excerpt":"La Chambre criminelle de la Cour de cassation maintient depuis des ann\u00e9es son interpr\u00e9tation restrictive du secret professionnel limit\u00e9 aux seules activit\u00e9s li\u00e9es \u00e0 l'exercice des droits de la d\u00e9fense, excluant ainsi l'activit\u00e9 de conseil. Me VOGEL et de nombreux avocats consid\u00e8rent que cette position entre en contradiction avec de\u2026","rel":"","context":"Dans &quot;Avocat&quot;","block_context":{"text":"Avocat","link":"https:\/\/mouillere.com\/universconvergents\/category\/avocat\/"},"img":{"alt_text":"","src":"https:\/\/i0.wp.com\/mouillere.com\/universconvergents\/wp-content\/uploads\/2025\/10\/2025-AVOCAT-VOGEL-SecretProfessionnel.png?fit=1200%2C800&ssl=1&resize=350%2C200","width":350,"height":200,"srcset":"https:\/\/i0.wp.com\/mouillere.com\/universconvergents\/wp-content\/uploads\/2025\/10\/2025-AVOCAT-VOGEL-SecretProfessionnel.png?fit=1200%2C800&ssl=1&resize=350%2C200 1x, https:\/\/i0.wp.com\/mouillere.com\/universconvergents\/wp-content\/uploads\/2025\/10\/2025-AVOCAT-VOGEL-SecretProfessionnel.png?fit=1200%2C800&ssl=1&resize=525%2C300 1.5x, https:\/\/i0.wp.com\/mouillere.com\/universconvergents\/wp-content\/uploads\/2025\/10\/2025-AVOCAT-VOGEL-SecretProfessionnel.png?fit=1200%2C800&ssl=1&resize=700%2C400 2x, https:\/\/i0.wp.com\/mouillere.com\/universconvergents\/wp-content\/uploads\/2025\/10\/2025-AVOCAT-VOGEL-SecretProfessionnel.png?fit=1200%2C800&ssl=1&resize=1050%2C600 3x"},"classes":[]},{"id":3146,"url":"https:\/\/mouillere.com\/universconvergents\/2024\/08\/13\/03-avocat-le-secret-professionnel\/","url_meta":{"origin":6284,"position":1},"title":"03 &#8211; Avocat &#8211; Le secret professionnel","author":"Fred","date":"13 ao\u00fbt 2024","format":false,"excerpt":"Deux principes essentiels dominent l'exercice de la profession d'avocat : l'ind\u00e9pendance qui en est l'\u00e2me et le secret professionnel qui en est le c\u0153ur. Indissociable de son ind\u00e9pendance, le secret professionnel est consubstantiel \u00e0 la profession d\u2019avocat mais n'est pas un bouclier destin\u00e9 \u00e0 le prot\u00e9ger et fait de lui\u2026","rel":"","context":"Dans &quot;Avocat&quot;","block_context":{"text":"Avocat","link":"https:\/\/mouillere.com\/universconvergents\/category\/avocat\/"},"img":{"alt_text":"","src":"https:\/\/i0.wp.com\/mouillere.com\/universconvergents\/wp-content\/uploads\/2024\/08\/03-Avocat-Le-secret-professionnel.001.jpeg?fit=1200%2C675&ssl=1&resize=350%2C200","width":350,"height":200,"srcset":"https:\/\/i0.wp.com\/mouillere.com\/universconvergents\/wp-content\/uploads\/2024\/08\/03-Avocat-Le-secret-professionnel.001.jpeg?fit=1200%2C675&ssl=1&resize=350%2C200 1x, https:\/\/i0.wp.com\/mouillere.com\/universconvergents\/wp-content\/uploads\/2024\/08\/03-Avocat-Le-secret-professionnel.001.jpeg?fit=1200%2C675&ssl=1&resize=525%2C300 1.5x, https:\/\/i0.wp.com\/mouillere.com\/universconvergents\/wp-content\/uploads\/2024\/08\/03-Avocat-Le-secret-professionnel.001.jpeg?fit=1200%2C675&ssl=1&resize=700%2C400 2x, https:\/\/i0.wp.com\/mouillere.com\/universconvergents\/wp-content\/uploads\/2024\/08\/03-Avocat-Le-secret-professionnel.001.jpeg?fit=1200%2C675&ssl=1&resize=1050%2C600 3x"},"classes":[]},{"id":5933,"url":"https:\/\/mouillere.com\/universconvergents\/2024\/05\/01\/legal-privilege-ni-pour-ni-contre-bien-au-contraire\/","url_meta":{"origin":6284,"position":2},"title":"Legal privilege : ni pour, ni contre, bien au contraire","author":"Fred","date":"1 mai 2024","format":false,"excerpt":"Le concept anglo-saxon de legal privilege prot\u00e8ge la confidentialit\u00e9 des avis \u00e9mis par les juristes d'entreprise. En France, la question de la protection de la confidentialit\u00e9 des avis des juristes d'entreprise et la cr\u00e9ation d\u2019un statut d\u2019avocat en entreprise dot\u00e9 de la d\u00e9ontologie de l\u2019avocat afin d'attribuer aux juristes d'entreprises\u2026","rel":"","context":"Dans &quot;Avocat&quot;","block_context":{"text":"Avocat","link":"https:\/\/mouillere.com\/universconvergents\/category\/avocat\/"},"img":{"alt_text":"","src":"https:\/\/i0.wp.com\/mouillere.com\/universconvergents\/wp-content\/uploads\/2024\/05\/LegalPrivilege.jpeg?fit=1024%2C1024&ssl=1&resize=350%2C200","width":350,"height":200,"srcset":"https:\/\/i0.wp.com\/mouillere.com\/universconvergents\/wp-content\/uploads\/2024\/05\/LegalPrivilege.jpeg?fit=1024%2C1024&ssl=1&resize=350%2C200 1x, https:\/\/i0.wp.com\/mouillere.com\/universconvergents\/wp-content\/uploads\/2024\/05\/LegalPrivilege.jpeg?fit=1024%2C1024&ssl=1&resize=525%2C300 1.5x, https:\/\/i0.wp.com\/mouillere.com\/universconvergents\/wp-content\/uploads\/2024\/05\/LegalPrivilege.jpeg?fit=1024%2C1024&ssl=1&resize=700%2C400 2x"},"classes":[]},{"id":6409,"url":"https:\/\/mouillere.com\/universconvergents\/2025\/01\/05\/affaire-bismuth-entre-mediocrite-mediocratie-et-mediacratie\/","url_meta":{"origin":6284,"position":3},"title":"Affaire Bismuth : entre m\u00e9diocrit\u00e9, m\u00e9diocratie et m\u00e9diacratie","author":"Fred","date":"5 janvier 2025","format":false,"excerpt":"La Cour de cassation a rendu d\u00e9finitive la condamnation de Nicolas Sarkozy pour corruption et trafic d\u2019influence \u00e0 trois ans d\u2019emprisonnement dont un an ferme sous bracelet \u00e9lectronique avec trois ans d\u2019in\u00e9ligibilit\u00e9. Comment un pr\u00e9sident de la R\u00e9publique gardien des institutions cumulant un nombre historique de poursuites et de condamnations\u2026","rel":"","context":"Dans &quot;Avocat&quot;","block_context":{"text":"Avocat","link":"https:\/\/mouillere.com\/universconvergents\/category\/avocat\/"},"img":{"alt_text":"","src":"https:\/\/i0.wp.com\/mouillere.com\/universconvergents\/wp-content\/uploads\/2025\/01\/2024-12-18-CCass-Bismuth.jpg?fit=1024%2C768&ssl=1&resize=350%2C200","width":350,"height":200,"srcset":"https:\/\/i0.wp.com\/mouillere.com\/universconvergents\/wp-content\/uploads\/2025\/01\/2024-12-18-CCass-Bismuth.jpg?fit=1024%2C768&ssl=1&resize=350%2C200 1x, https:\/\/i0.wp.com\/mouillere.com\/universconvergents\/wp-content\/uploads\/2025\/01\/2024-12-18-CCass-Bismuth.jpg?fit=1024%2C768&ssl=1&resize=525%2C300 1.5x, https:\/\/i0.wp.com\/mouillere.com\/universconvergents\/wp-content\/uploads\/2025\/01\/2024-12-18-CCass-Bismuth.jpg?fit=1024%2C768&ssl=1&resize=700%2C400 2x"},"classes":[]},{"id":3851,"url":"https:\/\/mouillere.com\/universconvergents\/2024\/07\/30\/19-avocat-la-formation-continue\/","url_meta":{"origin":6284,"position":4},"title":"19 &#8211; Avocat &#8211; La formation continue","author":"Fred","date":"30 juillet 2024","format":false,"excerpt":"Afin d'assurer le perfectionnement et l'actualisation des connaissances n\u00e9cessaires \u00e0 l'exercice de la profession, l\u2019ensemble des avocats inscrits au tableau de l\u2019Ordre sont soumis depuis 2005 \u00e0 une obligation de formation continue de 20 heures par an ou de 40 heures au cours de deux ann\u00e9es cons\u00e9cutives. Le l\u00e9gislateur a\u2026","rel":"","context":"Dans &quot;Avocat&quot;","block_context":{"text":"Avocat","link":"https:\/\/mouillere.com\/universconvergents\/category\/avocat\/"},"img":{"alt_text":"","src":"https:\/\/i0.wp.com\/mouillere.com\/universconvergents\/wp-content\/uploads\/2024\/07\/19-Avocat-Formation-continue.001.jpeg?fit=1200%2C675&ssl=1&resize=350%2C200","width":350,"height":200,"srcset":"https:\/\/i0.wp.com\/mouillere.com\/universconvergents\/wp-content\/uploads\/2024\/07\/19-Avocat-Formation-continue.001.jpeg?fit=1200%2C675&ssl=1&resize=350%2C200 1x, https:\/\/i0.wp.com\/mouillere.com\/universconvergents\/wp-content\/uploads\/2024\/07\/19-Avocat-Formation-continue.001.jpeg?fit=1200%2C675&ssl=1&resize=525%2C300 1.5x, https:\/\/i0.wp.com\/mouillere.com\/universconvergents\/wp-content\/uploads\/2024\/07\/19-Avocat-Formation-continue.001.jpeg?fit=1200%2C675&ssl=1&resize=700%2C400 2x, https:\/\/i0.wp.com\/mouillere.com\/universconvergents\/wp-content\/uploads\/2024\/07\/19-Avocat-Formation-continue.001.jpeg?fit=1200%2C675&ssl=1&resize=1050%2C600 3x"},"classes":[]},{"id":4752,"url":"https:\/\/mouillere.com\/universconvergents\/2020\/07\/09\/guide-du-cnb-sur-les-enquetes-internes\/","url_meta":{"origin":6284,"position":5},"title":"Guide du CNB sur les enqu\u00eates internes","author":"Fred","date":"9 juillet 2020","format":false,"excerpt":"Le Conseil National des Barreaux (CNB) vient de publier un guide pour accompagner les avocats aux enqu\u00eates internes qui se d\u00e9veloppent depuis la Loi Sapin II du 9 d\u00e9cembre 2016 pour d\u00e9tecter et pr\u00e9venir toutes formes de corruption dans l'entreprise, mais \u00e9galement dans le domaine droit du travail (harc\u00e8lement), du\u2026","rel":"","context":"Dans &quot;Avocat&quot;","block_context":{"text":"Avocat","link":"https:\/\/mouillere.com\/universconvergents\/category\/avocat\/"},"img":{"alt_text":"","src":"","width":0,"height":0},"classes":[]}],"_links":{"self":[{"href":"https:\/\/mouillere.com\/universconvergents\/wp-json\/wp\/v2\/posts\/6284","targetHints":{"allow":["GET"]}}],"collection":[{"href":"https:\/\/mouillere.com\/universconvergents\/wp-json\/wp\/v2\/posts"}],"about":[{"href":"https:\/\/mouillere.com\/universconvergents\/wp-json\/wp\/v2\/types\/post"}],"author":[{"embeddable":true,"href":"https:\/\/mouillere.com\/universconvergents\/wp-json\/wp\/v2\/users\/1"}],"replies":[{"embeddable":true,"href":"https:\/\/mouillere.com\/universconvergents\/wp-json\/wp\/v2\/comments?post=6284"}],"version-history":[{"count":6,"href":"https:\/\/mouillere.com\/universconvergents\/wp-json\/wp\/v2\/posts\/6284\/revisions"}],"predecessor-version":[{"id":6777,"href":"https:\/\/mouillere.com\/universconvergents\/wp-json\/wp\/v2\/posts\/6284\/revisions\/6777"}],"wp:featuredmedia":[{"embeddable":true,"href":"https:\/\/mouillere.com\/universconvergents\/wp-json\/wp\/v2\/media\/6285"}],"wp:attachment":[{"href":"https:\/\/mouillere.com\/universconvergents\/wp-json\/wp\/v2\/media?parent=6284"}],"wp:term":[{"taxonomy":"category","embeddable":true,"href":"https:\/\/mouillere.com\/universconvergents\/wp-json\/wp\/v2\/categories?post=6284"},{"taxonomy":"post_tag","embeddable":true,"href":"https:\/\/mouillere.com\/universconvergents\/wp-json\/wp\/v2\/tags?post=6284"}],"curies":[{"name":"wp","href":"https:\/\/api.w.org\/{rel}","templated":true}]}}