{"id":6305,"date":"2024-10-21T22:47:28","date_gmt":"2024-10-21T21:47:28","guid":{"rendered":"https:\/\/mouillere.com\/universconvergents\/?p=6305"},"modified":"2024-10-22T17:39:30","modified_gmt":"2024-10-22T16:39:30","slug":"impact-environnemental-des-pratiques-audiovisuelles","status":"publish","type":"post","link":"https:\/\/mouillere.com\/universconvergents\/2024\/10\/21\/impact-environnemental-des-pratiques-audiovisuelles\/","title":{"rendered":"Impact environnemental des pratiques audiovisuelles"},"content":{"rendered":"<p>L&#8217;ARCOM et l&#8217;ADEME ont publi\u00e9 une \u00e9tude mesurant l\u2019impact environnemental des pratiques audiovisuelles en analysant l&#8217;impact des terminaux (TV, d\u00e9codeur, radio, tablette, smartphone), des r\u00e9seaux (TNT, FM, Wifi, 4G\/5G) et des centres de donn\u00e9es.<\/p>\n<p><!--more--><\/p>\n<p>L\u2019article 15 de la loi du 22 ao\u00fbt 2021 portant lutte contre le d\u00e9r\u00e8glement climatique et le renforcement de la r\u00e9silience face \u00e0 ses effets dite \u00ab climat et r\u00e9silience \u00bb a confi\u00e9 \u00e0 l&#8217;ARCEP et l&#8217;ARCOM, la publication d\u2019un rapport \u00ab mesurant l&#8217;impact environnemental des diff\u00e9rents modes de diffusion des services de m\u00e9dias audiovisuels \u00bb, dans le but de \u00ab renforcer l&#8217;information des consommateurs sur la consommation \u00e9nerg\u00e9tique et les \u00e9missions de gaz \u00e0 effet de serre li\u00e9es \u00e0 la consommation de contenus audiovisuels, \u00e0 la fabrication des terminaux et p\u00e9riph\u00e9riques de connexion ainsi qu&#8217;\u00e0 l&#8217;exploitation des \u00e9quipements de r\u00e9seaux et des centres de donn\u00e9es n\u00e9cessaires \u00e0 cette consommation \u00bb.<\/p>\n<p>L&#8217;\u00e9tude propose :<\/p>\n<ul>\n<li>un \u00e9tat des lieux des technologies et usages audiovisuels en France suivi de trois \u00e9valuations de l\u2019empreinte environnementale de la diffusion<br \/>\naudiovisuelle;<\/li>\n<li>une \u00e9valuation comparative de neuf sc\u00e9narios d\u2019usage audiovisuels (\u00e0 l\u2019\u00e9chelle d\u2019une heure de consommation d\u2019un contenu);<\/li>\n<li>une \u00e9valuation globale des usages audiovisuels \u00e0 l\u2019\u00e9chelle de la France sur un an (en 2022);<\/li>\n<li>une analyse prospective \u00e0 horizon 2030 de l\u2019\u00e9volution de ces impacts suivant trois sc\u00e9narios.<\/li>\n<\/ul>\n<p>Seule la diffusion et la r\u00e9ception des contenus audiovisuels sont prises en compte dans cette \u00e9tude, les activit\u00e9s li\u00e9es \u00e0 leur production (tournage, etc.), ainsi qu\u2019\u00e0 la gestion des donn\u00e9es des utilisateurs sont exclues.<\/p>\n<p>Parmi les indicateurs analys\u00e9s :<\/p>\n<ul>\n<li>changement climatique (kg CO2eq.) ;<\/li>\n<li>particules fines (disease incidence) ;<\/li>\n<li>acidification (Mol H+eq.) ;<\/li>\n<li>\u00e9puisement des ressources, min\u00e9raux et m\u00e9taux (kg Sb eq.);<\/li>\n<li>consommation d\u2019\u00e9nergie primaire totale (MJ) ;<\/li>\n<li>consommation d\u2019\u00e9nergie finale (kWh);<\/li>\n<li>radiations ionisantes (kBq U235 eq) ;<\/li>\n<li>\u00e9cotoxicit\u00e9 d\u2019eau douce (CTUe) ;<\/li>\n<li>\u00e9puisement des ressources fossiles (MJ) ;<\/li>\n<li>utilisation de mati\u00e8res premi\u00e8res (kg) ;<\/li>\n<li>consommation nette d\u2019eau (m3).<\/li>\n<\/ul>\n<p>Parmi les sc\u00e9narios analys\u00e9s :<\/p>\n<ul>\n<li>\u00c9coute de radio en direct en FM sur un poste radio;<\/li>\n<li>\u00c9coute de radio en direct en FM sur un autoradio;<\/li>\n<li>\u00c9coute de radio en direct via internet sur un smartphone connect\u00e9 au r\u00e9seau fixe;<\/li>\n<li>\u00c9coute de musique\/podcast sur une plateforme de streaming sur un<br \/>\nsmartphone connect\u00e9 \u00e0 internet via r\u00e9seau mobile;<\/li>\n<li>Visionnage d&#8217;une cha\u00eene de t\u00e9l\u00e9vision en HD sur un t\u00e9l\u00e9viseur via un acc\u00e8s TNT int\u00e9gr\u00e9 au t\u00e9l\u00e9viseur;<\/li>\n<li>Visionnage d&#8217;une cha\u00eene de t\u00e9l\u00e9vision en HD sur un t\u00e9l\u00e9viseur connect\u00e9 \u00e0 internet via un d\u00e9codeur TV reli\u00e9 \u00e0 une box FAI;<\/li>\n<li>Visionnage de t\u00e9l\u00e9vision de rattrapage en HD sur une TV connect\u00e9e \u00e0 internet via un d\u00e9codeur TV reli\u00e9 \u00e0 une box FAI;<\/li>\n<li>Visionnage de vid\u00e9os \u00e0 la demande par abonnement (V\u00e0DA) en HD sur un t\u00e9l\u00e9viseur connect\u00e9 \u00e0 internet via r\u00e9seau fixe (Smart TV);<\/li>\n<li>Visionnage de vid\u00e9os en ligne sur une plateforme de partage de vid\u00e9os en HD sur un smartphone connect\u00e9 \u00e0 internet via r\u00e9seau mobile.<\/li>\n<\/ul>\n<p>Avec 5 millions de tonnes \u00e9quivalent CO2, l\u2019impact de nos pratiques audiovisuelles repr\u00e9sente un tiers de l\u2019empreinte carbone totale du num\u00e9rique.<\/p>\n<p>Parmi les usages audiovisuels \u00e9tudi\u00e9s, la TV lin\u00e9aire repr\u00e9sente 70 % des usages vid\u00e9o et 70 % de leur impact carbone. Les impacts des usages d\u00e9pendent en premier lieu du terminal utilis\u00e9. En 2022, parmi les usages vid\u00e9o, la TV lin\u00e9aire, principalement regard\u00e9e sur des t\u00e9l\u00e9viseurs, a ainsi le plus fort impact environnemental. S\u2019ensuivent les plateformes de partage de vid\u00e9o et la vid\u00e9o \u00e0 la demande. L\u2019\u00e9tude met \u00e9galement en \u00e9vidence que la publicit\u00e9 peut augmenter jusqu\u2019\u00e0 25 % l\u2019impact carbone du visionnage de contenus vid\u00e9o, en particulier pour les usages en TV de rattrapage. La radio hertzienne, premier usage audio grand public, repr\u00e9sente 58 % des usages audio et 53 % de leur empreinte carbone.<\/p>\n<p>Les terminaux g\u00e9n\u00e8rent l\u2019essentiel des impacts environnementaux\u00a0 (entre 72 % et 90 %), puis les r\u00e9seaux (entre 9 % et 26 %) et enfin les centres de donn\u00e9es (entre 1 % et 3 %).<\/p>\n<p>Le premier poste d\u2019impact environnemental des usages audiovisuels correspond en effet \u00e0 la fabrication des terminaux (smartphone, ordinateur, t\u00e9l\u00e9viseur, tablette, poste radio, etc.). L&#8217;\u00e9tude recommande de :<\/p>\n<ul>\n<li>privil\u00e9gier des terminaux plus sobres (avec une consommation d\u2019\u00e9nergie moins importante, plus durables et r\u00e9parables) ou des terminaux reconditionn\u00e9s;<\/li>\n<li>limiter l\u2019augmentation de la taille des \u00e9crans, ne pas multiplier les terminaux et prolonger leur dur\u00e9e de vie (en les faisant r\u00e9parer, en les entretenant etc.).<\/li>\n<\/ul>\n<p>Les r\u00e9seaux sollicit\u00e9s par les usages audiovisuels (FM, DAB+, TNT, IPTV g\u00e9r\u00e9, fixe et mobile) repr\u00e9sentent le deuxi\u00e8me poste d\u2019impact environnemental. La diffusion via des r\u00e9seaux de type \u00ab broadcast \u00bb (FM, DAB+, TNT) pour des usages lin\u00e9aires est g\u00e9n\u00e9ralement plus efficace que la diffusion de contenus \u00e0 la demande via les r\u00e9seaux fixe et mobile. En effet, l\u2019impact global des infrastructures des r\u00e9seaux broadcast est le m\u00eame quel que soit le nombre<br \/>\nd\u2019utilisateurs, ils sont donc particuli\u00e8rement efficaces d\u00e8s lors qu\u2019ils sont utilis\u00e9s par un nombre suffisant d\u2019utilisateurs.<\/p>\n<p>Les serveurs et centres de donn\u00e9es repr\u00e9sentent une part plus faible de l\u2019impact des usages audiovisuels. Pour les contenus \u00e0 la demande diffus\u00e9s par internet, la consommation d\u2019\u00e9nergie sur les r\u00e9seaux et les serveurs augmente avec le d\u00e9bit de donn\u00e9es associ\u00e9 \u00e0 l\u2019usage. Les usages vid\u00e9o sont associ\u00e9s \u00e0 des d\u00e9bits plus \u00e9lev\u00e9s que les usages audio. Le d\u00e9bit d\u00e9pend \u00e9galement de la<br \/>\nr\u00e9solution (sonore ou vid\u00e9o) ainsi que du codec utilis\u00e9. L&#8217;\u00e9tude recommande de favoriser des usages associ\u00e9s \u00e0 une consommation de donn\u00e9es plus faible et r\u00e9duire la r\u00e9solution des contenus visionn\u00e9s.<\/p>\n<p>&nbsp;<\/p>\n<iframe src=\"\/\/docs.google.com\/viewer?url=https%3A%2F%2Fmouillere.com%2Funiversconvergents%2Fwp-content%2Fuploads%2F2024%2F10%2F2024-10-ARCOM-IMPACT-ENVIRONNEMENTAL-STREAMING.pdf&hl=fr&embedded=true\" class=\"gde-frame\" style=\"width:100%; height:500px; border: none;\" scrolling=\"no\"><\/iframe>\n<p class=\"gde-text\"><a href=\"https:\/\/mouillere.com\/universconvergents\/wp-content\/uploads\/2024\/10\/2024-10-ARCOM-IMPACT-ENVIRONNEMENTAL-STREAMING.pdf\" class=\"gde-link\">T\u00e9l\u00e9charger (PDF, 7.32Mo)<\/a><\/p>\n<p>&nbsp;<\/p>\n<p><a href=\"https:\/\/www.zdnet.fr\/actualites\/le-streaming-video-un-veritable-gouffre-environnemental-399204.htm\" target=\"_blank\" rel=\"noopener\">https:\/\/www.zdnet.fr\/actualites\/le-streaming-video-un-veritable-gouffre-environnemental-399204.htm<\/a><\/p>\n","protected":false},"excerpt":{"rendered":"<p>L&#8217;ARCOM et l&#8217;ADEME ont publi\u00e9 une \u00e9tude mesurant l\u2019impact environnemental des pratiques audiovisuelles en analysant l&#8217;impact des terminaux (TV, d\u00e9codeur, radio, tablette, smartphone), des r\u00e9seaux (TNT, FM, Wifi, 4G\/5G) et&hellip; <\/p>\n","protected":false},"author":1,"featured_media":6310,"comment_status":"closed","ping_status":"open","sticky":false,"template":"","format":"standard","meta":{"_jetpack_memberships_contains_paid_content":false,"footnotes":"","jetpack_publicize_message":"","jetpack_publicize_feature_enabled":true,"jetpack_social_post_already_shared":true,"jetpack_social_options":{"image_generator_settings":{"template":"highway","default_image_id":0,"font":"","enabled":false},"version":2}},"categories":[32,74],"tags":[],"class_list":["post-6305","post","type-post","status-publish","format-standard","has-post-thumbnail","hentry","category-environnement","category-it"],"jetpack_publicize_connections":[],"jetpack_featured_media_url":"https:\/\/i0.wp.com\/mouillere.com\/universconvergents\/wp-content\/uploads\/2024\/10\/2024-10-ARCOM-IMPACT-ENVIRONNEMENTAL-STREAMING.png?fit=1274%2C698&ssl=1","jetpack_sharing_enabled":false,"jetpack_shortlink":"https:\/\/wp.me\/p6jw1p-1DH","jetpack-related-posts":[{"id":6576,"url":"https:\/\/mouillere.com\/universconvergents\/2025\/04\/27\/transition-verte-dans-le-secteur-audiovisuel\/","url_meta":{"origin":6305,"position":0},"title":"Transition verte dans le secteur audiovisuel","author":"Fred","date":"27 avril 2025","format":false,"excerpt":"Apr\u00e8s l'\u00e9tude d'octobre 2024 de l\u2019ARCOM et l\u2019ADEME sur l\u2019impact environnemental des pratiques audiovisuelles, l'Observatoire europ\u00e9en de l'audiovisuel vient \u00e9galement de publier une \u00e9tude sur la transition verte dans le secteur audiovisuel. Ind\u00e9pendamment de la question de l'impact environnemental du transport du mat\u00e9riel, de la consommation, de la construction des\u2026","rel":"","context":"Dans &quot;Audiovisuel&quot;","block_context":{"text":"Audiovisuel","link":"https:\/\/mouillere.com\/universconvergents\/category\/ip\/audiovisuel\/"},"img":{"alt_text":"","src":"https:\/\/i0.wp.com\/mouillere.com\/universconvergents\/wp-content\/uploads\/2025\/04\/2025-02-TransitionVerteAudiovisuelle.jpg?fit=1024%2C768&ssl=1&resize=350%2C200","width":350,"height":200,"srcset":"https:\/\/i0.wp.com\/mouillere.com\/universconvergents\/wp-content\/uploads\/2025\/04\/2025-02-TransitionVerteAudiovisuelle.jpg?fit=1024%2C768&ssl=1&resize=350%2C200 1x, https:\/\/i0.wp.com\/mouillere.com\/universconvergents\/wp-content\/uploads\/2025\/04\/2025-02-TransitionVerteAudiovisuelle.jpg?fit=1024%2C768&ssl=1&resize=525%2C300 1.5x, https:\/\/i0.wp.com\/mouillere.com\/universconvergents\/wp-content\/uploads\/2025\/04\/2025-02-TransitionVerteAudiovisuelle.jpg?fit=1024%2C768&ssl=1&resize=700%2C400 2x"},"classes":[]},{"id":6847,"url":"https:\/\/mouillere.com\/universconvergents\/2025\/11\/16\/productions-audiovisuelles-eco-responsables\/","url_meta":{"origin":6305,"position":1},"title":"Productions audiovisuelles \u00e9co-responsables","author":"Fred","date":"16 novembre 2025","format":false,"excerpt":"Le guide pour une captation sportive \u00e9co-responsable \u00e9tablit un cadre technique de r\u00e9f\u00e9rence visant \u00e0 r\u00e9duire l'empreinte environnementale des productions audiovisuelles. Il identifie les principaux postes d'\u00e9missions et propose 50 recommandations et clauses contractuelles types \u00e0 destination des diffuseurs, d\u00e9tenteurs de droits, prestataires techniques, instances sportives et organisateurs d'\u00e9v\u00e9nements. Approvisionnement\u2026","rel":"","context":"Dans &quot;Audiovisuel&quot;","block_context":{"text":"Audiovisuel","link":"https:\/\/mouillere.com\/universconvergents\/category\/ip\/audiovisuel\/"},"img":{"alt_text":"","src":"https:\/\/i0.wp.com\/mouillere.com\/universconvergents\/wp-content\/uploads\/2025\/11\/2025-GUIDE-CAPTATION-SPORTIVE-ECO-RESPONSABLE.png?fit=1200%2C561&ssl=1&resize=350%2C200","width":350,"height":200,"srcset":"https:\/\/i0.wp.com\/mouillere.com\/universconvergents\/wp-content\/uploads\/2025\/11\/2025-GUIDE-CAPTATION-SPORTIVE-ECO-RESPONSABLE.png?fit=1200%2C561&ssl=1&resize=350%2C200 1x, https:\/\/i0.wp.com\/mouillere.com\/universconvergents\/wp-content\/uploads\/2025\/11\/2025-GUIDE-CAPTATION-SPORTIVE-ECO-RESPONSABLE.png?fit=1200%2C561&ssl=1&resize=525%2C300 1.5x, https:\/\/i0.wp.com\/mouillere.com\/universconvergents\/wp-content\/uploads\/2025\/11\/2025-GUIDE-CAPTATION-SPORTIVE-ECO-RESPONSABLE.png?fit=1200%2C561&ssl=1&resize=700%2C400 2x, https:\/\/i0.wp.com\/mouillere.com\/universconvergents\/wp-content\/uploads\/2025\/11\/2025-GUIDE-CAPTATION-SPORTIVE-ECO-RESPONSABLE.png?fit=1200%2C561&ssl=1&resize=1050%2C600 3x"},"classes":[]},{"id":5610,"url":"https:\/\/mouillere.com\/universconvergents\/2023\/07\/06\/decarbonation-de-la-filiere-numerique\/","url_meta":{"origin":6305,"position":2},"title":"D\u00e9carbonation de la fili\u00e8re num\u00e9rique","author":"Fred","date":"6 juillet 2023","format":false,"excerpt":"L\u2019article 301 de la loi du 22 ao\u00fbt 2021 dite \u00ab loi Climat et R\u00e9silience \u00bb dispose que, pour chaque secteur fortement \u00e9metteur de gaz \u00e0 effet de serre, une feuille de route est \u00e9tablie conjointement par les repr\u00e9sentants des fili\u00e8res \u00e9conomiques, le gouvernement et les repr\u00e9sentants des collectivit\u00e9s territoriales.\u2026","rel":"","context":"Dans &quot;Environnement&quot;","block_context":{"text":"Environnement","link":"https:\/\/mouillere.com\/universconvergents\/category\/environnement\/"},"img":{"alt_text":"","src":"https:\/\/i0.wp.com\/mouillere.com\/universconvergents\/wp-content\/uploads\/2023\/07\/2023-07-05-DecarbonisationNumerique.jpg?fit=1200%2C612&ssl=1&resize=350%2C200","width":350,"height":200,"srcset":"https:\/\/i0.wp.com\/mouillere.com\/universconvergents\/wp-content\/uploads\/2023\/07\/2023-07-05-DecarbonisationNumerique.jpg?fit=1200%2C612&ssl=1&resize=350%2C200 1x, https:\/\/i0.wp.com\/mouillere.com\/universconvergents\/wp-content\/uploads\/2023\/07\/2023-07-05-DecarbonisationNumerique.jpg?fit=1200%2C612&ssl=1&resize=525%2C300 1.5x, https:\/\/i0.wp.com\/mouillere.com\/universconvergents\/wp-content\/uploads\/2023\/07\/2023-07-05-DecarbonisationNumerique.jpg?fit=1200%2C612&ssl=1&resize=700%2C400 2x, https:\/\/i0.wp.com\/mouillere.com\/universconvergents\/wp-content\/uploads\/2023\/07\/2023-07-05-DecarbonisationNumerique.jpg?fit=1200%2C612&ssl=1&resize=1050%2C600 3x"},"classes":[]},{"id":5482,"url":"https:\/\/mouillere.com\/universconvergents\/2023\/03\/23\/directive-green-claims-vs-greenwashing\/","url_meta":{"origin":6305,"position":3},"title":"Directive Green Claims VS Greenwashing","author":"Fred","date":"23 mars 2023","format":false,"excerpt":"Les proc\u00e9dures pr\u00e9ventives ou curatives contre le blanchiment d'argent pr\u00e9voient des obligations de surveillance et une responsabilit\u00e9 p\u00e9nale pour tous ceux qui ont particip\u00e9 par n\u00e9gligence ou intentionnellement au blanchiment. Le greenwashing ou \u00e9coblanchiment avec ses promesses de voitures propres, d'\u00e9nergies propres, de green computing, etc. est encore plus\u00a0 trompeur\u2026","rel":"","context":"Dans &quot;Environnement&quot;","block_context":{"text":"Environnement","link":"https:\/\/mouillere.com\/universconvergents\/category\/environnement\/"},"img":{"alt_text":"","src":"https:\/\/i0.wp.com\/mouillere.com\/universconvergents\/wp-content\/uploads\/2023\/03\/Directive-Green-Claims.jpg?fit=1080%2C1080&ssl=1&resize=350%2C200","width":350,"height":200,"srcset":"https:\/\/i0.wp.com\/mouillere.com\/universconvergents\/wp-content\/uploads\/2023\/03\/Directive-Green-Claims.jpg?fit=1080%2C1080&ssl=1&resize=350%2C200 1x, https:\/\/i0.wp.com\/mouillere.com\/universconvergents\/wp-content\/uploads\/2023\/03\/Directive-Green-Claims.jpg?fit=1080%2C1080&ssl=1&resize=525%2C300 1.5x, https:\/\/i0.wp.com\/mouillere.com\/universconvergents\/wp-content\/uploads\/2023\/03\/Directive-Green-Claims.jpg?fit=1080%2C1080&ssl=1&resize=700%2C400 2x, https:\/\/i0.wp.com\/mouillere.com\/universconvergents\/wp-content\/uploads\/2023\/03\/Directive-Green-Claims.jpg?fit=1080%2C1080&ssl=1&resize=1050%2C600 3x"},"classes":[]},{"id":5860,"url":"https:\/\/mouillere.com\/universconvergents\/2024\/02\/13\/evolution-du-marche-de-la-publicite-et-impact-sur-le-financement-des-medias\/","url_meta":{"origin":6305,"position":4},"title":"Evolution du march\u00e9 de la publicit\u00e9 et impact sur le financement des m\u00e9dias","author":"Fred","date":"13 f\u00e9vrier 2024","format":false,"excerpt":"Une \u00e9tude r\u00e9cente men\u00e9e par l\u2019Arcom (Autorit\u00e9 de r\u00e9gulation de la communication audiovisuelle et num\u00e9rique) et la Direction G\u00e9n\u00e9rale des M\u00e9dias et des Industries Culturelles (DGMIC) du minist\u00e8re de la Culture examine l\u2019\u00e9volution du march\u00e9 de la publicit\u00e9 et son impact sur le financement des m\u00e9dias. Le march\u00e9 de la\u2026","rel":"","context":"Dans &quot;Audiovisuel&quot;","block_context":{"text":"Audiovisuel","link":"https:\/\/mouillere.com\/universconvergents\/category\/ip\/audiovisuel\/"},"img":{"alt_text":"","src":"https:\/\/i0.wp.com\/mouillere.com\/universconvergents\/wp-content\/uploads\/2024\/02\/Evolution-du-marche-de-la-communication-et-impact-sur-le-financement-des-medias-par-la-publicite.jpg?fit=595%2C842&ssl=1&resize=350%2C200","width":350,"height":200,"srcset":"https:\/\/i0.wp.com\/mouillere.com\/universconvergents\/wp-content\/uploads\/2024\/02\/Evolution-du-marche-de-la-communication-et-impact-sur-le-financement-des-medias-par-la-publicite.jpg?fit=595%2C842&ssl=1&resize=350%2C200 1x, https:\/\/i0.wp.com\/mouillere.com\/universconvergents\/wp-content\/uploads\/2024\/02\/Evolution-du-marche-de-la-communication-et-impact-sur-le-financement-des-medias-par-la-publicite.jpg?fit=595%2C842&ssl=1&resize=525%2C300 1.5x"},"classes":[]},{"id":5707,"url":"https:\/\/mouillere.com\/universconvergents\/2023\/11\/26\/satellites-numerique-environnement\/","url_meta":{"origin":6305,"position":5},"title":"Satellites, Num\u00e9rique &#038; Environnement","author":"Fred","date":"26 novembre 2023","format":false,"excerpt":"En l\u2019absence d\u2019une r\u00e9gulation internationale adapt\u00e9e, les 9 000 satellites actuellement pr\u00e9sents pourraient plus que d\u00e9cupler dans la prochaine d\u00e9cennie ce qui pose la question de leur impact environnemental. L'arriv\u00e9e des m\u00e9gaconstellations en orbite basse notamment pour les offres d\u2019acc\u00e8s \u00e0 Internet se fait au prix de la multiplication des\u2026","rel":"","context":"Dans &quot;Environnement&quot;","block_context":{"text":"Environnement","link":"https:\/\/mouillere.com\/universconvergents\/category\/environnement\/"},"img":{"alt_text":"","src":"https:\/\/i0.wp.com\/mouillere.com\/universconvergents\/wp-content\/uploads\/2023\/11\/satellites-environnement.jpeg?fit=1200%2C849&ssl=1&resize=350%2C200","width":350,"height":200,"srcset":"https:\/\/i0.wp.com\/mouillere.com\/universconvergents\/wp-content\/uploads\/2023\/11\/satellites-environnement.jpeg?fit=1200%2C849&ssl=1&resize=350%2C200 1x, https:\/\/i0.wp.com\/mouillere.com\/universconvergents\/wp-content\/uploads\/2023\/11\/satellites-environnement.jpeg?fit=1200%2C849&ssl=1&resize=525%2C300 1.5x, https:\/\/i0.wp.com\/mouillere.com\/universconvergents\/wp-content\/uploads\/2023\/11\/satellites-environnement.jpeg?fit=1200%2C849&ssl=1&resize=700%2C400 2x, https:\/\/i0.wp.com\/mouillere.com\/universconvergents\/wp-content\/uploads\/2023\/11\/satellites-environnement.jpeg?fit=1200%2C849&ssl=1&resize=1050%2C600 3x"},"classes":[]}],"_links":{"self":[{"href":"https:\/\/mouillere.com\/universconvergents\/wp-json\/wp\/v2\/posts\/6305","targetHints":{"allow":["GET"]}}],"collection":[{"href":"https:\/\/mouillere.com\/universconvergents\/wp-json\/wp\/v2\/posts"}],"about":[{"href":"https:\/\/mouillere.com\/universconvergents\/wp-json\/wp\/v2\/types\/post"}],"author":[{"embeddable":true,"href":"https:\/\/mouillere.com\/universconvergents\/wp-json\/wp\/v2\/users\/1"}],"replies":[{"embeddable":true,"href":"https:\/\/mouillere.com\/universconvergents\/wp-json\/wp\/v2\/comments?post=6305"}],"version-history":[{"count":4,"href":"https:\/\/mouillere.com\/universconvergents\/wp-json\/wp\/v2\/posts\/6305\/revisions"}],"predecessor-version":[{"id":6311,"href":"https:\/\/mouillere.com\/universconvergents\/wp-json\/wp\/v2\/posts\/6305\/revisions\/6311"}],"wp:featuredmedia":[{"embeddable":true,"href":"https:\/\/mouillere.com\/universconvergents\/wp-json\/wp\/v2\/media\/6310"}],"wp:attachment":[{"href":"https:\/\/mouillere.com\/universconvergents\/wp-json\/wp\/v2\/media?parent=6305"}],"wp:term":[{"taxonomy":"category","embeddable":true,"href":"https:\/\/mouillere.com\/universconvergents\/wp-json\/wp\/v2\/categories?post=6305"},{"taxonomy":"post_tag","embeddable":true,"href":"https:\/\/mouillere.com\/universconvergents\/wp-json\/wp\/v2\/tags?post=6305"}],"curies":[{"name":"wp","href":"https:\/\/api.w.org\/{rel}","templated":true}]}}