{"id":6644,"date":"2025-07-08T22:28:11","date_gmt":"2025-07-08T21:28:11","guid":{"rendered":"https:\/\/mouillere.com\/universconvergents\/?p=6644"},"modified":"2025-07-09T12:49:48","modified_gmt":"2025-07-09T11:49:48","slug":"liberte-de-creation-laisse-toi-aller","status":"publish","type":"post","link":"https:\/\/mouillere.com\/universconvergents\/2025\/07\/08\/liberte-de-creation-laisse-toi-aller\/","title":{"rendered":"Libert\u00e9 de cr\u00e9ation, laisse-toi aller"},"content":{"rendered":"<p>L&#8217;alerte Patrice Laum\u00e9 et son <a href=\"https:\/\/www.rubandimages.org\/\" target=\"_blank\" rel=\"noopener\">Ruban d&#8217;images<\/a> nous informe de la publication par le Minist\u00e8re de la Culture d&#8217;un guide sur la Libert\u00e9 de Cr\u00e9ation \u00e0 destination des\u00a0<wbr \/>professionnels\u00a0<wbr \/>de <wbr \/>la\u00a0<wbr \/>production\u00a0<wbr \/>et\u00a0<wbr \/>de la <wbr \/>diffusion de cr\u00e9ations artistiques.<u><wbr \/><\/u><!--more--><\/p>\n<iframe src=\"\/\/docs.google.com\/viewer?url=https%3A%2F%2Fmouillere.com%2Funiversconvergents%2Fwp-content%2Fuploads%2F2025%2F07%2F2025-RapportLiberteCreation.pdf&hl=fr&embedded=true\" class=\"gde-frame\" style=\"width:100%; height:500px; border: none;\" scrolling=\"no\"><\/iframe>\n<p class=\"gde-text\"><a href=\"https:\/\/mouillere.com\/universconvergents\/wp-content\/uploads\/2025\/07\/2025-RapportLiberteCreation.pdf\" class=\"gde-link\">T\u00e9l\u00e9charger (PDF, 2.26Mo)<\/a><\/p>\n","protected":false},"excerpt":{"rendered":"<p>L&#8217;alerte Patrice Laum\u00e9 et son Ruban d&#8217;images nous informe de la publication par le Minist\u00e8re de la Culture d&#8217;un guide sur la Libert\u00e9 de Cr\u00e9ation \u00e0 destination des\u00a0professionnels\u00a0de la\u00a0production\u00a0et\u00a0de la&hellip; <\/p>\n","protected":false},"author":1,"featured_media":6646,"comment_status":"closed","ping_status":"open","sticky":false,"template":"","format":"standard","meta":{"_jetpack_memberships_contains_paid_content":false,"footnotes":"","jetpack_publicize_message":"","jetpack_publicize_feature_enabled":true,"jetpack_social_post_already_shared":true,"jetpack_social_options":{"image_generator_settings":{"template":"highway","default_image_id":0,"font":"","enabled":false},"version":2}},"categories":[145,14],"tags":[],"class_list":["post-6644","post","type-post","status-publish","format-standard","has-post-thumbnail","hentry","category-ip","category-propriete-litteraire-et-artistique"],"jetpack_publicize_connections":[],"jetpack_featured_media_url":"https:\/\/i0.wp.com\/mouillere.com\/universconvergents\/wp-content\/uploads\/2025\/07\/2025-RapportLiberteCreation.jpg?fit=1024%2C768&ssl=1","jetpack_sharing_enabled":false,"jetpack_shortlink":"https:\/\/wp.me\/p6jw1p-1Ja","jetpack-related-posts":[{"id":6607,"url":"https:\/\/mouillere.com\/universconvergents\/2025\/05\/26\/reinsertion-professionnelle-par-lart\/","url_meta":{"origin":6644,"position":0},"title":"R\u00e9insertion professionnelle par l\u2019art","author":"Fred","date":"26 mai 2025","format":false,"excerpt":"Les pratiques artistiques et culturelles jouent un r\u00f4le essentiel dans la r\u00e9insertion professionnelle et l\u2019inclusion sociale. En d\u00e9veloppant leur cr\u00e9ativit\u00e9 \u00e0 travers des ateliers de pratique artistique, les personnes \u00e9loign\u00e9es de l\u2019emploi renforcent leur confiance en soi, s\u2019ouvrent \u00e0 de nouveaux cercles sociaux et retrouvent une place active dans la\u2026","rel":"","context":"Dans &quot;Ressources humaines&quot;","block_context":{"text":"Ressources humaines","link":"https:\/\/mouillere.com\/universconvergents\/category\/ressources-humaines\/"},"img":{"alt_text":"","src":"https:\/\/i0.wp.com\/mouillere.com\/universconvergents\/wp-content\/uploads\/2025\/05\/Reinsertion-professionnelle-par-lart.jpg?fit=1024%2C768&ssl=1&resize=350%2C200","width":350,"height":200,"srcset":"https:\/\/i0.wp.com\/mouillere.com\/universconvergents\/wp-content\/uploads\/2025\/05\/Reinsertion-professionnelle-par-lart.jpg?fit=1024%2C768&ssl=1&resize=350%2C200 1x, https:\/\/i0.wp.com\/mouillere.com\/universconvergents\/wp-content\/uploads\/2025\/05\/Reinsertion-professionnelle-par-lart.jpg?fit=1024%2C768&ssl=1&resize=525%2C300 1.5x, https:\/\/i0.wp.com\/mouillere.com\/universconvergents\/wp-content\/uploads\/2025\/05\/Reinsertion-professionnelle-par-lart.jpg?fit=1024%2C768&ssl=1&resize=700%2C400 2x"},"classes":[]},{"id":6648,"url":"https:\/\/mouillere.com\/universconvergents\/2025\/07\/14\/ia-creation\/","url_meta":{"origin":6644,"position":1},"title":"IA &#038; Cr\u00e9ation","author":"Fred","date":"14 juillet 2025","format":false,"excerpt":"Le\u00a0S\u00e9nat\u00a0vient de publier son rapport sur l'IA et la Cr\u00e9ation\u00a0pour concilier innovation et cr\u00e9ation en garantissant l\u2019effectivit\u00e9 du droit d\u2019auteur et le partage de la valeur. Dans\u00a0le\u00a0domaine culturel, l\u2019IA\u00a0offre\u00a0de\u00a0nouvelles\u00a0opportunit\u00e9s\u00a0sur\u00a0le\u00a0plan\u00a0de\u00a0la\u00a0cr\u00e9ation\u00a0et\u00a0de\u00a0la\u00a0diffusion\u00a0des \u0153uvres, mais ses usages pr\u00e9sentent \u00e9galement des risques pour\u00a0le\u00a0statut\u00a0et\u00a0la\u00a0valeur\u00a0de\u00a0la\u00a0production\u00a0artistique,\u00a0ainsi\u00a0que\u00a0pour\u00a0les\u00a0droits\u00a0et\u00a0la\u00a0protection\u00a0des\u00a0auteurs. Les fournisseurs d'IA ont su exploiter les failles offertes par la r\u00e8glementation\u2026","rel":"","context":"Dans &quot;IA&quot;","block_context":{"text":"IA","link":"https:\/\/mouillere.com\/universconvergents\/category\/it\/ia\/"},"img":{"alt_text":"","src":"https:\/\/i0.wp.com\/mouillere.com\/universconvergents\/wp-content\/uploads\/2025\/07\/2025-07-09-IACreation-Synthese.png?fit=1200%2C768&ssl=1&resize=350%2C200","width":350,"height":200,"srcset":"https:\/\/i0.wp.com\/mouillere.com\/universconvergents\/wp-content\/uploads\/2025\/07\/2025-07-09-IACreation-Synthese.png?fit=1200%2C768&ssl=1&resize=350%2C200 1x, https:\/\/i0.wp.com\/mouillere.com\/universconvergents\/wp-content\/uploads\/2025\/07\/2025-07-09-IACreation-Synthese.png?fit=1200%2C768&ssl=1&resize=525%2C300 1.5x, https:\/\/i0.wp.com\/mouillere.com\/universconvergents\/wp-content\/uploads\/2025\/07\/2025-07-09-IACreation-Synthese.png?fit=1200%2C768&ssl=1&resize=700%2C400 2x, https:\/\/i0.wp.com\/mouillere.com\/universconvergents\/wp-content\/uploads\/2025\/07\/2025-07-09-IACreation-Synthese.png?fit=1200%2C768&ssl=1&resize=1050%2C600 3x"},"classes":[]},{"id":6601,"url":"https:\/\/mouillere.com\/universconvergents\/2025\/05\/26\/sacem-ia\/","url_meta":{"origin":6644,"position":2},"title":"SACEM &#038; IA","author":"Fred","date":"26 mai 2025","format":false,"excerpt":"L\u2019utilisation de l'IA dans le secteur de la cr\u00e9ation suscite de nombreuses questions relatives tant aux conditions d\u2019utilisation d\u2019\u0153uvres prot\u00e9g\u00e9es par l'IA pour g\u00e9n\u00e9rer des contenus qu\u2019au statut de ces contenus. Dans ce guide p\u00e9dagogique, la SACEM apporte des r\u00e9ponses fond\u00e9es sur ses r\u00e8gles de fonctionnement (Statuts, R\u00e8glement g\u00e9n\u00e9ral, d\u00e9cisions\u2026","rel":"","context":"Dans &quot;IA&quot;","block_context":{"text":"IA","link":"https:\/\/mouillere.com\/universconvergents\/category\/it\/ia\/"},"img":{"alt_text":"","src":"https:\/\/i0.wp.com\/mouillere.com\/universconvergents\/wp-content\/uploads\/2025\/05\/2025-05-SacemIA.jpg?fit=1024%2C768&ssl=1&resize=350%2C200","width":350,"height":200,"srcset":"https:\/\/i0.wp.com\/mouillere.com\/universconvergents\/wp-content\/uploads\/2025\/05\/2025-05-SacemIA.jpg?fit=1024%2C768&ssl=1&resize=350%2C200 1x, https:\/\/i0.wp.com\/mouillere.com\/universconvergents\/wp-content\/uploads\/2025\/05\/2025-05-SacemIA.jpg?fit=1024%2C768&ssl=1&resize=525%2C300 1.5x, https:\/\/i0.wp.com\/mouillere.com\/universconvergents\/wp-content\/uploads\/2025\/05\/2025-05-SacemIA.jpg?fit=1024%2C768&ssl=1&resize=700%2C400 2x"},"classes":[]},{"id":6998,"url":"https:\/\/mouillere.com\/universconvergents\/2026\/03\/24\/ia-presomption-dexploitation-des-contenus-culturels\/","url_meta":{"origin":6644,"position":3},"title":"IA : pr\u00e9somption d&#8217;exploitation des contenus culturels","author":"Fred","date":"24 mars 2026","format":false,"excerpt":"L'essor fulgurant de l'IA est \u00e0 l'origine d'une tension croissante entre l'innovation technologique et la protection du droit d'auteur. Bien que l'IA offre des opportunit\u00e9s de cr\u00e9ation assist\u00e9e, elle repose sur un moissonnage massif de contenus prot\u00e9g\u00e9s sans r\u00e9mun\u00e9ration ad\u00e9quate, cr\u00e9ant une situation de parasitisme cr\u00e9atif. Le R\u00e8glement europ\u00e9en sur\u2026","rel":"","context":"Dans &quot;IA&quot;","block_context":{"text":"IA","link":"https:\/\/mouillere.com\/universconvergents\/category\/it\/ia\/"},"img":{"alt_text":"","src":"https:\/\/i0.wp.com\/mouillere.com\/universconvergents\/wp-content\/uploads\/2026\/03\/IA-Presomption.jpg?fit=1024%2C768&ssl=1&resize=350%2C200","width":350,"height":200,"srcset":"https:\/\/i0.wp.com\/mouillere.com\/universconvergents\/wp-content\/uploads\/2026\/03\/IA-Presomption.jpg?fit=1024%2C768&ssl=1&resize=350%2C200 1x, https:\/\/i0.wp.com\/mouillere.com\/universconvergents\/wp-content\/uploads\/2026\/03\/IA-Presomption.jpg?fit=1024%2C768&ssl=1&resize=525%2C300 1.5x, https:\/\/i0.wp.com\/mouillere.com\/universconvergents\/wp-content\/uploads\/2026\/03\/IA-Presomption.jpg?fit=1024%2C768&ssl=1&resize=700%2C400 2x"},"classes":[]},{"id":6758,"url":"https:\/\/mouillere.com\/universconvergents\/2025\/10\/27\/statut-des-artistes-et-des-professionnels-de-la-culture-en-europe\/","url_meta":{"origin":6644,"position":4},"title":"Statut des Artistes et des Professionnels de la Culture en Europe","author":"Fred","date":"27 octobre 2025","format":false,"excerpt":"L'Observatoire europ\u00e9en de l'audiovisuel a publi\u00e9 une \u00e9tude relative au statut des 7,7 millions d'artistes et professionnels de la culture et de la cr\u00e9ation en Europe en se basant sur une analyse des cadres juridiques, des conditions de travail et des dynamiques politiques. Bien que les professionnels de la culture\u2026","rel":"","context":"Dans &quot;IP&quot;","block_context":{"text":"IP","link":"https:\/\/mouillere.com\/universconvergents\/category\/ip\/"},"img":{"alt_text":"","src":"https:\/\/i0.wp.com\/mouillere.com\/universconvergents\/wp-content\/uploads\/2025\/10\/StatutArtistesEurope.jpg?fit=1024%2C768&ssl=1&resize=350%2C200","width":350,"height":200,"srcset":"https:\/\/i0.wp.com\/mouillere.com\/universconvergents\/wp-content\/uploads\/2025\/10\/StatutArtistesEurope.jpg?fit=1024%2C768&ssl=1&resize=350%2C200 1x, https:\/\/i0.wp.com\/mouillere.com\/universconvergents\/wp-content\/uploads\/2025\/10\/StatutArtistesEurope.jpg?fit=1024%2C768&ssl=1&resize=525%2C300 1.5x, https:\/\/i0.wp.com\/mouillere.com\/universconvergents\/wp-content\/uploads\/2025\/10\/StatutArtistesEurope.jpg?fit=1024%2C768&ssl=1&resize=700%2C400 2x"},"classes":[]},{"id":6683,"url":"https:\/\/mouillere.com\/universconvergents\/2025\/09\/09\/google-multirecidiviste-a-nouveau-sanctionnee\/","url_meta":{"origin":6644,"position":5},"title":"Google multir\u00e9cidiviste \u00e0 nouveau sanctionn\u00e9e","author":"Fred","date":"9 septembre 2025","format":false,"excerpt":"Depuis sa cr\u00e9ation en 1998, on ne compte plus le nombre de condamnations sans effet dissuasif de Google pour violation prot\u00e9iforme des droits des tiers. Tandis que la Commission europ\u00e9enne vient de sanctionner Google \u00e0 hauteur de 2,95 milliards d'euros pour ses pratiques abusives dans le domaine de la publicit\u00e9\u2026","rel":"","context":"Dans &quot;Donn\u00e9es personnelles&quot;","block_context":{"text":"Donn\u00e9es personnelles","link":"https:\/\/mouillere.com\/universconvergents\/category\/it\/donnees-personnelles\/"},"img":{"alt_text":"","src":"https:\/\/i0.wp.com\/mouillere.com\/universconvergents\/wp-content\/uploads\/2025\/09\/google_adtech_memo_b_fr-1.jpg?fit=900%2C600&ssl=1&resize=350%2C200","width":350,"height":200,"srcset":"https:\/\/i0.wp.com\/mouillere.com\/universconvergents\/wp-content\/uploads\/2025\/09\/google_adtech_memo_b_fr-1.jpg?fit=900%2C600&ssl=1&resize=350%2C200 1x, https:\/\/i0.wp.com\/mouillere.com\/universconvergents\/wp-content\/uploads\/2025\/09\/google_adtech_memo_b_fr-1.jpg?fit=900%2C600&ssl=1&resize=525%2C300 1.5x, https:\/\/i0.wp.com\/mouillere.com\/universconvergents\/wp-content\/uploads\/2025\/09\/google_adtech_memo_b_fr-1.jpg?fit=900%2C600&ssl=1&resize=700%2C400 2x"},"classes":[]}],"_links":{"self":[{"href":"https:\/\/mouillere.com\/universconvergents\/wp-json\/wp\/v2\/posts\/6644","targetHints":{"allow":["GET"]}}],"collection":[{"href":"https:\/\/mouillere.com\/universconvergents\/wp-json\/wp\/v2\/posts"}],"about":[{"href":"https:\/\/mouillere.com\/universconvergents\/wp-json\/wp\/v2\/types\/post"}],"author":[{"embeddable":true,"href":"https:\/\/mouillere.com\/universconvergents\/wp-json\/wp\/v2\/users\/1"}],"replies":[{"embeddable":true,"href":"https:\/\/mouillere.com\/universconvergents\/wp-json\/wp\/v2\/comments?post=6644"}],"version-history":[{"count":1,"href":"https:\/\/mouillere.com\/universconvergents\/wp-json\/wp\/v2\/posts\/6644\/revisions"}],"predecessor-version":[{"id":6647,"href":"https:\/\/mouillere.com\/universconvergents\/wp-json\/wp\/v2\/posts\/6644\/revisions\/6647"}],"wp:featuredmedia":[{"embeddable":true,"href":"https:\/\/mouillere.com\/universconvergents\/wp-json\/wp\/v2\/media\/6646"}],"wp:attachment":[{"href":"https:\/\/mouillere.com\/universconvergents\/wp-json\/wp\/v2\/media?parent=6644"}],"wp:term":[{"taxonomy":"category","embeddable":true,"href":"https:\/\/mouillere.com\/universconvergents\/wp-json\/wp\/v2\/categories?post=6644"},{"taxonomy":"post_tag","embeddable":true,"href":"https:\/\/mouillere.com\/universconvergents\/wp-json\/wp\/v2\/tags?post=6644"}],"curies":[{"name":"wp","href":"https:\/\/api.w.org\/{rel}","templated":true}]}}