{"id":6648,"date":"2025-07-14T22:56:52","date_gmt":"2025-07-14T21:56:52","guid":{"rendered":"https:\/\/mouillere.com\/universconvergents\/?p=6648"},"modified":"2025-07-15T15:50:21","modified_gmt":"2025-07-15T14:50:21","slug":"ia-creation","status":"publish","type":"post","link":"https:\/\/mouillere.com\/universconvergents\/2025\/07\/14\/ia-creation\/","title":{"rendered":"IA &#038; Cr\u00e9ation"},"content":{"rendered":"<p>Le\u00a0<wbr \/>S\u00e9<wbr \/>nat\u00a0<wbr \/>vient de publier son rapport sur l&#8217;IA et la Cr\u00e9ation\u00a0pour concilier innovation et cr\u00e9ation en garantissant l\u2019effectivit\u00e9 du droit d\u2019auteur et le partage de la valeur.<\/p>\n<p><!--more--><\/p>\n<p>Dans\u00a0<wbr \/>le\u00a0<wbr \/>domaine culturel, l\u2019<wbr \/>IA\u00a0<wbr \/>offre\u00a0<wbr \/>de\u00a0<wbr \/>nouvelles\u00a0<wbr \/>opportunit\u00e9<wbr \/>s\u00a0<wbr \/>sur\u00a0<wbr \/>le\u00a0<wbr \/>plan\u00a0<wbr \/>de\u00a0<wbr \/>la\u00a0<wbr \/>cr\u00e9<wbr \/>ation\u00a0<wbr \/>et\u00a0<wbr \/>de\u00a0<wbr \/>la\u00a0<wbr \/>diffusion\u00a0<wbr \/>des \u0153uvres, mais ses usages pr\u00e9sentent \u00e9galement des risques <wbr \/>pour\u00a0<wbr \/>le\u00a0<wbr \/>statut\u00a0<wbr \/>et\u00a0<wbr \/>la\u00a0<wbr \/>valeur\u00a0<wbr \/>de\u00a0<wbr \/>la\u00a0<wbr \/>production\u00a0<wbr \/>artistique,\u00a0<wbr \/>ainsi\u00a0<wbr \/>que\u00a0<wbr \/>pour\u00a0<wbr \/>les\u00a0<wbr \/>droits\u00a0<wbr \/>et\u00a0<wbr \/>la\u00a0<wbr \/>protection\u00a0<wbr \/>des\u00a0<wbr \/>auteurs.<\/p>\n<p>Les fournisseurs d&#8217;IA ont su exploiter les failles offertes par la r\u00e8glementation europ\u00e9enne et am\u00e9ricaine :<\/p>\n<ul>\n<li>\n<p class=\"p1\">La directive de 2019 pr\u00e9voit une exception au droit d\u2019auteur pour la fouille de textes et l\u2019extraction de donn\u00e9es, (Text and Data Mining ou TDM). La fouille de donn\u00e9es ne peut s\u2019appliquer qu\u2019aux contenus librement accessibles, ce qui devrait a priori exclure les contenus prot\u00e9g\u00e9s Les titulaires de droit peuvent s\u2019opposer de mani\u00e8re explicite \u00e0 la fouille de leurs donn\u00e9es (opt out), et comme toutes lers exceptions au droit d&#8217;auteur qui sont d&#8217;interpr\u00e9tation stricte, cette exception demeure soumise au respect du test en trois \u00e9tapes permettant de v\u00e9rifier son \u00e9tendue de sa port\u00e9e. On peut l\u00e9gitimement se demander si le moissonage massif des donn\u00e9es (web scraping) pratiqu\u00e9 par les fournisseurs d&#8217;IA sans r\u00e9mun\u00e9ration des titulaires de droit peut \u00eatre interpr\u00e9t\u00e9 comme pouvant relever du TDM et si cette exception pourrait passer le test en trois \u00e9tapes;<\/p>\n<\/li>\n<li>\n<p class=\"p1\">Aux \u00c9tats-Unis, c&#8217;est l\u2019exception du Fair Use qui est invoqu\u00e9e pour utiliser sans autorisation les donn\u00e9es disponibles en ligne pour entra\u00eener les IA.<\/p>\n<\/li>\n<\/ul>\n<p class=\"p1\">S&#8217;agissant du R\u00e8glement du 13 juin 2024 \u00e9tablissant des r\u00e8gles harmonis\u00e9es concernant l\u2019intelligence artificielle (RIA), l\u2019article 53, 1, d) oblige seulement aux fournisseurs d&#8217;IA \u00e0 mettre \u00e0 la disposition du public un r\u00e9sum\u00e9 suffisamment d\u00e9taill\u00e9 du contenu utilis\u00e9 pour l&#8217;entra\u00eenement de leurs mod\u00e8les, ce qui n&#8217;est ni clair, ni non \u00e9quivoque, surtout lorsque les fournisseurs d&#8217;IA opposent le secret des affaires pour pr\u00e9server la nature de leurs donn\u00e9es d\u2019entra\u00eenement.<\/p>\n<blockquote>\n<p class=\"p1\"><em>&#8220;La transparence et la r\u00e9mun\u00e9ration des donn\u00e9es utilis\u00e9es par l\u2019IA sont des conditions sine qua non \u00e0 l\u2019\u00e9mergence d\u2019un mod\u00e8le europ\u00e9en respectueux de la cr\u00e9ation et attractif pour l\u2019innovation.&#8221;<\/em><\/p>\n<\/blockquote>\n<ol>\n<li style=\"list-style-type: none;\"><\/li>\n<\/ol>\n<p dir=\"auto\"><iframe src=\"\/\/docs.google.com\/viewer?url=https%3A%2F%2Fmouillere.com%2Funiversconvergents%2Fwp-content%2Fuploads%2F2025%2F07%2F2025-07-09-IACreation-Synthese.pdf&hl=fr&embedded=true\" class=\"gde-frame\" style=\"width:100%; height:500px; border: none;\" scrolling=\"no\"><\/iframe>\n<p class=\"gde-text\"><a href=\"https:\/\/mouillere.com\/universconvergents\/wp-content\/uploads\/2025\/07\/2025-07-09-IACreation-Synthese.pdf\" class=\"gde-link\">T\u00e9l\u00e9charger (PDF, 434KB)<\/a><\/p><\/p>\n<p dir=\"auto\"><iframe src=\"\/\/docs.google.com\/viewer?url=https%3A%2F%2Fmouillere.com%2Funiversconvergents%2Fwp-content%2Fuploads%2F2025%2F07%2F2025-07-09-IACreation.pdf&hl=fr&embedded=true\" class=\"gde-frame\" style=\"width:100%; height:500px; border: none;\" scrolling=\"no\"><\/iframe>\n<p class=\"gde-text\"><a href=\"https:\/\/mouillere.com\/universconvergents\/wp-content\/uploads\/2025\/07\/2025-07-09-IACreation.pdf\" class=\"gde-link\">T\u00e9l\u00e9charger (PDF, 1.62Mo)<\/a><\/p><\/p>\n","protected":false},"excerpt":{"rendered":"<p>Le\u00a0S\u00e9nat\u00a0vient de publier son rapport sur l&#8217;IA et la Cr\u00e9ation\u00a0pour concilier innovation et cr\u00e9ation en garantissant l\u2019effectivit\u00e9 du droit d\u2019auteur et le partage de la valeur.<\/p>\n","protected":false},"author":1,"featured_media":6651,"comment_status":"closed","ping_status":"open","sticky":false,"template":"","format":"standard","meta":{"_jetpack_memberships_contains_paid_content":false,"footnotes":"","jetpack_publicize_message":"","jetpack_publicize_feature_enabled":true,"jetpack_social_post_already_shared":true,"jetpack_social_options":{"image_generator_settings":{"template":"highway","default_image_id":0,"font":"","enabled":false},"version":2}},"categories":[302,145,74,14],"tags":[],"class_list":["post-6648","post","type-post","status-publish","format-standard","has-post-thumbnail","hentry","category-ia","category-ip","category-it","category-propriete-litteraire-et-artistique"],"jetpack_publicize_connections":[],"jetpack_featured_media_url":"https:\/\/i0.wp.com\/mouillere.com\/universconvergents\/wp-content\/uploads\/2025\/07\/2025-07-09-IACreation-Synthese.png?fit=2084%2C1334&ssl=1","jetpack_sharing_enabled":false,"jetpack_shortlink":"https:\/\/wp.me\/p6jw1p-1Je","jetpack-related-posts":[{"id":6594,"url":"https:\/\/mouillere.com\/universconvergents\/2025\/05\/21\/remuneration-des-contenus-culturels-utilises-par-lia\/","url_meta":{"origin":6648,"position":0},"title":"R\u00e9mun\u00e9ration des contenus culturels utilis\u00e9s par l&#8217;IA","author":"Fred","date":"21 mai 2025","format":false,"excerpt":"La ministre de la Culture a confi\u00e9 au CSPLA l'analyse des enjeux \u00e9conomiques de l\u2019acc\u00e8s par l'IA aux donn\u00e9es prot\u00e9g\u00e9es par des droits de propri\u00e9t\u00e9 litt\u00e9raire et artistique et d'examiner les m\u00e9canismes juridiques afin de garantir aux ayants droit l'effectivit\u00e9 de leurs droits lors de l\u2019utilisation des \u0153uvres par l\u2019IA.\u2026","rel":"","context":"Dans &quot;IA&quot;","block_context":{"text":"IA","link":"https:\/\/mouillere.com\/universconvergents\/category\/it\/ia\/"},"img":{"alt_text":"","src":"https:\/\/i0.wp.com\/mouillere.com\/universconvergents\/wp-content\/uploads\/2025\/05\/2025-05-CSPLA-IA-Contenus-Remuneration-RapportJuridique.png?fit=1200%2C765&ssl=1&resize=350%2C200","width":350,"height":200,"srcset":"https:\/\/i0.wp.com\/mouillere.com\/universconvergents\/wp-content\/uploads\/2025\/05\/2025-05-CSPLA-IA-Contenus-Remuneration-RapportJuridique.png?fit=1200%2C765&ssl=1&resize=350%2C200 1x, https:\/\/i0.wp.com\/mouillere.com\/universconvergents\/wp-content\/uploads\/2025\/05\/2025-05-CSPLA-IA-Contenus-Remuneration-RapportJuridique.png?fit=1200%2C765&ssl=1&resize=525%2C300 1.5x, https:\/\/i0.wp.com\/mouillere.com\/universconvergents\/wp-content\/uploads\/2025\/05\/2025-05-CSPLA-IA-Contenus-Remuneration-RapportJuridique.png?fit=1200%2C765&ssl=1&resize=700%2C400 2x, https:\/\/i0.wp.com\/mouillere.com\/universconvergents\/wp-content\/uploads\/2025\/05\/2025-05-CSPLA-IA-Contenus-Remuneration-RapportJuridique.png?fit=1200%2C765&ssl=1&resize=1050%2C600 3x"},"classes":[]},{"id":6998,"url":"https:\/\/mouillere.com\/universconvergents\/2026\/03\/24\/ia-presomption-dexploitation-des-contenus-culturels\/","url_meta":{"origin":6648,"position":1},"title":"IA : pr\u00e9somption d&#8217;exploitation des contenus culturels","author":"Fred","date":"24 mars 2026","format":false,"excerpt":"L'essor fulgurant de l'IA est \u00e0 l'origine d'une tension croissante entre l'innovation technologique et la protection du droit d'auteur. Bien que l'IA offre des opportunit\u00e9s de cr\u00e9ation assist\u00e9e, elle repose sur un moissonnage massif de contenus prot\u00e9g\u00e9s sans r\u00e9mun\u00e9ration ad\u00e9quate, cr\u00e9ant une situation de parasitisme cr\u00e9atif. Le R\u00e8glement europ\u00e9en sur\u2026","rel":"","context":"Dans &quot;IA&quot;","block_context":{"text":"IA","link":"https:\/\/mouillere.com\/universconvergents\/category\/it\/ia\/"},"img":{"alt_text":"","src":"https:\/\/i0.wp.com\/mouillere.com\/universconvergents\/wp-content\/uploads\/2026\/03\/IA-Presomption.jpg?fit=1024%2C768&ssl=1&resize=350%2C200","width":350,"height":200,"srcset":"https:\/\/i0.wp.com\/mouillere.com\/universconvergents\/wp-content\/uploads\/2026\/03\/IA-Presomption.jpg?fit=1024%2C768&ssl=1&resize=350%2C200 1x, https:\/\/i0.wp.com\/mouillere.com\/universconvergents\/wp-content\/uploads\/2026\/03\/IA-Presomption.jpg?fit=1024%2C768&ssl=1&resize=525%2C300 1.5x, https:\/\/i0.wp.com\/mouillere.com\/universconvergents\/wp-content\/uploads\/2026\/03\/IA-Presomption.jpg?fit=1024%2C768&ssl=1&resize=700%2C400 2x"},"classes":[]},{"id":6565,"url":"https:\/\/mouillere.com\/universconvergents\/2025\/04\/28\/ia-auteurs-en-suisse\/","url_meta":{"origin":6648,"position":2},"title":"IA &#038; Auteurs en Suisse","author":"Fred","date":"28 avril 2025","format":false,"excerpt":"L'IA est entra\u00een\u00e9e avec des \u0153uvres prot\u00e9g\u00e9es (input) pour produire des contenus (output). Le 27 mars 2025, la Suisse a ratifi\u00e9 la Convention du Conseil de l\u2019Europe sur l'IA mais la Suisse ne dispose actuellement d\u2019aucune l\u00e9gislation sp\u00e9cifique \u00e0 l\u2019IA, ce qui soul\u00e8ve des questions sur la capacit\u00e9 du cadre\u2026","rel":"","context":"Dans &quot;IA&quot;","block_context":{"text":"IA","link":"https:\/\/mouillere.com\/universconvergents\/category\/it\/ia\/"},"img":{"alt_text":"","src":"https:\/\/i0.wp.com\/mouillere.com\/universconvergents\/wp-content\/uploads\/2025\/04\/IA-Auteurs-en-Suisse.png?fit=1200%2C800&ssl=1&resize=350%2C200","width":350,"height":200,"srcset":"https:\/\/i0.wp.com\/mouillere.com\/universconvergents\/wp-content\/uploads\/2025\/04\/IA-Auteurs-en-Suisse.png?fit=1200%2C800&ssl=1&resize=350%2C200 1x, https:\/\/i0.wp.com\/mouillere.com\/universconvergents\/wp-content\/uploads\/2025\/04\/IA-Auteurs-en-Suisse.png?fit=1200%2C800&ssl=1&resize=525%2C300 1.5x, https:\/\/i0.wp.com\/mouillere.com\/universconvergents\/wp-content\/uploads\/2025\/04\/IA-Auteurs-en-Suisse.png?fit=1200%2C800&ssl=1&resize=700%2C400 2x, https:\/\/i0.wp.com\/mouillere.com\/universconvergents\/wp-content\/uploads\/2025\/04\/IA-Auteurs-en-Suisse.png?fit=1200%2C800&ssl=1&resize=1050%2C600 3x"},"classes":[]},{"id":5650,"url":"https:\/\/mouillere.com\/universconvergents\/2023\/08\/22\/ia-les-oeuvres-creees-a-laide-de-lia-peuvent-elles-etre-protegees\/","url_meta":{"origin":6648,"position":3},"title":"IA : les oeuvres cr\u00e9\u00e9es \u00e0 l&#8217;aide de l&#8217;IA peuvent-elles \u00eatre prot\u00e9g\u00e9es ?","author":"Fred","date":"22 ao\u00fbt 2023","format":false,"excerpt":"La cr\u00e9ation assist\u00e9e par ordinateur n'est pas nouvelle. Demander \u00e0 David Guetta ! Tous les secteurs de la Propri\u00e9t\u00e9 Intellectuelle sont concern\u00e9s : oeuvres musicales, litt\u00e9raires, audiovisuelles, graphiques, picturales, architecturales, etc. La question de la propri\u00e9t\u00e9 et de la protection des droits de l'auteur des oeuvres cr\u00e9\u00e9es avec l'assistance informatique\u2026","rel":"","context":"Dans &quot;IA&quot;","block_context":{"text":"IA","link":"https:\/\/mouillere.com\/universconvergents\/category\/it\/ia\/"},"img":{"alt_text":"","src":"https:\/\/i0.wp.com\/mouillere.com\/universconvergents\/wp-content\/uploads\/2023\/08\/Zarya-of-the-Dawn.jpg?fit=1200%2C530&ssl=1&resize=350%2C200","width":350,"height":200,"srcset":"https:\/\/i0.wp.com\/mouillere.com\/universconvergents\/wp-content\/uploads\/2023\/08\/Zarya-of-the-Dawn.jpg?fit=1200%2C530&ssl=1&resize=350%2C200 1x, https:\/\/i0.wp.com\/mouillere.com\/universconvergents\/wp-content\/uploads\/2023\/08\/Zarya-of-the-Dawn.jpg?fit=1200%2C530&ssl=1&resize=525%2C300 1.5x, https:\/\/i0.wp.com\/mouillere.com\/universconvergents\/wp-content\/uploads\/2023\/08\/Zarya-of-the-Dawn.jpg?fit=1200%2C530&ssl=1&resize=700%2C400 2x, https:\/\/i0.wp.com\/mouillere.com\/universconvergents\/wp-content\/uploads\/2023\/08\/Zarya-of-the-Dawn.jpg?fit=1200%2C530&ssl=1&resize=1050%2C600 3x"},"classes":[]},{"id":6428,"url":"https:\/\/mouillere.com\/universconvergents\/2025\/01\/06\/ia-un-transfert-de-valeur-bien-reel\/","url_meta":{"origin":6648,"position":4},"title":"IA : un transfert de valeur bien r\u00e9el","author":"Fred","date":"6 janvier 2025","format":false,"excerpt":"Plusieurs \u00e9tudes publi\u00e9es en fin d'ann\u00e9e permettent de comprendre l'impact de l'IA notamment dans le secteur culturel et le transfert des valeurs g\u00e9n\u00e9r\u00e9s, ce qui permet d'expliquer pourquoi certains g\u00e9ants du num\u00e9rique n'h\u00e9sitent pas \u00e0 se lancer en politique et orchestrent des campagne de d\u00e9sinformation dans l'UE pour \u00e0 terme\u2026","rel":"","context":"Dans &quot;IA&quot;","block_context":{"text":"IA","link":"https:\/\/mouillere.com\/universconvergents\/category\/it\/ia\/"},"img":{"alt_text":"","src":"https:\/\/i0.wp.com\/mouillere.com\/universconvergents\/wp-content\/uploads\/2025\/01\/2024-12-chaine-de-valeur-de-lIA.png?fit=1200%2C468&ssl=1&resize=350%2C200","width":350,"height":200,"srcset":"https:\/\/i0.wp.com\/mouillere.com\/universconvergents\/wp-content\/uploads\/2025\/01\/2024-12-chaine-de-valeur-de-lIA.png?fit=1200%2C468&ssl=1&resize=350%2C200 1x, https:\/\/i0.wp.com\/mouillere.com\/universconvergents\/wp-content\/uploads\/2025\/01\/2024-12-chaine-de-valeur-de-lIA.png?fit=1200%2C468&ssl=1&resize=525%2C300 1.5x, https:\/\/i0.wp.com\/mouillere.com\/universconvergents\/wp-content\/uploads\/2025\/01\/2024-12-chaine-de-valeur-de-lIA.png?fit=1200%2C468&ssl=1&resize=700%2C400 2x, https:\/\/i0.wp.com\/mouillere.com\/universconvergents\/wp-content\/uploads\/2025\/01\/2024-12-chaine-de-valeur-de-lIA.png?fit=1200%2C468&ssl=1&resize=1050%2C600 3x"},"classes":[]},{"id":6909,"url":"https:\/\/mouillere.com\/universconvergents\/2025\/12\/18\/ia-droit-international-prive\/","url_meta":{"origin":6648,"position":5},"title":"IA &#038; droit international priv\u00e9","author":"Fred","date":"18 d\u00e9cembre 2025","format":false,"excerpt":"Le rapport du Conseil Sup\u00e9rieur de la Propri\u00e9t\u00e9 Litt\u00e9raire et Artistique (CSPLA) analyse la question complexe de la loi applicable aux mod\u00e8les d\u2019IA g\u00e9n\u00e9rative commercialis\u00e9s dans l\u2019UE, en se concentrant sur les enjeux de propri\u00e9t\u00e9 litt\u00e9raire et artistique en droit international priv\u00e9. La probl\u00e9matique centrale est la d\u00e9termination de la\u2026","rel":"","context":"Dans &quot;Avocat&quot;","block_context":{"text":"Avocat","link":"https:\/\/mouillere.com\/universconvergents\/category\/avocat\/"},"img":{"alt_text":"","src":"https:\/\/i0.wp.com\/mouillere.com\/universconvergents\/wp-content\/uploads\/2025\/12\/2025-12-15-IADIP.png?fit=1200%2C800&ssl=1&resize=350%2C200","width":350,"height":200,"srcset":"https:\/\/i0.wp.com\/mouillere.com\/universconvergents\/wp-content\/uploads\/2025\/12\/2025-12-15-IADIP.png?fit=1200%2C800&ssl=1&resize=350%2C200 1x, https:\/\/i0.wp.com\/mouillere.com\/universconvergents\/wp-content\/uploads\/2025\/12\/2025-12-15-IADIP.png?fit=1200%2C800&ssl=1&resize=525%2C300 1.5x, https:\/\/i0.wp.com\/mouillere.com\/universconvergents\/wp-content\/uploads\/2025\/12\/2025-12-15-IADIP.png?fit=1200%2C800&ssl=1&resize=700%2C400 2x, https:\/\/i0.wp.com\/mouillere.com\/universconvergents\/wp-content\/uploads\/2025\/12\/2025-12-15-IADIP.png?fit=1200%2C800&ssl=1&resize=1050%2C600 3x"},"classes":[]}],"_links":{"self":[{"href":"https:\/\/mouillere.com\/universconvergents\/wp-json\/wp\/v2\/posts\/6648","targetHints":{"allow":["GET"]}}],"collection":[{"href":"https:\/\/mouillere.com\/universconvergents\/wp-json\/wp\/v2\/posts"}],"about":[{"href":"https:\/\/mouillere.com\/universconvergents\/wp-json\/wp\/v2\/types\/post"}],"author":[{"embeddable":true,"href":"https:\/\/mouillere.com\/universconvergents\/wp-json\/wp\/v2\/users\/1"}],"replies":[{"embeddable":true,"href":"https:\/\/mouillere.com\/universconvergents\/wp-json\/wp\/v2\/comments?post=6648"}],"version-history":[{"count":1,"href":"https:\/\/mouillere.com\/universconvergents\/wp-json\/wp\/v2\/posts\/6648\/revisions"}],"predecessor-version":[{"id":6652,"href":"https:\/\/mouillere.com\/universconvergents\/wp-json\/wp\/v2\/posts\/6648\/revisions\/6652"}],"wp:featuredmedia":[{"embeddable":true,"href":"https:\/\/mouillere.com\/universconvergents\/wp-json\/wp\/v2\/media\/6651"}],"wp:attachment":[{"href":"https:\/\/mouillere.com\/universconvergents\/wp-json\/wp\/v2\/media?parent=6648"}],"wp:term":[{"taxonomy":"category","embeddable":true,"href":"https:\/\/mouillere.com\/universconvergents\/wp-json\/wp\/v2\/categories?post=6648"},{"taxonomy":"post_tag","embeddable":true,"href":"https:\/\/mouillere.com\/universconvergents\/wp-json\/wp\/v2\/tags?post=6648"}],"curies":[{"name":"wp","href":"https:\/\/api.w.org\/{rel}","templated":true}]}}