{"id":6909,"date":"2025-12-18T22:16:05","date_gmt":"2025-12-18T21:16:05","guid":{"rendered":"https:\/\/mouillere.com\/universconvergents\/?p=6909"},"modified":"2025-12-19T16:58:37","modified_gmt":"2025-12-19T15:58:37","slug":"ia-droit-international-prive","status":"publish","type":"post","link":"https:\/\/mouillere.com\/universconvergents\/2025\/12\/18\/ia-droit-international-prive\/","title":{"rendered":"IA &#038; droit international priv\u00e9"},"content":{"rendered":"<p>Le rapport du Conseil Sup\u00e9rieur de la Propri\u00e9t\u00e9 Litt\u00e9raire et Artistique (CSPLA) analyse la question complexe de la loi applicable aux mod\u00e8les d\u2019IA g\u00e9n\u00e9rative commercialis\u00e9s dans l\u2019UE, en se concentrant sur les enjeux de propri\u00e9t\u00e9 litt\u00e9raire et artistique en droit international priv\u00e9. La probl\u00e9matique centrale est la d\u00e9termination de la loi nationale r\u00e9gissant l&#8217;\u00e9tape d&#8217;entra\u00eenement des mod\u00e8les d&#8217;IA (<i>input<\/i>), une phase transnationale o\u00f9 des \u0153uvres prot\u00e9g\u00e9es sont massivement reproduites sans autorisation. Le rapport conclut de mani\u00e8re convergente que la loi applicable aux actes de reproduction r\u00e9alis\u00e9s lors de l&#8217;entra\u00eenement doit \u00eatre celle du pays o\u00f9 le mod\u00e8le d&#8217;IA est commercialis\u00e9 et accessible aux utilisateurs, et non celle du lieu, souvent incertain et techniquement volatile, o\u00f9 se situent les serveurs d&#8217;entra\u00eenement.<\/p>\n<p><!--more--><\/p>\n<p>&nbsp;<\/p>\n<audio class=\"wp-audio-shortcode\" id=\"audio-6909-1\" preload=\"none\" style=\"width: 100%;\" controls=\"controls\"><source type=\"audio\/mpeg\" src=\"https:\/\/mouillere.com\/universconvergents\/wp-content\/uploads\/2025\/12\/2025-12-15-IADIP.m4a?_=1\" \/><a href=\"https:\/\/mouillere.com\/universconvergents\/wp-content\/uploads\/2025\/12\/2025-12-15-IADIP.m4a\">https:\/\/mouillere.com\/universconvergents\/wp-content\/uploads\/2025\/12\/2025-12-15-IADIP.m4a<\/a><\/audio>\n<h2>Analyse en droit international priv\u00e9<\/h2>\n<h3>Lex Loci Protectionis<\/h3>\n<p>La r\u00e8gle universellement reconnue en mati\u00e8re d&#8217;atteinte aux droits de propri\u00e9t\u00e9 litt\u00e9raire et artistique est la <i>lex loci protectionis<\/i>, c&#8217;est-\u00e0-dire la loi du pays pour lequel la protection est revendiqu\u00e9e. Ce principe est consacr\u00e9 par l&#8217;article 5 \u00a72 de la Convention de Berne et l&#8217;article 8 \u00a71 du r\u00e8glement Rome II. La difficult\u00e9 majeure r\u00e9side dans la localisation de l&#8217;atteinte au droit, surtout dans un contexte num\u00e9rique et transnational comme celui de l&#8217;IA.<\/p>\n<h3>Analyse de l&#8217;\u00e9tape d&#8217;entra\u00eenement (<i>Input<\/i>)<\/h3>\n<h4>Approche technique<\/h4>\n<p>Cette approche consiste \u00e0 consid\u00e9rer chaque acte de reproduction lors de l&#8217;entra\u00eenement comme un d\u00e9lit autonome, r\u00e9gi par la loi du pays o\u00f9 la reproduction a lieu. Cependant, cette analyse est jug\u00e9e inop\u00e9rante pour plusieurs raisons fondamentales :<\/p>\n<ul>\n<li><b>Impossibilit\u00e9 de localisation<\/b> : Il est techniquement extr\u00eamement difficile, voire impossible, de localiser avec certitude le lieu des reproductions. Les donn\u00e9es sont collect\u00e9es (<i>crawling<\/i>), stock\u00e9es et trait\u00e9es sur des serveurs multiples, r\u00e9partis dans des <i>datacenters<\/i> \u00e0 travers le monde (<i>cloud<\/i>). De plus, des reproductions interviennent \u00e0 plusieurs stades : collecte initiale, <i>inputs<\/i> \u00ab m\u00e9dians \u00bb, etc.<\/li>\n<li><b>Manque de pr\u00e9visibilit\u00e9<\/b> : Un crit\u00e8re de rattachement fond\u00e9 sur la localisation des serveurs est impr\u00e9visible et contraire aux objectifs du droit international priv\u00e9, qui doit permettre aux acteurs \u00e9conomiques d&#8217;anticiper la loi applicable \u00e0 leurs activit\u00e9s.<\/li>\n<li><b>Jurisprudence d\u00e9favorable<\/b> : La Cour de justice de l&#8217;Union europ\u00e9enne (CJUE) a d\u00e9j\u00e0 manifest\u00e9 sa m\u00e9fiance envers les crit\u00e8res de rattachement purement techniques, leur pr\u00e9f\u00e9rant des approches juridiques plus stables<\/li>\n<\/ul>\n<h4>Approche juridique<\/h4>\n<ul>\n<li><b>Un processus d&#8217;exploitation global<\/b> : Il n&#8217;y a pas d&#8217;<i>input<\/i> sans la perspective d&#8217;un <i>output<\/i>, et inversement. La reproduction des \u0153uvres lors de l&#8217;entra\u00eenement (<i>input<\/i>) n&#8217;a de sens que parce qu&#8217;elle permet au mod\u00e8le de g\u00e9n\u00e9rer des r\u00e9sultats (<i>output<\/i>) et de capter la valeur des \u0153uvres originelles, m\u00eame si ces derni\u00e8res n&#8217;apparaissent pas directement dans le r\u00e9sultat final.<\/li>\n<li><b>Qualification en d\u00e9lit complexe<\/b> : Ce processus constitue un \u00ab d\u00e9lit complexe \u00bb, caract\u00e9ris\u00e9 par une dissociation spatiale entre :\n<ul>\n<li><b>Le fait g\u00e9n\u00e9rateur<\/b> : les actes de reproduction lors de la collecte et de l&#8217;entra\u00eenement (<i>input<\/i>).<\/li>\n<li><b>Le dommage<\/b> : la captation de la valeur, qui se mat\u00e9rialise lorsque le mod\u00e8le est utilis\u00e9 et g\u00e9n\u00e8re des r\u00e9ponses pour les utilisateurs.<\/li>\n<\/ul>\n<\/li>\n<li><b>Application de la loi du lieu du dommage<\/b> : La jurisprudence privil\u00e9gie en mati\u00e8re de d\u00e9lits complexes l&#8217;application de la loi du lieu o\u00f9 le dommage se produit (<i>lex loci damni<\/i>). En transposant ce raisonnement \u00e0 l&#8217;IA, la loi applicable aux reproductions de l&#8217;<i>input<\/i> est celle du ou des pays o\u00f9 le mod\u00e8le est commercialis\u00e9 et utilis\u00e9, car c&#8217;est l\u00e0 que le &#8220;dommage&#8221; (la captation de valeur) se concr\u00e9tise.<\/li>\n<li><b>M\u00e9thode de la focalisation<\/b> : Pour identifier les pays concern\u00e9s, la m\u00e9thode de la \u00ab focalisation \u00bb (ou du \u00ab ciblage \u00bb), d\u00e9j\u00e0 utilis\u00e9e pour les cybercontrefa\u00e7ons, peut \u00eatre employ\u00e9e. La loi d&#8217;un pays s&#8217;appliquera si l&#8217;op\u00e9rateur de l&#8217;IA dirige son activit\u00e9 vers le public de ce pays, ce qui peut \u00eatre d\u00e9termin\u00e9 par un faisceau d&#8217;indices (langue, devise, nom de domaine, etc.).<\/li>\n<\/ul>\n<h3>Analyse de l&#8217;\u00e9tape de sortie (<i>Output<\/i>)<\/h3>\n<p>L&#8217;<i>output<\/i>, ou r\u00e9sultat g\u00e9n\u00e9r\u00e9 par l&#8217;IA, ne pr\u00e9sente pas de difficult\u00e9 sp\u00e9cifique en droit international priv\u00e9.<\/p>\n<ul>\n<li><b>L&#8217;<\/b><i><b>output<\/b><\/i><b> en tant que contrefa\u00e7on<\/b> : Si le contenu g\u00e9n\u00e9r\u00e9 reproduit des \u00e9l\u00e9ments originaux d&#8217;une \u0153uvre pr\u00e9existante, la <i>lex loci protectionis<\/i> est la loi du pays du public cibl\u00e9 par la communication de ce contenu (ex: plateforme de streaming visant le public fran\u00e7ais).<\/li>\n<li><b>L&#8217;<\/b><i><b>output<\/b><\/i><b> en tant que cr\u00e9ation<\/b> : La question de savoir si un contenu g\u00e9n\u00e9r\u00e9 par l&#8217;IA peut \u00eatre prot\u00e9g\u00e9 par le droit d&#8217;auteur est \u00e9galement soumise \u00e0 la <i>lex loci protectionis<\/i>, c&#8217;est-\u00e0-dire la loi du pays o\u00f9 ce contenu est exploit\u00e9.<\/li>\n<\/ul>\n<p>&nbsp;<\/p>\n<h2>Analyse\u00a0du R\u00e8glement sur l&#8217;IA<\/h2>\n<table border=\"1\">\n<tbody>\n<tr>\n<td><strong>Disposition<\/strong><\/td>\n<td style=\"text-align: center;\"><strong>Contenu<\/strong><\/td>\n<\/tr>\n<tr>\n<td><b>Article 53 \u00a71, c)<\/b><\/td>\n<td>Impose aux fournisseurs de mod\u00e8les d&#8217;IA \u00e0 usage g\u00e9n\u00e9ral de mettre en place \u00ab une politique visant \u00e0 se conformer au droit de l\u2019Union en mati\u00e8re de droit d\u2019auteur et droits voisins \u00bb, et notamment de respecter les r\u00e9servations de droits (<i>opt-out<\/i>) dans le cadre de la fouille de textes et de donn\u00e9es (TDM).<\/td>\n<\/tr>\n<tr>\n<td><b>Consid\u00e9rant 106<\/b><\/td>\n<td>Pr\u00e9cise que cette obligation s&#8217;applique \u00e0 tout fournisseur mettant un mod\u00e8le sur le march\u00e9 de l&#8217;Union, <b>\u00ab quelle que soit la juridiction dans laquelle se d\u00e9roulent les actes pertinents au titre du droit d\u2019auteur qui sous-tendent l\u2019entra\u00eenement \u00bb<\/b>. Il justifie cette approche par la n\u00e9cessit\u00e9 de garantir des <b>conditions de concurrence \u00e9quitables<\/b>.<\/td>\n<\/tr>\n<\/tbody>\n<\/table>\n<p>Le consid\u00e9rant 106 cr\u00e9e une obligation pour les fournisseurs qui s&#8217;aligne parfaitement avec l&#8217;id\u00e9e d&#8217;appliquer la loi du march\u00e9 de commercialisation.<\/p>\n<ul>\n<li><b>Argument de coh\u00e9rence<\/b> : Il serait illogique et impraticable qu&#8217;un fournisseur soit tenu de respecter la l\u00e9gislation de l&#8217;Union en vertu du R\u00e8glement sur l&#8217;IA, mais puisse invoquer une loi \u00e9trang\u00e8re moins protectrice dans le cadre d&#8217;une action en contrefa\u00e7on pour les m\u00eames actes.<\/li>\n<li><b>Argument de concurrence<\/b> : La justification du consid\u00e9rant 106 (\u00e9viter qu&#8217;un op\u00e9rateur ne b\u00e9n\u00e9ficie d&#8217;un avantage concurrentiel en s&#8217;entra\u00eenant dans un pays \u00e0 faible protection) est un argument classique en droit international priv\u00e9 pour pr\u00e9f\u00e9rer la loi du march\u00e9 (lieu du dommage) \u00e0 celle du lieu d&#8217;origine de l&#8217;op\u00e9rateur (lieu du fait g\u00e9n\u00e9rateur).<\/li>\n<\/ul>\n<p>M\u00eame si l&#8217;on retenait l&#8217;hypoth\u00e8se que la loi applicable est celle du lieu de la reproduction, le consid\u00e9rant 106 r\u00e9v\u00e8le l&#8217;importance attach\u00e9e par l&#8217;Union \u00e0 la protection du droit d&#8217;auteur permettant d&#8217;\u00e9carter une loi \u00e9trang\u00e8re via deux m\u00e9canismes :<\/p>\n<ul>\n<li><b>Les lois de police<\/b> : La l\u00e9gislation de l&#8217;Union sur le droit d&#8217;auteur, en particulier les r\u00e8gles sur le TDM et l&#8217;<i>opt-out<\/i>, pourrait \u00eatre qualifi\u00e9e de \u00ab loi de police \u00bb. Il s&#8217;agit d&#8217;une disposition imp\u00e9rative jug\u00e9e cruciale pour la sauvegarde des int\u00e9r\u00eats publics d&#8217;un pays, qui s&#8217;applique quelle que soit la loi normalement d\u00e9sign\u00e9e. Le juge d&#8217;un \u00c9tat membre appliquerait donc sa loi nationale \u00e0 tout mod\u00e8le commercialis\u00e9 dans l&#8217;Union.<\/li>\n<li><b>L&#8217;exception d&#8217;ordre public international<\/b> : L&#8217;application d&#8217;une loi \u00e9trang\u00e8re qui ne permettrait pas aux titulaires de droits de s&#8217;opposer \u00e0 la reproduction de leurs \u0153uvres pourrait \u00eatre jug\u00e9e contraire \u00e0 l&#8217;ordre public international. Un tel r\u00e9sultat serait choquant au regard des valeurs fondamentales europ\u00e9ennes, notamment la protection de la propri\u00e9t\u00e9 intellectuelle en tant que droit fondamental (Art. 17 \u00a72 de la Charte des droits fondamentaux de l&#8217;UE). Le juge \u00e9carterait alors la loi \u00e9trang\u00e8re pour lui substituer sa propre loi nationale.<\/li>\n<\/ul>\n<p>&nbsp;<\/p>\n<p>Que ce soit par une interpr\u00e9tation de la <i>lex loci protectionis<\/i> ou du nouveau R\u00e8glement sur l&#8217;IA, un fournisseur qui vise le march\u00e9 de l&#8217;Union europ\u00e9enne doit se conformer \u00e0 la l\u00e9gislation de l&#8217;Union en mati\u00e8re de propri\u00e9t\u00e9 litt\u00e9raire et artistique, et ce, ind\u00e9pendamment du lieu o\u00f9 les op\u00e9rations techniques d&#8217;entra\u00eenement ont \u00e9t\u00e9 r\u00e9alis\u00e9es.<\/p>\n<p>&nbsp;<\/p>\n<iframe src=\"\/\/docs.google.com\/viewer?url=https%3A%2F%2Fmouillere.com%2Funiversconvergents%2Fwp-content%2Fuploads%2F2025%2F12%2F2025-12-15-IADIP.pdf&hl=fr&embedded=true\" class=\"gde-frame\" style=\"width:100%; height:500px; border: none;\" scrolling=\"no\"><\/iframe>\n<p class=\"gde-text\"><a href=\"https:\/\/mouillere.com\/universconvergents\/wp-content\/uploads\/2025\/12\/2025-12-15-IADIP.pdf\" class=\"gde-link\">T\u00e9l\u00e9charger (PDF, 3.77Mo)<\/a><\/p>\n","protected":false},"excerpt":{"rendered":"<p>Le rapport du Conseil Sup\u00e9rieur de la Propri\u00e9t\u00e9 Litt\u00e9raire et Artistique (CSPLA) analyse la question complexe de la loi applicable aux mod\u00e8les d\u2019IA g\u00e9n\u00e9rative commercialis\u00e9s dans l\u2019UE, en se concentrant&hellip; <\/p>\n","protected":false},"author":1,"featured_media":6913,"comment_status":"closed","ping_status":"open","sticky":false,"template":"","format":"standard","meta":{"_jetpack_memberships_contains_paid_content":false,"footnotes":"","jetpack_publicize_message":"","jetpack_publicize_feature_enabled":true,"jetpack_social_post_already_shared":true,"jetpack_social_options":{"image_generator_settings":{"template":"highway","default_image_id":0,"font":"","enabled":false},"version":2}},"categories":[30,302,145,74,14],"tags":[],"class_list":["post-6909","post","type-post","status-publish","format-standard","has-post-thumbnail","hentry","category-avocat","category-ia","category-ip","category-it","category-propriete-litteraire-et-artistique"],"jetpack_publicize_connections":[],"jetpack_featured_media_url":"https:\/\/i0.wp.com\/mouillere.com\/universconvergents\/wp-content\/uploads\/2025\/12\/2025-12-15-IADIP.png?fit=1536%2C1024&ssl=1","jetpack_sharing_enabled":false,"jetpack_shortlink":"https:\/\/wp.me\/p6jw1p-1Nr","jetpack-related-posts":[{"id":7053,"url":"https:\/\/mouillere.com\/universconvergents\/2026\/04\/01\/resolution-du-parlement-europeen-sur-le-droit-dauteur-et-lia\/","url_meta":{"origin":6909,"position":0},"title":"R\u00e9solution du Parlement Europ\u00e9en sur le Droit d&#8217;Auteur et l&#8217;IA","author":"Fred","date":"1 avril 2026","format":false,"excerpt":"Le 10 mars 2026, le Parlement europ\u00e9en a adopt\u00e9 la r\u00e9solution non contraignante port\u00e9e par l'eurod\u00e9put\u00e9 Axel Voss visant \u00e0 encadrer l'interaction entre le droit d'auteur et l'IA : Transparence : Obligation pour les fournisseurs d'IA de lister de mani\u00e8re d\u00e9taill\u00e9e les contenus prot\u00e9g\u00e9s utilis\u00e9s pour l'entra\u00eenement; Pr\u00e9somption r\u00e9fragable :\u2026","rel":"","context":"Dans &quot;IA&quot;","block_context":{"text":"IA","link":"https:\/\/mouillere.com\/universconvergents\/category\/it\/ia\/"},"img":{"alt_text":"","src":"https:\/\/i0.wp.com\/mouillere.com\/universconvergents\/wp-content\/uploads\/2026\/04\/2026-03-10-EU-ResolutionIA.jpg?fit=1024%2C768&ssl=1&resize=350%2C200","width":350,"height":200,"srcset":"https:\/\/i0.wp.com\/mouillere.com\/universconvergents\/wp-content\/uploads\/2026\/04\/2026-03-10-EU-ResolutionIA.jpg?fit=1024%2C768&ssl=1&resize=350%2C200 1x, https:\/\/i0.wp.com\/mouillere.com\/universconvergents\/wp-content\/uploads\/2026\/04\/2026-03-10-EU-ResolutionIA.jpg?fit=1024%2C768&ssl=1&resize=525%2C300 1.5x, https:\/\/i0.wp.com\/mouillere.com\/universconvergents\/wp-content\/uploads\/2026\/04\/2026-03-10-EU-ResolutionIA.jpg?fit=1024%2C768&ssl=1&resize=700%2C400 2x"},"classes":[]},{"id":6998,"url":"https:\/\/mouillere.com\/universconvergents\/2026\/03\/24\/ia-presomption-dexploitation-des-contenus-culturels\/","url_meta":{"origin":6909,"position":1},"title":"IA : pr\u00e9somption d&#8217;exploitation des contenus culturels","author":"Fred","date":"24 mars 2026","format":false,"excerpt":"L'essor fulgurant de l'IA est \u00e0 l'origine d'une tension croissante entre l'innovation technologique et la protection du droit d'auteur. Bien que l'IA offre des opportunit\u00e9s de cr\u00e9ation assist\u00e9e, elle repose sur un moissonnage massif de contenus prot\u00e9g\u00e9s sans r\u00e9mun\u00e9ration ad\u00e9quate, cr\u00e9ant une situation de parasitisme cr\u00e9atif. Le R\u00e8glement europ\u00e9en sur\u2026","rel":"","context":"Dans &quot;IA&quot;","block_context":{"text":"IA","link":"https:\/\/mouillere.com\/universconvergents\/category\/it\/ia\/"},"img":{"alt_text":"","src":"https:\/\/i0.wp.com\/mouillere.com\/universconvergents\/wp-content\/uploads\/2026\/03\/IA-Presomption.jpg?fit=1024%2C768&ssl=1&resize=350%2C200","width":350,"height":200,"srcset":"https:\/\/i0.wp.com\/mouillere.com\/universconvergents\/wp-content\/uploads\/2026\/03\/IA-Presomption.jpg?fit=1024%2C768&ssl=1&resize=350%2C200 1x, https:\/\/i0.wp.com\/mouillere.com\/universconvergents\/wp-content\/uploads\/2026\/03\/IA-Presomption.jpg?fit=1024%2C768&ssl=1&resize=525%2C300 1.5x, https:\/\/i0.wp.com\/mouillere.com\/universconvergents\/wp-content\/uploads\/2026\/03\/IA-Presomption.jpg?fit=1024%2C768&ssl=1&resize=700%2C400 2x"},"classes":[]},{"id":6648,"url":"https:\/\/mouillere.com\/universconvergents\/2025\/07\/14\/ia-creation\/","url_meta":{"origin":6909,"position":2},"title":"IA &#038; Cr\u00e9ation","author":"Fred","date":"14 juillet 2025","format":false,"excerpt":"Le\u00a0S\u00e9nat\u00a0vient de publier son rapport sur l'IA et la Cr\u00e9ation\u00a0pour concilier innovation et cr\u00e9ation en garantissant l\u2019effectivit\u00e9 du droit d\u2019auteur et le partage de la valeur. Dans\u00a0le\u00a0domaine culturel, l\u2019IA\u00a0offre\u00a0de\u00a0nouvelles\u00a0opportunit\u00e9s\u00a0sur\u00a0le\u00a0plan\u00a0de\u00a0la\u00a0cr\u00e9ation\u00a0et\u00a0de\u00a0la\u00a0diffusion\u00a0des \u0153uvres, mais ses usages pr\u00e9sentent \u00e9galement des risques pour\u00a0le\u00a0statut\u00a0et\u00a0la\u00a0valeur\u00a0de\u00a0la\u00a0production\u00a0artistique,\u00a0ainsi\u00a0que\u00a0pour\u00a0les\u00a0droits\u00a0et\u00a0la\u00a0protection\u00a0des\u00a0auteurs. Les fournisseurs d'IA ont su exploiter les failles offertes par la r\u00e8glementation\u2026","rel":"","context":"Dans &quot;IA&quot;","block_context":{"text":"IA","link":"https:\/\/mouillere.com\/universconvergents\/category\/it\/ia\/"},"img":{"alt_text":"","src":"https:\/\/i0.wp.com\/mouillere.com\/universconvergents\/wp-content\/uploads\/2025\/07\/2025-07-09-IACreation-Synthese.png?fit=1200%2C768&ssl=1&resize=350%2C200","width":350,"height":200,"srcset":"https:\/\/i0.wp.com\/mouillere.com\/universconvergents\/wp-content\/uploads\/2025\/07\/2025-07-09-IACreation-Synthese.png?fit=1200%2C768&ssl=1&resize=350%2C200 1x, https:\/\/i0.wp.com\/mouillere.com\/universconvergents\/wp-content\/uploads\/2025\/07\/2025-07-09-IACreation-Synthese.png?fit=1200%2C768&ssl=1&resize=525%2C300 1.5x, https:\/\/i0.wp.com\/mouillere.com\/universconvergents\/wp-content\/uploads\/2025\/07\/2025-07-09-IACreation-Synthese.png?fit=1200%2C768&ssl=1&resize=700%2C400 2x, https:\/\/i0.wp.com\/mouillere.com\/universconvergents\/wp-content\/uploads\/2025\/07\/2025-07-09-IACreation-Synthese.png?fit=1200%2C768&ssl=1&resize=1050%2C600 3x"},"classes":[]},{"id":6428,"url":"https:\/\/mouillere.com\/universconvergents\/2025\/01\/06\/ia-un-transfert-de-valeur-bien-reel\/","url_meta":{"origin":6909,"position":3},"title":"IA : un transfert de valeur bien r\u00e9el","author":"Fred","date":"6 janvier 2025","format":false,"excerpt":"Plusieurs \u00e9tudes publi\u00e9es en fin d'ann\u00e9e permettent de comprendre l'impact de l'IA notamment dans le secteur culturel et le transfert des valeurs g\u00e9n\u00e9r\u00e9s, ce qui permet d'expliquer pourquoi certains g\u00e9ants du num\u00e9rique n'h\u00e9sitent pas \u00e0 se lancer en politique et orchestrent des campagne de d\u00e9sinformation dans l'UE pour \u00e0 terme\u2026","rel":"","context":"Dans &quot;IA&quot;","block_context":{"text":"IA","link":"https:\/\/mouillere.com\/universconvergents\/category\/it\/ia\/"},"img":{"alt_text":"","src":"https:\/\/i0.wp.com\/mouillere.com\/universconvergents\/wp-content\/uploads\/2025\/01\/2024-12-chaine-de-valeur-de-lIA.png?fit=1200%2C468&ssl=1&resize=350%2C200","width":350,"height":200,"srcset":"https:\/\/i0.wp.com\/mouillere.com\/universconvergents\/wp-content\/uploads\/2025\/01\/2024-12-chaine-de-valeur-de-lIA.png?fit=1200%2C468&ssl=1&resize=350%2C200 1x, https:\/\/i0.wp.com\/mouillere.com\/universconvergents\/wp-content\/uploads\/2025\/01\/2024-12-chaine-de-valeur-de-lIA.png?fit=1200%2C468&ssl=1&resize=525%2C300 1.5x, https:\/\/i0.wp.com\/mouillere.com\/universconvergents\/wp-content\/uploads\/2025\/01\/2024-12-chaine-de-valeur-de-lIA.png?fit=1200%2C468&ssl=1&resize=700%2C400 2x, https:\/\/i0.wp.com\/mouillere.com\/universconvergents\/wp-content\/uploads\/2025\/01\/2024-12-chaine-de-valeur-de-lIA.png?fit=1200%2C468&ssl=1&resize=1050%2C600 3x"},"classes":[]},{"id":6820,"url":"https:\/\/mouillere.com\/universconvergents\/2025\/11\/11\/openai-condamnee-pour-violation-des-droits-dauteur\/","url_meta":{"origin":6909,"position":4},"title":"OpenAI condamn\u00e9e pour violation des droits d\u2019auteur","author":"Fred","date":"11 novembre 2025","format":false,"excerpt":"Faisant suite \u00e0 la plainte de la GEMA (la SACEM allemande), le tribunal r\u00e9gional de Munich a condamn\u00e9 OpenAI (ChatGPT) mardi 11 novembre 2025 pour violation des droits d\u2019auteur via l'utilisation de paroles de chansons dans ses mod\u00e8les d\u2019IA sans autorisation ni r\u00e9mun\u00e9ration des auteurs. \"L'internet n'est pas un magasin\u2026","rel":"","context":"Dans &quot;IA&quot;","block_context":{"text":"IA","link":"https:\/\/mouillere.com\/universconvergents\/category\/it\/ia\/"},"img":{"alt_text":"","src":"https:\/\/i0.wp.com\/mouillere.com\/universconvergents\/wp-content\/uploads\/2025\/11\/GEMA-OpenAI.jpg?fit=1024%2C768&ssl=1&resize=350%2C200","width":350,"height":200,"srcset":"https:\/\/i0.wp.com\/mouillere.com\/universconvergents\/wp-content\/uploads\/2025\/11\/GEMA-OpenAI.jpg?fit=1024%2C768&ssl=1&resize=350%2C200 1x, https:\/\/i0.wp.com\/mouillere.com\/universconvergents\/wp-content\/uploads\/2025\/11\/GEMA-OpenAI.jpg?fit=1024%2C768&ssl=1&resize=525%2C300 1.5x, https:\/\/i0.wp.com\/mouillere.com\/universconvergents\/wp-content\/uploads\/2025\/11\/GEMA-OpenAI.jpg?fit=1024%2C768&ssl=1&resize=700%2C400 2x"},"classes":[]},{"id":6594,"url":"https:\/\/mouillere.com\/universconvergents\/2025\/05\/21\/remuneration-des-contenus-culturels-utilises-par-lia\/","url_meta":{"origin":6909,"position":5},"title":"R\u00e9mun\u00e9ration des contenus culturels utilis\u00e9s par l&#8217;IA","author":"Fred","date":"21 mai 2025","format":false,"excerpt":"La ministre de la Culture a confi\u00e9 au CSPLA l'analyse des enjeux \u00e9conomiques de l\u2019acc\u00e8s par l'IA aux donn\u00e9es prot\u00e9g\u00e9es par des droits de propri\u00e9t\u00e9 litt\u00e9raire et artistique et d'examiner les m\u00e9canismes juridiques afin de garantir aux ayants droit l'effectivit\u00e9 de leurs droits lors de l\u2019utilisation des \u0153uvres par l\u2019IA.\u2026","rel":"","context":"Dans &quot;IA&quot;","block_context":{"text":"IA","link":"https:\/\/mouillere.com\/universconvergents\/category\/it\/ia\/"},"img":{"alt_text":"","src":"https:\/\/i0.wp.com\/mouillere.com\/universconvergents\/wp-content\/uploads\/2025\/05\/2025-05-CSPLA-IA-Contenus-Remuneration-RapportJuridique.png?fit=1200%2C765&ssl=1&resize=350%2C200","width":350,"height":200,"srcset":"https:\/\/i0.wp.com\/mouillere.com\/universconvergents\/wp-content\/uploads\/2025\/05\/2025-05-CSPLA-IA-Contenus-Remuneration-RapportJuridique.png?fit=1200%2C765&ssl=1&resize=350%2C200 1x, https:\/\/i0.wp.com\/mouillere.com\/universconvergents\/wp-content\/uploads\/2025\/05\/2025-05-CSPLA-IA-Contenus-Remuneration-RapportJuridique.png?fit=1200%2C765&ssl=1&resize=525%2C300 1.5x, https:\/\/i0.wp.com\/mouillere.com\/universconvergents\/wp-content\/uploads\/2025\/05\/2025-05-CSPLA-IA-Contenus-Remuneration-RapportJuridique.png?fit=1200%2C765&ssl=1&resize=700%2C400 2x, https:\/\/i0.wp.com\/mouillere.com\/universconvergents\/wp-content\/uploads\/2025\/05\/2025-05-CSPLA-IA-Contenus-Remuneration-RapportJuridique.png?fit=1200%2C765&ssl=1&resize=1050%2C600 3x"},"classes":[]}],"_links":{"self":[{"href":"https:\/\/mouillere.com\/universconvergents\/wp-json\/wp\/v2\/posts\/6909","targetHints":{"allow":["GET"]}}],"collection":[{"href":"https:\/\/mouillere.com\/universconvergents\/wp-json\/wp\/v2\/posts"}],"about":[{"href":"https:\/\/mouillere.com\/universconvergents\/wp-json\/wp\/v2\/types\/post"}],"author":[{"embeddable":true,"href":"https:\/\/mouillere.com\/universconvergents\/wp-json\/wp\/v2\/users\/1"}],"replies":[{"embeddable":true,"href":"https:\/\/mouillere.com\/universconvergents\/wp-json\/wp\/v2\/comments?post=6909"}],"version-history":[{"count":2,"href":"https:\/\/mouillere.com\/universconvergents\/wp-json\/wp\/v2\/posts\/6909\/revisions"}],"predecessor-version":[{"id":6914,"href":"https:\/\/mouillere.com\/universconvergents\/wp-json\/wp\/v2\/posts\/6909\/revisions\/6914"}],"wp:featuredmedia":[{"embeddable":true,"href":"https:\/\/mouillere.com\/universconvergents\/wp-json\/wp\/v2\/media\/6913"}],"wp:attachment":[{"href":"https:\/\/mouillere.com\/universconvergents\/wp-json\/wp\/v2\/media?parent=6909"}],"wp:term":[{"taxonomy":"category","embeddable":true,"href":"https:\/\/mouillere.com\/universconvergents\/wp-json\/wp\/v2\/categories?post=6909"},{"taxonomy":"post_tag","embeddable":true,"href":"https:\/\/mouillere.com\/universconvergents\/wp-json\/wp\/v2\/tags?post=6909"}],"curies":[{"name":"wp","href":"https:\/\/api.w.org\/{rel}","templated":true}]}}