{"id":7028,"date":"2026-03-31T22:11:29","date_gmt":"2026-03-31T21:11:29","guid":{"rendered":"https:\/\/mouillere.com\/universconvergents\/?p=7028"},"modified":"2026-04-01T14:18:34","modified_gmt":"2026-04-01T13:18:34","slug":"coproduction-audiovisuelle-europeenne","status":"publish","type":"post","link":"https:\/\/mouillere.com\/universconvergents\/2026\/03\/31\/coproduction-audiovisuelle-europeenne\/","title":{"rendered":"Coproduction audiovisuelle europ\u00e9enne"},"content":{"rendered":"<p>L&#8217;industrie audiovisuelle europ\u00e9enne conna\u00eet une mutation structurelle majeure avec l&#8217;adoption de la <b>Convention du Conseil de l\u2019Europe sur la coproduction d\u2019\u0153uvres audiovisuelles sous forme de s\u00e9ries<\/b>. Ce nouveau cadre juridique comble un vide l\u00e9gislatif en offrant aux s\u00e9ries (t\u00e9l\u00e9vision et plateformes) un statut \u00e9quivalent \u00e0 celui du cin\u00e9ma, facilitant l&#8217;acc\u00e8s aux aides nationales et renfor\u00e7ant la protection des producteurs ind\u00e9pendants. Parall\u00e8lement, la pratique contractuelle reste ancr\u00e9e sur des principes juridiques rigoureux, o\u00f9 la <b>Soci\u00e9t\u00e9 en Participation (SEP)<\/b> s&#8217;impose comme la structure de r\u00e9f\u00e9rence pour garantir la transparence fiscale et la solidarit\u00e9 entre partenaires. La France demeure l&#8217;acteur central de ce syst\u00e8me avec plus de 50 accords bilat\u00e9raux, bien que des march\u00e9s majeurs comme les \u00c9tats-Unis et le Japon conservent des mod\u00e8les de cofinancement (slate financing) radicalement diff\u00e9rents du mod\u00e8le de coproduction europ\u00e9en.<\/p>\n<p><!--more--><\/p>\n<h2>La Convention sur les s\u00e9ries<\/h2>\n<p>Ouverte \u00e0 la signature le 26 mars 2026 lors du festival S\u00e9ries Mania, cette convention constitue le premier instrument juridique international d\u00e9di\u00e9 sp\u00e9cifiquement aux s\u00e9ries :<\/p>\n<ul>\n<li><b>Champ d&#8217;application :<\/b> Concerne les fictions, l&#8217;animation et les documentaires de plusieurs \u00e9pisodes destin\u00e9s \u00e0 une diffusion lin\u00e9aire ou non lin\u00e9aire.<\/li>\n<li><b>Transparence des donn\u00e9es :<\/b> Obligation pour les diffuseurs de fournir des donn\u00e9es d&#8217;audience et d&#8217;exploitation aux coproducteurs;<\/li>\n<li><strong>R\u00e8gles de Participation Financi\u00e8re : <\/strong>La Convention d\u00e9finit des seuils stricts pour l&#8217;obtention du statut de coproduction officielle<\/li>\n<\/ul>\n<table border=\"1\">\n<tbody>\n<tr>\n<td><strong>Type de Coproduction<\/strong><\/td>\n<td><strong>Part Minimale<\/strong><\/td>\n<td><strong>Part Maximale<\/strong><\/td>\n<\/tr>\n<tr>\n<td><b>Bilat\u00e9rale<\/b><\/td>\n<td>20 %<\/td>\n<td>80 %<\/td>\n<\/tr>\n<tr>\n<td><b>Multilat\u00e9rale<\/b><\/td>\n<td>5 %<\/td>\n<td>80 %<\/td>\n<\/tr>\n<\/tbody>\n<\/table>\n<h3><\/h3>\n<ul>\n<li><b>Ind\u00e9pendance :<\/b> L&#8217;\u0153uvre doit impliquer au moins deux producteurs ind\u00e9pendants de deux \u00c9tats signataires diff\u00e9rents.<\/li>\n<li><b>\u00c9thique :<\/b> Sont exclues du r\u00e9gime les \u0153uvres \u00e0 caract\u00e8re pornographique, faisant l&#8217;apologie de la haine, de la violence ou portant atteinte \u00e0 la dignit\u00e9 humaine.<\/li>\n<\/ul>\n<h2>Fondements juridiques de la coproduction<\/h2>\n<p>La coproduction ne doit pas \u00eatre confondue avec la sous-traitance ou le simple apport financier. Elle repose sur la volont\u00e9 de collaborer (<i>affectio societatis<\/i>) et le partage des risques. Juridiquement, la majorit\u00e9 des contrats de coproduction sont requalifi\u00e9s en Soci\u00e9t\u00e9 en Participation (SEP) :<\/p>\n<ul>\n<li><b>Absence de personnalit\u00e9 morale :<\/b> La SEP n&#8217;a ni si\u00e8ge ni d\u00e9nomination propre;<\/li>\n<li><b>Transparence fiscale :<\/b> Chaque associ\u00e9 d\u00e9clare sa part de b\u00e9n\u00e9fices ou de pertes;<\/li>\n<li><b>Solidarit\u00e9 :<\/b> Les coproducteurs sont solidairement responsables des dettes vis-\u00e0-vis des tiers d\u00e8s lors que la soci\u00e9t\u00e9 est manifeste (connue des tiers).<\/li>\n<li><b>Gestion :<\/b> Un producteur d\u00e9l\u00e9gu\u00e9 est mandat\u00e9 pour g\u00e9rer la production au nom et pour le compte des associ\u00e9s.<\/li>\n<\/ul>\n<p>Seule la SEP est consid\u00e9r\u00e9e comme une vraie coproduction permettant le partage des b\u00e9n\u00e9fices et des pertes au prorata des apports.<\/p>\n<p>Il convient de la distinguer avec la coproduction dite simple qui est un usage sans d\u00e9finition l\u00e9gale. Fiscalement, l&#8217;apport dans une coproduction simple est souvent une succession de prestations de services.<\/p>\n<h2>La nationalit\u00e9 d&#8217;une \u0153uvre audiovisuelle<\/h2>\n<p>La nationalit\u00e9 d&#8217;une \u0153uvre est le levier strat\u00e9gique permettant l&#8217;\u00e9ligibilit\u00e9 aux syst\u00e8mes d&#8217;aides publiques (CNC en France, Eurimages en Europe). Pour qu&#8217;une soci\u00e9t\u00e9 de production b\u00e9n\u00e9ficie du soutien automatique du CNC, elle doit remplir quatre conditions imp\u00e9ratives :<\/p>\n<ol>\n<li>\u00catre constitu\u00e9e sous forme de soci\u00e9t\u00e9 commerciale;<\/li>\n<li>Capital social minimum de 45 000 \u20ac (dont 22 500 \u20ac en num\u00e9raire);<\/li>\n<li>Dirigeants ressortissants de l&#8217;UE ou d&#8217;\u00c9tats parties aux conventions du Conseil de l&#8217;Europe;<\/li>\n<li>Contr\u00f4le de la soci\u00e9t\u00e9 par des personnes physiques ou morales de ces m\u00eames nationalit\u00e9s.<\/li>\n<\/ol>\n<p>L&#8217;avantage principal des trait\u00e9s (bilat\u00e9raux ou multilat\u00e9raux) est l&#8217;assimilation : l&#8217;\u0153uvre obtient la <b>double nationalit\u00e9<\/b>. Elle est consid\u00e9r\u00e9e comme nationale dans chacun des pays coproducteurs, permettant de cumuler les aides de chaque \u00c9tat.<\/p>\n<h2>Les contrats<\/h2>\n<p>Le montage d&#8217;une coproduction internationale suit un cheminement contractuel pr\u00e9cis :<\/p>\n<ol>\n<li><b>Le Deal Memo (ou MOU) :<\/b> Accord de principe mais s&#8217;il est trop pr\u00e9cis, il a valeur de contrat et engage la responsabilit\u00e9 contractuelle en cas de rupture unilat\u00e9rale.<\/li>\n<li><b>Le Contrat de cod\u00e9veloppement <\/b>d\u00e9finit les modalit\u00e9s de l&#8217;\u00e9criture (sc\u00e9nario). Il doit imp\u00e9rativement inclure des <b>clauses de sortie<\/b> pour d\u00e9terminer qui conserve les droits si la production n&#8217;aboutit pas;<\/li>\n<li><b>Le Contrat de coproduction d\u00e9finitif <\/b>formalise l&#8217;indivision de la propri\u00e9t\u00e9, la r\u00e9partition des territoires d&#8217;exploitation et la gestion de la tr\u00e9sorerie.<\/li>\n<\/ol>\n<p>Les contrats int\u00e8grent d\u00e9sormais des obligations extra-financi\u00e8res strictes :<\/p>\n<ul>\n<li><b>Vigilance et RSE :<\/b> Engagement \u00e0 respecter les normes de l&#8217;OIT et de l&#8217;OCDE sur les droits humains;<\/li>\n<li><b>Environnement :<\/b> En France, les producteurs doivent fournir un <b>bilan carbone<\/b> (pr\u00e9visionnel et d\u00e9finitif) pour obtenir des aides. L&#8217;adh\u00e9sion au collectif <i>Ecoprod<\/i> est encourag\u00e9e;<\/li>\n<li><b>Anticorruption :<\/b> Clauses conformes \u00e0 la <b>Loi Sapin 2<\/b>, au <i>UK Bribery Act<\/i> et au <i>FCPA<\/i> am\u00e9ricain, interdisant tout avantage indu et imposant le respect des listes de sanctions internationales;<\/li>\n<li><b>Force majeure :<\/b> Red\u00e9finition post-pand\u00e9mique incluant les \u00e9v\u00e9nements \u00e9pid\u00e9miques, climatiques et diplomatiques majeurs comme causes de suspension ou de r\u00e9solution du contrat.<\/li>\n<\/ul>\n\n<p class=\"gde-text\"><a href=\"https:\/\/mouillere.com\/universconvergents\/wp-content\/uploads\/2026\/04\/2025-11-26-ConventionCoproductionAudiovisuelle.pdf\" class=\"gde-link\">T\u00e9l\u00e9charger (PDF, 34.31Mo)<\/a><\/p>\n","protected":false},"excerpt":{"rendered":"<p>L&#8217;industrie audiovisuelle europ\u00e9enne conna\u00eet une mutation structurelle majeure avec l&#8217;adoption de la Convention du Conseil de l\u2019Europe sur la coproduction d\u2019\u0153uvres audiovisuelles sous forme de s\u00e9ries. Ce nouveau cadre juridique&hellip; <\/p>\n","protected":false},"author":1,"featured_media":7033,"comment_status":"closed","ping_status":"open","sticky":false,"template":"","format":"standard","meta":{"_jetpack_memberships_contains_paid_content":false,"footnotes":"","jetpack_publicize_message":"","jetpack_publicize_feature_enabled":true,"jetpack_social_post_already_shared":true,"jetpack_social_options":{"image_generator_settings":{"template":"highway","default_image_id":0,"font":"","enabled":false},"version":2}},"categories":[10],"tags":[],"class_list":["post-7028","post","type-post","status-publish","format-standard","has-post-thumbnail","hentry","category-audiovisuel"],"jetpack_publicize_connections":[],"jetpack_featured_media_url":"https:\/\/i0.wp.com\/mouillere.com\/universconvergents\/wp-content\/uploads\/2026\/04\/2025-11-26-ConventionCoproductionAudiovisuelle.jpg?fit=1024%2C768&ssl=1","jetpack_sharing_enabled":false,"jetpack_shortlink":"https:\/\/wp.me\/p6jw1p-1Pm","jetpack-related-posts":[{"id":6549,"url":"https:\/\/mouillere.com\/universconvergents\/2025\/04\/13\/definition-des-producteurs-audiovisuels-independants-pour-lattribution-des-aides-publiques\/","url_meta":{"origin":7028,"position":0},"title":"D\u00e9finition des producteurs audiovisuels ind\u00e9pendants pour l\u2019attribution des aides publiques","author":"Fred","date":"13 avril 2025","format":false,"excerpt":"L'alerte Patrice Lam\u00e9 et son Ruban D'images nous informe d'une nouvelle \u00e9tude de l\u2019Observatoire europ\u00e9en de l\u2019audiovisuel sur la d\u00e9finition des producteurs ind\u00e9pendants d\u2019\u0153uvres audiovisuelles et cin\u00e9matographiques qui d\u00e9termine l\u2019acc\u00e8s aux aides publiques. 3 crit\u00e8res permettent de d\u00e9finir l'ind\u00e9pendance selon la Directive Services de m\u00e9dias audiovisuels (Directive SMA) : Qui\u2026","rel":"","context":"Dans &quot;Audiovisuel&quot;","block_context":{"text":"Audiovisuel","link":"https:\/\/mouillere.com\/universconvergents\/category\/ip\/audiovisuel\/"},"img":{"alt_text":"","src":"https:\/\/i0.wp.com\/mouillere.com\/universconvergents\/wp-content\/uploads\/2025\/04\/2024-12-IndependentProductionStudy.jpg?fit=1024%2C768&ssl=1&resize=350%2C200","width":350,"height":200,"srcset":"https:\/\/i0.wp.com\/mouillere.com\/universconvergents\/wp-content\/uploads\/2025\/04\/2024-12-IndependentProductionStudy.jpg?fit=1024%2C768&ssl=1&resize=350%2C200 1x, https:\/\/i0.wp.com\/mouillere.com\/universconvergents\/wp-content\/uploads\/2025\/04\/2024-12-IndependentProductionStudy.jpg?fit=1024%2C768&ssl=1&resize=525%2C300 1.5x, https:\/\/i0.wp.com\/mouillere.com\/universconvergents\/wp-content\/uploads\/2025\/04\/2024-12-IndependentProductionStudy.jpg?fit=1024%2C768&ssl=1&resize=700%2C400 2x"},"classes":[]},{"id":6507,"url":"https:\/\/mouillere.com\/universconvergents\/2025\/03\/18\/financement-des-films-de-fiction-europeens\/","url_meta":{"origin":7028,"position":1},"title":"Financement des films de fiction europ\u00e9ens","author":"Fred","date":"18 mars 2025","format":false,"excerpt":"Selon le dernier rapport de l\u2019Observatoire europ\u00e9en de l\u2019audiovisuel, le budget moyen d\u2019un film de fiction europ\u00e9en en 2022 \u00e9tait de 2,19 millions d\u2019euros, les subventions publiques directes restant la principale source de financement des films de fiction europ\u00e9ens \u00e0 concurrence de 27 % du volume global de financement tandis\u2026","rel":"","context":"Dans &quot;Audiovisuel&quot;","block_context":{"text":"Audiovisuel","link":"https:\/\/mouillere.com\/universconvergents\/category\/ip\/audiovisuel\/"},"img":{"alt_text":"","src":"https:\/\/i0.wp.com\/mouillere.com\/universconvergents\/wp-content\/uploads\/2025\/03\/DMI_FilmFinancing_2025.png?fit=752%2C296&ssl=1&resize=350%2C200","width":350,"height":200,"srcset":"https:\/\/i0.wp.com\/mouillere.com\/universconvergents\/wp-content\/uploads\/2025\/03\/DMI_FilmFinancing_2025.png?fit=752%2C296&ssl=1&resize=350%2C200 1x, https:\/\/i0.wp.com\/mouillere.com\/universconvergents\/wp-content\/uploads\/2025\/03\/DMI_FilmFinancing_2025.png?fit=752%2C296&ssl=1&resize=525%2C300 1.5x, https:\/\/i0.wp.com\/mouillere.com\/universconvergents\/wp-content\/uploads\/2025\/03\/DMI_FilmFinancing_2025.png?fit=752%2C296&ssl=1&resize=700%2C400 2x"},"classes":[]},{"id":5425,"url":"https:\/\/mouillere.com\/universconvergents\/2023\/02\/22\/responsabilisation-des-utilisateurs-face-a-la-desinformation\/","url_meta":{"origin":7028,"position":2},"title":"Responsabilisation des utilisateurs face \u00e0 la d\u00e9sinformation","author":"Fred","date":"22 f\u00e9vrier 2023","format":false,"excerpt":"L'Observatoire europ\u00e9en de l'audiovisuel a publi\u00e9 un rapport relatif \u00e0 la d\u00e9sinformation visant \u00e0 la d\u00e9finir et \u00e0 \u00e9valuer ses effets sur les droits de l\u2019homme fondamentaux tels que le droit \u00e0 des \u00e9lections libres et \u00e9quitables, la vie priv\u00e9e, la libert\u00e9 d'expression, etc. Ce rapport d\u00e9taille \u00e9galement les instruments\u2026","rel":"","context":"Dans &quot;IT&quot;","block_context":{"text":"IT","link":"https:\/\/mouillere.com\/universconvergents\/category\/it\/"},"img":{"alt_text":"","src":"https:\/\/i0.wp.com\/mouillere.com\/universconvergents\/wp-content\/uploads\/2023\/02\/2022-12-IRIS-responsabilisation-des-utilisateurs-face-a-la-desinformation.jpg?fit=1200%2C812&ssl=1&resize=350%2C200","width":350,"height":200,"srcset":"https:\/\/i0.wp.com\/mouillere.com\/universconvergents\/wp-content\/uploads\/2023\/02\/2022-12-IRIS-responsabilisation-des-utilisateurs-face-a-la-desinformation.jpg?fit=1200%2C812&ssl=1&resize=350%2C200 1x, https:\/\/i0.wp.com\/mouillere.com\/universconvergents\/wp-content\/uploads\/2023\/02\/2022-12-IRIS-responsabilisation-des-utilisateurs-face-a-la-desinformation.jpg?fit=1200%2C812&ssl=1&resize=525%2C300 1.5x, https:\/\/i0.wp.com\/mouillere.com\/universconvergents\/wp-content\/uploads\/2023\/02\/2022-12-IRIS-responsabilisation-des-utilisateurs-face-a-la-desinformation.jpg?fit=1200%2C812&ssl=1&resize=700%2C400 2x, https:\/\/i0.wp.com\/mouillere.com\/universconvergents\/wp-content\/uploads\/2023\/02\/2022-12-IRIS-responsabilisation-des-utilisateurs-face-a-la-desinformation.jpg?fit=1200%2C812&ssl=1&resize=1050%2C600 3x"},"classes":[]},{"id":6483,"url":"https:\/\/mouillere.com\/universconvergents\/2025\/02\/24\/encadrement-juridique-du-podcast\/","url_meta":{"origin":7028,"position":3},"title":"Encadrement juridique du podcast","author":"Fred","date":"24 f\u00e9vrier 2025","format":false,"excerpt":"Le r\u00e9cent rapport du CSPLA sur l'encadrement juridique du podcast conclut que les r\u00e8gles actuelles du Code de la propri\u00e9t\u00e9 intellectuelle (CPI) et du droit europ\u00e9en offrent un cadre suffisant pour prot\u00e9ger les podcasts. Cependant, le secteur souffre d'un mod\u00e8le \u00e9conomique fragile et d'une r\u00e9mun\u00e9ration insuffisante pour les cr\u00e9ateurs, artistes-interpr\u00e8tes\u2026","rel":"","context":"Dans &quot;Audiovisuel&quot;","block_context":{"text":"Audiovisuel","link":"https:\/\/mouillere.com\/universconvergents\/category\/ip\/audiovisuel\/"},"img":{"alt_text":"","src":"https:\/\/i0.wp.com\/mouillere.com\/universconvergents\/wp-content\/uploads\/2025\/02\/2024-02-CartographieEcosystemePodcasts-scaled.jpg?fit=1200%2C675&ssl=1&resize=350%2C200","width":350,"height":200,"srcset":"https:\/\/i0.wp.com\/mouillere.com\/universconvergents\/wp-content\/uploads\/2025\/02\/2024-02-CartographieEcosystemePodcasts-scaled.jpg?fit=1200%2C675&ssl=1&resize=350%2C200 1x, https:\/\/i0.wp.com\/mouillere.com\/universconvergents\/wp-content\/uploads\/2025\/02\/2024-02-CartographieEcosystemePodcasts-scaled.jpg?fit=1200%2C675&ssl=1&resize=525%2C300 1.5x, https:\/\/i0.wp.com\/mouillere.com\/universconvergents\/wp-content\/uploads\/2025\/02\/2024-02-CartographieEcosystemePodcasts-scaled.jpg?fit=1200%2C675&ssl=1&resize=700%2C400 2x, https:\/\/i0.wp.com\/mouillere.com\/universconvergents\/wp-content\/uploads\/2025\/02\/2024-02-CartographieEcosystemePodcasts-scaled.jpg?fit=1200%2C675&ssl=1&resize=1050%2C600 3x"},"classes":[]},{"id":700,"url":"https:\/\/mouillere.com\/universconvergents\/2015\/08\/27\/ue-lancement-dune-consultation-publique-sur-le-geoblocking\/","url_meta":{"origin":7028,"position":4},"title":"UE : lancement d\u2019une consultation publique sur le geoblocking","author":"Fred","date":"27 ao\u00fbt 2015","format":false,"excerpt":"La Commission europ\u00e9enne a lanc\u00e9, le 25 ao\u00fbt, une consultation publique sur la r\u00e9vision de la directive satellite et c\u00e2ble qui date de 1993. Un premier pas vers la r\u00e9vision des droits d'auteurs applicables aux contenus audiovisuels sur Internet. Cette consultation publique entre dans le cadre des initiatives propos\u00e9es par\u2026","rel":"","context":"Dans &quot;Audiovisuel&quot;","block_context":{"text":"Audiovisuel","link":"https:\/\/mouillere.com\/universconvergents\/category\/ip\/audiovisuel\/"},"img":{"alt_text":"","src":"https:\/\/i0.wp.com\/mouillere.com\/universconvergents\/wp-content\/uploads\/2015\/06\/2000px-Brussels_EU.svg_.png?fit=1153%2C1200&ssl=1&resize=350%2C200","width":350,"height":200,"srcset":"https:\/\/i0.wp.com\/mouillere.com\/universconvergents\/wp-content\/uploads\/2015\/06\/2000px-Brussels_EU.svg_.png?fit=1153%2C1200&ssl=1&resize=350%2C200 1x, https:\/\/i0.wp.com\/mouillere.com\/universconvergents\/wp-content\/uploads\/2015\/06\/2000px-Brussels_EU.svg_.png?fit=1153%2C1200&ssl=1&resize=525%2C300 1.5x, https:\/\/i0.wp.com\/mouillere.com\/universconvergents\/wp-content\/uploads\/2015\/06\/2000px-Brussels_EU.svg_.png?fit=1153%2C1200&ssl=1&resize=700%2C400 2x, https:\/\/i0.wp.com\/mouillere.com\/universconvergents\/wp-content\/uploads\/2015\/06\/2000px-Brussels_EU.svg_.png?fit=1153%2C1200&ssl=1&resize=1050%2C600 3x"},"classes":[]},{"id":116,"url":"https:\/\/mouillere.com\/universconvergents\/2015\/06\/11\/la-protection-des-mineurs-dans-un-paysage-mediatique-en-pleine-convergence\/","url_meta":{"origin":7028,"position":5},"title":"La Protection des mineurs dans un paysage m\u00e9diatique en pleine convergence","author":"Fred","date":"11 juin 2015","format":false,"excerpt":"Le premier rapport IRIS plus de cette ann\u00e9e vous propose une synth\u00e8se indispensable des mesures en vigueur en Europe concernant la protection des mineurs contre les contenus pr\u00e9judiciables \u00e0 l\u2019\u00e8re du multi-\u00e9crans. Ce rapport gratuit examine : - Des informations de fond sur la consommation des m\u00e9dias par les enfants\u2026","rel":"","context":"Dans &quot;Audiovisuel&quot;","block_context":{"text":"Audiovisuel","link":"https:\/\/mouillere.com\/universconvergents\/category\/ip\/audiovisuel\/"},"img":{"alt_text":"","src":"https:\/\/i0.wp.com\/mouillere.com\/universconvergents\/wp-content\/uploads\/2015\/06\/signes-csa.jpg?fit=554%2C456&ssl=1&resize=350%2C200","width":350,"height":200,"srcset":"https:\/\/i0.wp.com\/mouillere.com\/universconvergents\/wp-content\/uploads\/2015\/06\/signes-csa.jpg?fit=554%2C456&ssl=1&resize=350%2C200 1x, https:\/\/i0.wp.com\/mouillere.com\/universconvergents\/wp-content\/uploads\/2015\/06\/signes-csa.jpg?fit=554%2C456&ssl=1&resize=525%2C300 1.5x"},"classes":[]}],"_links":{"self":[{"href":"https:\/\/mouillere.com\/universconvergents\/wp-json\/wp\/v2\/posts\/7028","targetHints":{"allow":["GET"]}}],"collection":[{"href":"https:\/\/mouillere.com\/universconvergents\/wp-json\/wp\/v2\/posts"}],"about":[{"href":"https:\/\/mouillere.com\/universconvergents\/wp-json\/wp\/v2\/types\/post"}],"author":[{"embeddable":true,"href":"https:\/\/mouillere.com\/universconvergents\/wp-json\/wp\/v2\/users\/1"}],"replies":[{"embeddable":true,"href":"https:\/\/mouillere.com\/universconvergents\/wp-json\/wp\/v2\/comments?post=7028"}],"version-history":[{"count":4,"href":"https:\/\/mouillere.com\/universconvergents\/wp-json\/wp\/v2\/posts\/7028\/revisions"}],"predecessor-version":[{"id":7036,"href":"https:\/\/mouillere.com\/universconvergents\/wp-json\/wp\/v2\/posts\/7028\/revisions\/7036"}],"wp:featuredmedia":[{"embeddable":true,"href":"https:\/\/mouillere.com\/universconvergents\/wp-json\/wp\/v2\/media\/7033"}],"wp:attachment":[{"href":"https:\/\/mouillere.com\/universconvergents\/wp-json\/wp\/v2\/media?parent=7028"}],"wp:term":[{"taxonomy":"category","embeddable":true,"href":"https:\/\/mouillere.com\/universconvergents\/wp-json\/wp\/v2\/categories?post=7028"},{"taxonomy":"post_tag","embeddable":true,"href":"https:\/\/mouillere.com\/universconvergents\/wp-json\/wp\/v2\/tags?post=7028"}],"curies":[{"name":"wp","href":"https:\/\/api.w.org\/{rel}","templated":true}]}}