{"id":7053,"date":"2026-04-01T22:02:45","date_gmt":"2026-04-01T21:02:45","guid":{"rendered":"https:\/\/mouillere.com\/universconvergents\/?p=7053"},"modified":"2026-04-02T15:14:23","modified_gmt":"2026-04-02T14:14:23","slug":"resolution-du-parlement-europeen-sur-le-droit-dauteur-et-lia","status":"publish","type":"post","link":"https:\/\/mouillere.com\/universconvergents\/2026\/04\/01\/resolution-du-parlement-europeen-sur-le-droit-dauteur-et-lia\/","title":{"rendered":"R\u00e9solution du Parlement Europ\u00e9en sur le Droit d&#8217;Auteur et l&#8217;IA"},"content":{"rendered":"<p>Le 10 mars 2026, le Parlement europ\u00e9en a adopt\u00e9 la r\u00e9solution non contraignante port\u00e9e par l&#8217;eurod\u00e9put\u00e9 Axel Voss visant \u00e0 encadrer l&#8217;interaction entre le droit d&#8217;auteur et l&#8217;IA :<\/p>\n<ul>\n<li><b>Transparence :<\/b> Obligation pour les fournisseurs d&#8217;IA de lister de mani\u00e8re d\u00e9taill\u00e9e les contenus prot\u00e9g\u00e9s utilis\u00e9s pour l&#8217;entra\u00eenement;<\/li>\n<li><b>Pr\u00e9somption r\u00e9fragable :<\/b> En cas de d\u00e9faut de transparence, la charge de la preuve est invers\u00e9e au profit des cr\u00e9ateurs;<\/li>\n<li><b>Souverainet\u00e9 juridique :<\/b> Application du droit de l&#8217;UE \u00e0 tout syst\u00e8me commercialis\u00e9 dans l&#8217;UE, ind\u00e9pendamment du lieu o\u00f9 l&#8217;entra\u00eenement a \u00e9t\u00e9 effectu\u00e9;<\/li>\n<li><b>R\u00e9mun\u00e9ration :<\/b> Rejet des licences forfaitaires globales au profit d&#8217;accords sectoriels n\u00e9goci\u00e9s et d&#8217;une compensation pour les utilisations pass\u00e9es;<\/li>\n<li><b>Statut des contenus :<\/b> Maintien du principe de l&#8217;auteur humain comme condition unique de protection par le droit d&#8217;auteur et marquage obligatoire des contenus g\u00e9n\u00e9r\u00e9s par IA.<\/li>\n<\/ul>\n<p><!--more--><\/p>\n<p>&nbsp;<\/p>\n<audio class=\"wp-audio-shortcode\" id=\"audio-7053-1\" preload=\"none\" style=\"width: 100%;\" controls=\"controls\"><source type=\"audio\/mpeg\" src=\"https:\/\/mouillere.com\/universconvergents\/wp-content\/uploads\/2026\/04\/ResolutionIA.m4a?_=1\" \/><a href=\"https:\/\/mouillere.com\/universconvergents\/wp-content\/uploads\/2026\/04\/ResolutionIA.m4a\">https:\/\/mouillere.com\/universconvergents\/wp-content\/uploads\/2026\/04\/ResolutionIA.m4a<\/a><\/audio>\n<p>&nbsp;<\/p>\n<h2>Contexte strat\u00e9gique<\/h2>\n<p>Le Parlement europ\u00e9en identifie un retard strat\u00e9gique de l&#8217;Union dans l&#8217;\u00e9volution de l&#8217;IA \u00e0 l&#8217;\u00e9chelle internationale. La r\u00e9solution s&#8217;inscrit dans le prolongement du &#8220;Plan d&#8217;action pour un continent de l&#8217;IA&#8221; annonc\u00e9 en f\u00e9vrier 2025, visant \u00e0 faire de l&#8217;Europe un leader mondial sans sacrifier ses valeurs fondamentales.<\/p>\n<p>Le secteur de la culture et de la cr\u00e9ation est pr\u00e9sent\u00e9 comme un pilier de la coh\u00e9sion sociale et de la souverainet\u00e9 technologique :<\/p>\n<ul>\n<li><b>Contribution \u00e9conomique :<\/b> Environ 4 % de la valeur ajout\u00e9e europ\u00e9enne et 6,9 % du PIB de l&#8217;Union;<\/li>\n<li><b>Emploi :<\/b> Environ 8 millions de personnes;<\/li>\n<li><b>Structure :<\/b> Une immense majorit\u00e9 de petites et moyennes entreprises (PME).<\/li>\n<\/ul>\n<p>L&#8217;acc\u00e8s \u00e0 des donn\u00e9es de haute qualit\u00e9 pour entra\u00eener l&#8217;IA d\u00e9pend directement de la viabilit\u00e9 de ce secteur. Un secteur cr\u00e9atif mal r\u00e9mun\u00e9r\u00e9 menace la qualit\u00e9 m\u00eame des donn\u00e9es d&#8217;entra\u00eenement futures, cr\u00e9ant un risque de d\u00e9sengagement des cr\u00e9ateurs.<\/p>\n<h2>D\u00e9fis juridiques<\/h2>\n<p>Le Parlement souligne que l&#8217;IA, par sa capacit\u00e9 \u00e0 imiter la cr\u00e9ativit\u00e9 humaine \u00e0 bas co\u00fbt, entre en concurrence directe et d\u00e9loyale avec les cr\u00e9ateurs, mena\u00e7ant la diversit\u00e9 culturelle et la d\u00e9mocratie en brouillant les fronti\u00e8res entre le vrai et le faux.<\/p>\n<table border=\"1\">\n<tbody>\n<tr>\n<td><strong>Type de violation<\/strong><\/td>\n<td><strong>Description<\/strong><\/td>\n<\/tr>\n<tr>\n<td><b>Collecte non autoris\u00e9e<\/b><\/td>\n<td>Moissonnage massif d&#8217;\u0153uvres sur internet sans consentement<\/td>\n<\/tr>\n<tr>\n<td><b>Non-respect de l&#8217;opt-out<\/b><\/td>\n<td>Refus de se conformer aux r\u00e9serves \u00e9mises par les titulaires de droits<\/td>\n<\/tr>\n<tr>\n<td><b>Usage de sources illicites<\/b><\/td>\n<td>Utilisation massive de contenus pirat\u00e9s pour l&#8217;entra\u00eenement des mod\u00e8les<\/td>\n<\/tr>\n<tr>\n<td><b>Asym\u00e9trie de pouvoir<\/b><\/td>\n<td>D\u00e9s\u00e9quilibre contractuel rendant les n\u00e9gociations de licences impossibles sans transparence<\/td>\n<\/tr>\n<\/tbody>\n<\/table>\n<p>&nbsp;<\/p>\n<h2>Transparence<\/h2>\n<p>La transparence est \u00e9rig\u00e9e en condition <i>sine qua non<\/i> d&#8217;un march\u00e9 \u00e9quitable. Sans elle, aucune n\u00e9gociation de licence ne peut \u00eatre viable.<\/p>\n<p>Les fournisseurs d&#8217;IA doivent fournir une liste d\u00e9taill\u00e9e de chaque \u00e9l\u00e9ment prot\u00e9g\u00e9 par le droit d&#8217;auteur utilis\u00e9 pour :<\/p>\n<ul>\n<li>L&#8217;entra\u00eenement des mod\u00e8les;<\/li>\n<li>L&#8217;inf\u00e9rence (traitement des requ\u00eates en temps r\u00e9el);<\/li>\n<li>La g\u00e9n\u00e9ration augment\u00e9e par r\u00e9cup\u00e9ration (RAG);<\/li>\n<li>Le r\u00e9glage fin (fine-tuning).<\/li>\n<\/ul>\n<p>Si un fournisseur ne remplit pas ses obligations de transparence, il est <b>pr\u00e9sum\u00e9 avoir utilis\u00e9 les \u0153uvres<\/b> des titulaires de droits :<\/p>\n<ul>\n<li><b>Inversion de la charge de la preuve :<\/b> C&#8217;est \u00e0 l&#8217;entreprise d&#8217;IA de prouver qu&#8217;elle n&#8217;a pas utilis\u00e9 le contenu;<\/li>\n<li><b>Prise en charge des frais :<\/b> En cas de gain de cause des cr\u00e9ateurs, le fournisseur d&#8217;IA doit supporter l&#8217;int\u00e9gralit\u00e9 des d\u00e9pens et frais de justice.<\/li>\n<\/ul>\n<h2>R\u00e9mun\u00e9ration<\/h2>\n<p>Le Parlement rejette le m\u00e9canisme de licence globale jug\u00e9 inadapt\u00e9 \u00e0 la diversit\u00e9 des contenus et recommande :<\/p>\n<ul>\n<li><b>Accords sectoriels volontaires :<\/b> Mise en place de licences collectives par secteur (presse, musique, image, etc.);<\/li>\n<li><b>N\u00e9gociations de bonne foi :<\/b> La valeur des contenus doit \u00eatre d\u00e9termin\u00e9e par des facteurs pertinents et proportionn\u00e9s;<\/li>\n<li><b>R\u00e9mun\u00e9ration r\u00e9troactive :<\/b> La Commission est invit\u00e9e \u00e0 \u00e9tudier une solution pour indemniser les utilisations pass\u00e9es d&#8217;\u0153uvres effectu\u00e9es sans licence.<\/li>\n<\/ul>\n<p>Les \u00e9diteurs de presse et journalistes doivent b\u00e9n\u00e9ficier d&#8217;un contr\u00f4le total sur l&#8217;utilisation num\u00e9rique de leurs contenus. La r\u00e9solution sugg\u00e8re d&#8217;\u00e9tendre les droits voisins aux utilisations li\u00e9es \u00e0 l&#8217;IA pour \u00e9viter que les syst\u00e8mes d&#8217;IA ne d\u00e9tournent l&#8217;audience et les recettes publicitaires des m\u00e9dias traditionnels.<\/p>\n<h2>L&#8217;EUIPO<\/h2>\n<p>Pour transformer ces principes en r\u00e9alit\u00e9, la r\u00e9solution propose de confier des missions \u00e9tendues \u00e0 l&#8217;Office de l&#8217;Union europ\u00e9enne pour la propri\u00e9t\u00e9 intellectuelle (EUIPO).<\/p>\n<ul>\n<li><b>Interm\u00e9diaire de confiance :<\/b> Gestion d&#8217;un registre centralis\u00e9 des &#8220;opt-out&#8221; (refus d&#8217;utilisation) dans des formats normalis\u00e9s lisibles par machine;<\/li>\n<li><b>Centre de connaissances :<\/b> Fourniture d&#8217;informations fiables aux cr\u00e9ateurs et aux d\u00e9veloppeurs d&#8217;IA;<\/li>\n<li><b>Soutien aux licences :<\/b> Facilitation des processus sectoriels d&#8217;octroi de licences pour rationaliser les relations contractuelles.<\/li>\n<\/ul>\n<h2>Statut juridique des contenus g\u00e9n\u00e9r\u00e9s par IA<\/h2>\n<p>La r\u00e9solution clarifie la distinction entre cr\u00e9ation humaine et production algorithmique :<\/p>\n<ul>\n<li><b>Absence de droit d&#8217;auteur pour l&#8217;IA :<\/b> En principe, seuls les humains peuvent pr\u00e9tendre \u00e0 la qualit\u00e9 d&#8217;auteur. Les contenus enti\u00e8rement g\u00e9n\u00e9r\u00e9s par IA appartiennent au domaine public;<\/li>\n<li><b>Marquage obligatoire :<\/b> N\u00e9cessit\u00e9 d&#8217;ins\u00e9rer des signatures num\u00e9riques ou des marquages cryptographiques pour identifier les contenus produits par IA;<\/li>\n<li><b>Lutte contre les &#8220;hypertrucages&#8221; (deepfakes) :<\/b> Obligation pour les services num\u00e9riques d&#8217;agir contre l&#8217;utilisation non consentie de l&#8217;image ou de la voix de personnes physiques.<\/li>\n<\/ul>\n<h2><b>Principe de territorialit\u00e9<\/b><\/h2>\n<p>Le Parlement insiste sur le fait que le <b>principe de territorialit\u00e9<\/b> doit s&#8217;appliquer : tout service op\u00e9rant sur le march\u00e9 int\u00e9rieur doit respecter le droit de l&#8217;Union. Le non-respect de ces r\u00e8gles devrait entra\u00eener l&#8217;interdiction de commercialisation des mod\u00e8les d&#8217;IA concern\u00e9s au sein de l&#8217;UE.<\/p>\n<h2>Perspectives<\/h2>\n<p>Le S\u00e9nat fran\u00e7ais a d\u00e9pos\u00e9 une proposition de loi le 12 d\u00e9cembre 2025, qui sera examin\u00e9e le 8 avril 2026. Ce texte se concentre sur l&#8217;aspect probatoire en introduisant la <b>pr\u00e9somption r\u00e9fragable<\/b> dans le code de la propri\u00e9t\u00e9 intellectuelle, bien qu&#8217;il soit plus restreint que la r\u00e9solution europ\u00e9enne puisque la proposition n&#8217;aborde pas la probl\u00e9matique centrale\u00a0 du marquage des contenus.<\/p>\n<h2>Paradoxe<\/h2>\n<p>Alors que cette r\u00e9solution non contraignante est adopt\u00e9e pour faire face au d\u00e9s\u00e9quilibre contractuel rendant les n\u00e9gociations de licences impossibles et \u00e0 l&#8217;incapacit\u00e9 des acteurs de s&#8217;accorder sur des m\u00e9canismes de r\u00e9mun\u00e9ration (perception des droits) et d&#8217;identification des \u0153uvres (r\u00e9partition des droits), le Parlement rejette les m\u00e9canismes de licences globales en recommandant la mise en place de licences collectives par secteur (presse, musique, image, etc.), licences que les acteurs aux int\u00e9r\u00eats antagonistes ont \u00e9t\u00e9 incapables de n\u00e9gocier de gr\u00e9 \u00e0 gr\u00e9 jusqu&#8217;\u00e0 pr\u00e9sent.<\/p>\n<p>Les g\u00e9ants du num\u00e9rique ont donc encore de belles ann\u00e9es devant eux avant d&#8217;avoir l&#8217;obligation d&#8217;identifier les \u0153uvres qu&#8217;ils exploitent sans autorisation et de r\u00e9mun\u00e9rer les cr\u00e9ateurs enferm\u00e9s dans un carcan.<\/p>\n<p>Face aux innovations technologiques, le Droit aussi doit innover.<\/p>\n<p>&nbsp;<\/p>\n<iframe src=\"\/\/docs.google.com\/viewer?url=https%3A%2F%2Fmouillere.com%2Funiversconvergents%2Fwp-content%2Fuploads%2F2026%2F04%2F2026-03-10-EU-ResolutionIA.pdf&hl=fr&embedded=true\" class=\"gde-frame\" style=\"width:100%; height:500px; border: none;\" scrolling=\"no\"><\/iframe>\n<p class=\"gde-text\"><a href=\"https:\/\/mouillere.com\/universconvergents\/wp-content\/uploads\/2026\/04\/2026-03-10-EU-ResolutionIA.pdf\" class=\"gde-link\">T\u00e9l\u00e9charger (PDF, 166KB)<\/a><\/p>\n<iframe src=\"\/\/docs.google.com\/viewer?url=https%3A%2F%2Fmouillere.com%2Funiversconvergents%2Fwp-content%2Fuploads%2F2026%2F04%2F2026-04-SENAT-IA-Presomption.pdf&hl=fr&embedded=true\" class=\"gde-frame\" style=\"width:100%; height:500px; border: none;\" scrolling=\"no\"><\/iframe>\n<p class=\"gde-text\"><a href=\"https:\/\/mouillere.com\/universconvergents\/wp-content\/uploads\/2026\/04\/2026-04-SENAT-IA-Presomption.pdf\" class=\"gde-link\">T\u00e9l\u00e9charger (PDF, 640KB)<\/a><\/p>\n<iframe src=\"\/\/docs.google.com\/viewer?url=https%3A%2F%2Fmouillere.com%2Funiversconvergents%2Fwp-content%2Fuploads%2F2026%2F04%2F2026-03-NOMOS-EU-ResolutionIA.pdf&hl=fr&embedded=true\" class=\"gde-frame\" style=\"width:100%; height:500px; border: none;\" scrolling=\"no\"><\/iframe>\n<p class=\"gde-text\"><a href=\"https:\/\/mouillere.com\/universconvergents\/wp-content\/uploads\/2026\/04\/2026-03-NOMOS-EU-ResolutionIA.pdf\" class=\"gde-link\">T\u00e9l\u00e9charger (PDF, 241KB)<\/a><\/p>\n<p><a href=\"https:\/\/www.senat.fr\/dossier-legislatif\/ppl25-220.html\" target=\"_blank\" rel=\"noopener\">https:\/\/www.senat.fr\/dossier-legislatif\/ppl25-220.html<\/a><\/p>\n","protected":false},"excerpt":{"rendered":"<p>Le 10 mars 2026, le Parlement europ\u00e9en a adopt\u00e9 la r\u00e9solution non contraignante port\u00e9e par l&#8217;eurod\u00e9put\u00e9 Axel Voss visant \u00e0 encadrer l&#8217;interaction entre le droit d&#8217;auteur et l&#8217;IA : Transparence&hellip; <\/p>\n","protected":false},"author":1,"featured_media":7054,"comment_status":"closed","ping_status":"open","sticky":false,"template":"","format":"standard","meta":{"_jetpack_memberships_contains_paid_content":false,"footnotes":"","jetpack_publicize_message":"","jetpack_publicize_feature_enabled":true,"jetpack_social_post_already_shared":true,"jetpack_social_options":{"image_generator_settings":{"template":"highway","default_image_id":0,"font":"","enabled":false},"version":2}},"categories":[302,14],"tags":[],"class_list":["post-7053","post","type-post","status-publish","format-standard","has-post-thumbnail","hentry","category-ia","category-propriete-litteraire-et-artistique"],"jetpack_publicize_connections":[],"jetpack_featured_media_url":"https:\/\/i0.wp.com\/mouillere.com\/universconvergents\/wp-content\/uploads\/2026\/04\/2026-03-10-EU-ResolutionIA.jpg?fit=1024%2C768&ssl=1","jetpack_sharing_enabled":false,"jetpack_shortlink":"https:\/\/wp.me\/p6jw1p-1PL","jetpack-related-posts":[{"id":6998,"url":"https:\/\/mouillere.com\/universconvergents\/2026\/03\/24\/ia-presomption-dexploitation-des-contenus-culturels\/","url_meta":{"origin":7053,"position":0},"title":"IA : pr\u00e9somption d&#8217;exploitation des contenus culturels","author":"Fred","date":"24 mars 2026","format":false,"excerpt":"L'essor fulgurant de l'IA est \u00e0 l'origine d'une tension croissante entre l'innovation technologique et la protection du droit d'auteur. Bien que l'IA offre des opportunit\u00e9s de cr\u00e9ation assist\u00e9e, elle repose sur un moissonnage massif de contenus prot\u00e9g\u00e9s sans r\u00e9mun\u00e9ration ad\u00e9quate, cr\u00e9ant une situation de parasitisme cr\u00e9atif. Le R\u00e8glement europ\u00e9en sur\u2026","rel":"","context":"Dans &quot;IA&quot;","block_context":{"text":"IA","link":"https:\/\/mouillere.com\/universconvergents\/category\/it\/ia\/"},"img":{"alt_text":"","src":"https:\/\/i0.wp.com\/mouillere.com\/universconvergents\/wp-content\/uploads\/2026\/03\/IA-Presomption.jpg?fit=1024%2C768&ssl=1&resize=350%2C200","width":350,"height":200,"srcset":"https:\/\/i0.wp.com\/mouillere.com\/universconvergents\/wp-content\/uploads\/2026\/03\/IA-Presomption.jpg?fit=1024%2C768&ssl=1&resize=350%2C200 1x, https:\/\/i0.wp.com\/mouillere.com\/universconvergents\/wp-content\/uploads\/2026\/03\/IA-Presomption.jpg?fit=1024%2C768&ssl=1&resize=525%2C300 1.5x, https:\/\/i0.wp.com\/mouillere.com\/universconvergents\/wp-content\/uploads\/2026\/03\/IA-Presomption.jpg?fit=1024%2C768&ssl=1&resize=700%2C400 2x"},"classes":[]},{"id":6648,"url":"https:\/\/mouillere.com\/universconvergents\/2025\/07\/14\/ia-creation\/","url_meta":{"origin":7053,"position":1},"title":"IA &#038; Cr\u00e9ation","author":"Fred","date":"14 juillet 2025","format":false,"excerpt":"Le\u00a0S\u00e9nat\u00a0vient de publier son rapport sur l'IA et la Cr\u00e9ation\u00a0pour concilier innovation et cr\u00e9ation en garantissant l\u2019effectivit\u00e9 du droit d\u2019auteur et le partage de la valeur. Dans\u00a0le\u00a0domaine culturel, l\u2019IA\u00a0offre\u00a0de\u00a0nouvelles\u00a0opportunit\u00e9s\u00a0sur\u00a0le\u00a0plan\u00a0de\u00a0la\u00a0cr\u00e9ation\u00a0et\u00a0de\u00a0la\u00a0diffusion\u00a0des \u0153uvres, mais ses usages pr\u00e9sentent \u00e9galement des risques pour\u00a0le\u00a0statut\u00a0et\u00a0la\u00a0valeur\u00a0de\u00a0la\u00a0production\u00a0artistique,\u00a0ainsi\u00a0que\u00a0pour\u00a0les\u00a0droits\u00a0et\u00a0la\u00a0protection\u00a0des\u00a0auteurs. Les fournisseurs d'IA ont su exploiter les failles offertes par la r\u00e8glementation\u2026","rel":"","context":"Dans &quot;IA&quot;","block_context":{"text":"IA","link":"https:\/\/mouillere.com\/universconvergents\/category\/it\/ia\/"},"img":{"alt_text":"","src":"https:\/\/i0.wp.com\/mouillere.com\/universconvergents\/wp-content\/uploads\/2025\/07\/2025-07-09-IACreation-Synthese.png?fit=1200%2C768&ssl=1&resize=350%2C200","width":350,"height":200,"srcset":"https:\/\/i0.wp.com\/mouillere.com\/universconvergents\/wp-content\/uploads\/2025\/07\/2025-07-09-IACreation-Synthese.png?fit=1200%2C768&ssl=1&resize=350%2C200 1x, https:\/\/i0.wp.com\/mouillere.com\/universconvergents\/wp-content\/uploads\/2025\/07\/2025-07-09-IACreation-Synthese.png?fit=1200%2C768&ssl=1&resize=525%2C300 1.5x, https:\/\/i0.wp.com\/mouillere.com\/universconvergents\/wp-content\/uploads\/2025\/07\/2025-07-09-IACreation-Synthese.png?fit=1200%2C768&ssl=1&resize=700%2C400 2x, https:\/\/i0.wp.com\/mouillere.com\/universconvergents\/wp-content\/uploads\/2025\/07\/2025-07-09-IACreation-Synthese.png?fit=1200%2C768&ssl=1&resize=1050%2C600 3x"},"classes":[]},{"id":6594,"url":"https:\/\/mouillere.com\/universconvergents\/2025\/05\/21\/remuneration-des-contenus-culturels-utilises-par-lia\/","url_meta":{"origin":7053,"position":2},"title":"R\u00e9mun\u00e9ration des contenus culturels utilis\u00e9s par l&#8217;IA","author":"Fred","date":"21 mai 2025","format":false,"excerpt":"La ministre de la Culture a confi\u00e9 au CSPLA l'analyse des enjeux \u00e9conomiques de l\u2019acc\u00e8s par l'IA aux donn\u00e9es prot\u00e9g\u00e9es par des droits de propri\u00e9t\u00e9 litt\u00e9raire et artistique et d'examiner les m\u00e9canismes juridiques afin de garantir aux ayants droit l'effectivit\u00e9 de leurs droits lors de l\u2019utilisation des \u0153uvres par l\u2019IA.\u2026","rel":"","context":"Dans &quot;IA&quot;","block_context":{"text":"IA","link":"https:\/\/mouillere.com\/universconvergents\/category\/it\/ia\/"},"img":{"alt_text":"","src":"https:\/\/i0.wp.com\/mouillere.com\/universconvergents\/wp-content\/uploads\/2025\/05\/2025-05-CSPLA-IA-Contenus-Remuneration-RapportJuridique.png?fit=1200%2C765&ssl=1&resize=350%2C200","width":350,"height":200,"srcset":"https:\/\/i0.wp.com\/mouillere.com\/universconvergents\/wp-content\/uploads\/2025\/05\/2025-05-CSPLA-IA-Contenus-Remuneration-RapportJuridique.png?fit=1200%2C765&ssl=1&resize=350%2C200 1x, https:\/\/i0.wp.com\/mouillere.com\/universconvergents\/wp-content\/uploads\/2025\/05\/2025-05-CSPLA-IA-Contenus-Remuneration-RapportJuridique.png?fit=1200%2C765&ssl=1&resize=525%2C300 1.5x, https:\/\/i0.wp.com\/mouillere.com\/universconvergents\/wp-content\/uploads\/2025\/05\/2025-05-CSPLA-IA-Contenus-Remuneration-RapportJuridique.png?fit=1200%2C765&ssl=1&resize=700%2C400 2x, https:\/\/i0.wp.com\/mouillere.com\/universconvergents\/wp-content\/uploads\/2025\/05\/2025-05-CSPLA-IA-Contenus-Remuneration-RapportJuridique.png?fit=1200%2C765&ssl=1&resize=1050%2C600 3x"},"classes":[]},{"id":6565,"url":"https:\/\/mouillere.com\/universconvergents\/2025\/04\/28\/ia-auteurs-en-suisse\/","url_meta":{"origin":7053,"position":3},"title":"IA &#038; Auteurs en Suisse","author":"Fred","date":"28 avril 2025","format":false,"excerpt":"L'IA est entra\u00een\u00e9e avec des \u0153uvres prot\u00e9g\u00e9es (input) pour produire des contenus (output). Le 27 mars 2025, la Suisse a ratifi\u00e9 la Convention du Conseil de l\u2019Europe sur l'IA mais la Suisse ne dispose actuellement d\u2019aucune l\u00e9gislation sp\u00e9cifique \u00e0 l\u2019IA, ce qui soul\u00e8ve des questions sur la capacit\u00e9 du cadre\u2026","rel":"","context":"Dans &quot;IA&quot;","block_context":{"text":"IA","link":"https:\/\/mouillere.com\/universconvergents\/category\/it\/ia\/"},"img":{"alt_text":"","src":"https:\/\/i0.wp.com\/mouillere.com\/universconvergents\/wp-content\/uploads\/2025\/04\/IA-Auteurs-en-Suisse.png?fit=1200%2C800&ssl=1&resize=350%2C200","width":350,"height":200,"srcset":"https:\/\/i0.wp.com\/mouillere.com\/universconvergents\/wp-content\/uploads\/2025\/04\/IA-Auteurs-en-Suisse.png?fit=1200%2C800&ssl=1&resize=350%2C200 1x, https:\/\/i0.wp.com\/mouillere.com\/universconvergents\/wp-content\/uploads\/2025\/04\/IA-Auteurs-en-Suisse.png?fit=1200%2C800&ssl=1&resize=525%2C300 1.5x, https:\/\/i0.wp.com\/mouillere.com\/universconvergents\/wp-content\/uploads\/2025\/04\/IA-Auteurs-en-Suisse.png?fit=1200%2C800&ssl=1&resize=700%2C400 2x, https:\/\/i0.wp.com\/mouillere.com\/universconvergents\/wp-content\/uploads\/2025\/04\/IA-Auteurs-en-Suisse.png?fit=1200%2C800&ssl=1&resize=1050%2C600 3x"},"classes":[]},{"id":6428,"url":"https:\/\/mouillere.com\/universconvergents\/2025\/01\/06\/ia-un-transfert-de-valeur-bien-reel\/","url_meta":{"origin":7053,"position":4},"title":"IA : un transfert de valeur bien r\u00e9el","author":"Fred","date":"6 janvier 2025","format":false,"excerpt":"Plusieurs \u00e9tudes publi\u00e9es en fin d'ann\u00e9e permettent de comprendre l'impact de l'IA notamment dans le secteur culturel et le transfert des valeurs g\u00e9n\u00e9r\u00e9s, ce qui permet d'expliquer pourquoi certains g\u00e9ants du num\u00e9rique n'h\u00e9sitent pas \u00e0 se lancer en politique et orchestrent des campagne de d\u00e9sinformation dans l'UE pour \u00e0 terme\u2026","rel":"","context":"Dans &quot;IA&quot;","block_context":{"text":"IA","link":"https:\/\/mouillere.com\/universconvergents\/category\/it\/ia\/"},"img":{"alt_text":"","src":"https:\/\/i0.wp.com\/mouillere.com\/universconvergents\/wp-content\/uploads\/2025\/01\/2024-12-chaine-de-valeur-de-lIA.png?fit=1200%2C468&ssl=1&resize=350%2C200","width":350,"height":200,"srcset":"https:\/\/i0.wp.com\/mouillere.com\/universconvergents\/wp-content\/uploads\/2025\/01\/2024-12-chaine-de-valeur-de-lIA.png?fit=1200%2C468&ssl=1&resize=350%2C200 1x, https:\/\/i0.wp.com\/mouillere.com\/universconvergents\/wp-content\/uploads\/2025\/01\/2024-12-chaine-de-valeur-de-lIA.png?fit=1200%2C468&ssl=1&resize=525%2C300 1.5x, https:\/\/i0.wp.com\/mouillere.com\/universconvergents\/wp-content\/uploads\/2025\/01\/2024-12-chaine-de-valeur-de-lIA.png?fit=1200%2C468&ssl=1&resize=700%2C400 2x, https:\/\/i0.wp.com\/mouillere.com\/universconvergents\/wp-content\/uploads\/2025\/01\/2024-12-chaine-de-valeur-de-lIA.png?fit=1200%2C468&ssl=1&resize=1050%2C600 3x"},"classes":[]},{"id":6909,"url":"https:\/\/mouillere.com\/universconvergents\/2025\/12\/18\/ia-droit-international-prive\/","url_meta":{"origin":7053,"position":5},"title":"IA &#038; droit international priv\u00e9","author":"Fred","date":"18 d\u00e9cembre 2025","format":false,"excerpt":"Le rapport du Conseil Sup\u00e9rieur de la Propri\u00e9t\u00e9 Litt\u00e9raire et Artistique (CSPLA) analyse la question complexe de la loi applicable aux mod\u00e8les d\u2019IA g\u00e9n\u00e9rative commercialis\u00e9s dans l\u2019UE, en se concentrant sur les enjeux de propri\u00e9t\u00e9 litt\u00e9raire et artistique en droit international priv\u00e9. La probl\u00e9matique centrale est la d\u00e9termination de la\u2026","rel":"","context":"Dans &quot;Avocat&quot;","block_context":{"text":"Avocat","link":"https:\/\/mouillere.com\/universconvergents\/category\/avocat\/"},"img":{"alt_text":"","src":"https:\/\/i0.wp.com\/mouillere.com\/universconvergents\/wp-content\/uploads\/2025\/12\/2025-12-15-IADIP.png?fit=1200%2C800&ssl=1&resize=350%2C200","width":350,"height":200,"srcset":"https:\/\/i0.wp.com\/mouillere.com\/universconvergents\/wp-content\/uploads\/2025\/12\/2025-12-15-IADIP.png?fit=1200%2C800&ssl=1&resize=350%2C200 1x, https:\/\/i0.wp.com\/mouillere.com\/universconvergents\/wp-content\/uploads\/2025\/12\/2025-12-15-IADIP.png?fit=1200%2C800&ssl=1&resize=525%2C300 1.5x, https:\/\/i0.wp.com\/mouillere.com\/universconvergents\/wp-content\/uploads\/2025\/12\/2025-12-15-IADIP.png?fit=1200%2C800&ssl=1&resize=700%2C400 2x, https:\/\/i0.wp.com\/mouillere.com\/universconvergents\/wp-content\/uploads\/2025\/12\/2025-12-15-IADIP.png?fit=1200%2C800&ssl=1&resize=1050%2C600 3x"},"classes":[]}],"_links":{"self":[{"href":"https:\/\/mouillere.com\/universconvergents\/wp-json\/wp\/v2\/posts\/7053","targetHints":{"allow":["GET"]}}],"collection":[{"href":"https:\/\/mouillere.com\/universconvergents\/wp-json\/wp\/v2\/posts"}],"about":[{"href":"https:\/\/mouillere.com\/universconvergents\/wp-json\/wp\/v2\/types\/post"}],"author":[{"embeddable":true,"href":"https:\/\/mouillere.com\/universconvergents\/wp-json\/wp\/v2\/users\/1"}],"replies":[{"embeddable":true,"href":"https:\/\/mouillere.com\/universconvergents\/wp-json\/wp\/v2\/comments?post=7053"}],"version-history":[{"count":11,"href":"https:\/\/mouillere.com\/universconvergents\/wp-json\/wp\/v2\/posts\/7053\/revisions"}],"predecessor-version":[{"id":7069,"href":"https:\/\/mouillere.com\/universconvergents\/wp-json\/wp\/v2\/posts\/7053\/revisions\/7069"}],"wp:featuredmedia":[{"embeddable":true,"href":"https:\/\/mouillere.com\/universconvergents\/wp-json\/wp\/v2\/media\/7054"}],"wp:attachment":[{"href":"https:\/\/mouillere.com\/universconvergents\/wp-json\/wp\/v2\/media?parent=7053"}],"wp:term":[{"taxonomy":"category","embeddable":true,"href":"https:\/\/mouillere.com\/universconvergents\/wp-json\/wp\/v2\/categories?post=7053"},{"taxonomy":"post_tag","embeddable":true,"href":"https:\/\/mouillere.com\/universconvergents\/wp-json\/wp\/v2\/tags?post=7053"}],"curies":[{"name":"wp","href":"https:\/\/api.w.org\/{rel}","templated":true}]}}