{"id":7070,"date":"2026-04-01T22:38:13","date_gmt":"2026-04-01T21:38:13","guid":{"rendered":"https:\/\/mouillere.com\/universconvergents\/?p=7070"},"modified":"2026-04-02T18:39:38","modified_gmt":"2026-04-02T17:39:38","slug":"conditions-de-travail-des-livreurs-des-plateformes-numeriques","status":"publish","type":"post","link":"https:\/\/mouillere.com\/universconvergents\/2026\/04\/01\/conditions-de-travail-des-livreurs-des-plateformes-numeriques\/","title":{"rendered":"Conditions de travail des livreurs des plateformes num\u00e9riques"},"content":{"rendered":"<p>Une \u00e9tude r\u00e9cente dresse un constat alarmant sur la situation m\u00e9dico-sociale des des livreurs des plateformes num\u00e9riques, secteur reposant sur une main-d&#8217;\u0153uvre extr\u00eamement pr\u00e9caire, majoritairement compos\u00e9e d&#8217;hommes jeunes et immigr\u00e9s :<\/p>\n<ul>\n<li><b>Pr\u00e9carit\u00e9 administrative :<\/b> 64,4 % des livreurs sont sans titre de s\u00e9jour. Cette vuln\u00e9rabilit\u00e9 alimente un syst\u00e8me de location de compte massif qui reversent en moyenne 528 \u20ac par mois \u00e0 un tiers;<\/li>\n<li><b>Conditions de travail extr\u00eames :<\/b> La semaine de travail moyenne est de 63 heures, \u00e9tal\u00e9e sur 6 \u00e0 7 jours;<\/li>\n<li><b>Sant\u00e9 d\u00e9grad\u00e9e :<\/b> L&#8217;\u00e9tat de sant\u00e9 physique est nettement inf\u00e9rieur \u00e0 celui de la population g\u00e9n\u00e9rale. 32 % des livreurs n&#8217;ont aucune couverture sant\u00e9 et un tiers a renonc\u00e9 \u00e0 des soins durant l&#8217;ann\u00e9e \u00e9coul\u00e9e;<\/li>\n<li><b>Risques professionnels et violences :<\/b> Plus de la moiti\u00e9 (58,7 %) a d\u00e9j\u00e0 subi un accident de travail. L&#8217;exposition aux discriminations (58 %) et aux agressions verbales (60 %) est omnipr\u00e9sente, provenant principalement des clients et des restaurateurs;<\/li>\n<li><b>D\u00e9pendance \u00e9conomique :<\/b> 91 % des livreurs tirent l&#8217;essentiel de leurs revenus de cette activit\u00e9. Le revenu horaire brut moyen n&#8217;est que de 5,83 \u20ac.<\/li>\n<\/ul>\n<p>L&#8217;\u00e9tude conclut que la requalification de ces travailleurs en salari\u00e9s, telle que sugg\u00e9r\u00e9e par les futures directives europ\u00e9ennes, restera vaine tant que la question de leur r\u00e9gularisation administrative ne sera pas trait\u00e9e.<\/p>\n<p><!--more--><\/p>\n<p>&nbsp;<\/p>\n<audio class=\"wp-audio-shortcode\" id=\"audio-7070-1\" preload=\"none\" style=\"width: 100%;\" controls=\"controls\"><source type=\"audio\/mpeg\" src=\"https:\/\/mouillere.com\/universconvergents\/wp-content\/uploads\/2026\/04\/Livreurs.m4a?_=1\" \/><a href=\"https:\/\/mouillere.com\/universconvergents\/wp-content\/uploads\/2026\/04\/Livreurs.m4a\">https:\/\/mouillere.com\/universconvergents\/wp-content\/uploads\/2026\/04\/Livreurs.m4a<\/a><\/audio>\n<p>&nbsp;<\/p>\n<h2>Profil socio-d\u00e9mographique<\/h2>\n<p>L&#8217;enqu\u00eate r\u00e9v\u00e8le que les livreurs forment un groupe homog\u00e8ne en termes de genre et de statut migratoire, mais h\u00e9t\u00e9rog\u00e8ne en termes d&#8217;\u00e9ducation.<\/p>\n<table border=\"1\">\n<tbody>\n<tr>\n<td><strong>Caract\u00e9ristique<\/strong><\/td>\n<td><strong>Statistique\u00a0<\/strong><\/td>\n<\/tr>\n<tr>\n<td><b>Genre<\/b><\/td>\n<td>98,8 % d&#8217;hommes<\/td>\n<\/tr>\n<tr>\n<td><b>\u00c2ge M\u00e9dian<\/b><\/td>\n<td>30 ans (81,4 % ont moins de 35 ans)<\/td>\n<\/tr>\n<tr>\n<td><b>Statut Migratoire<\/b><\/td>\n<td>97,8 % d&#8217;immigr\u00e9s (n\u00e9s \u00e0 l&#8217;\u00e9tranger)<\/td>\n<\/tr>\n<tr>\n<td><b>Situation Administrative<\/b><\/td>\n<td>64,4 % sans titre de s\u00e9jour<\/td>\n<\/tr>\n<tr>\n<td><b>Niveau d&#8217;\u00e9tudes sup\u00e9rieur<\/b><\/td>\n<td>19,3 % (28,3 % \u00e0 Paris contre 9,6 % \u00e0 Bordeaux)<\/td>\n<\/tr>\n<\/tbody>\n<\/table>\n<p>La situation sociale des livreurs est marqu\u00e9e par une instabilit\u00e9 profonde :<\/p>\n<ul>\n<li><b>Logement :<\/b> Seuls 17,1 % disposent d&#8217;un logement personnel. 17,7 % vivent dans des structures pr\u00e9caires (h\u00e9bergement d&#8217;urgence, h\u00f4tels sociaux, squats).<\/li>\n<li><b>Alimentation :<\/b> 42,5 % des livreurs d\u00e9clarent avoir connu au moins une journ\u00e9e enti\u00e8re sans repas au cours des 12 derniers mois par manque d&#8217;argent. Ce chiffre monte \u00e0 48 % \u00e0 Paris.<\/li>\n<\/ul>\n<h2>La location de compte<\/h2>\n<p>L&#8217;activit\u00e9 est domin\u00e9e par un duopole et structur\u00e9e par des relations de sous-location informelles qui renforcent la pr\u00e9carit\u00e9.<\/p>\n<p>Le march\u00e9 est quasi exclusivement capt\u00e9 par deux acteurs :<\/p>\n<ul>\n<li><b>Uber Eats :<\/b> Utilis\u00e9 par 53 % des livreurs le mois pr\u00e9c\u00e9dant l&#8217;enqu\u00eate;<\/li>\n<li><b>Deliveroo :<\/b> Utilis\u00e9 par 46 % des livreurs;<\/li>\n<li>Le \u00ab multi-apping \u00bb (travailler pour plusieurs plateformes simultan\u00e9ment) est marginal, concernant seulement 2 % des livreurs.<\/li>\n<\/ul>\n<p>Aucun livreur enqu\u00eat\u00e9 n&#8217;est salari\u00e9 :<\/p>\n<ul>\n<li><b>Locataires de compte (73,5 %) :<\/b> La grande majorit\u00e9 travaille en louant le compte d&#8217;un tiers. \u00c0 Paris, ce taux atteint 81,1 %;<\/li>\n<li><b>Propri\u00e9taires de compte (23,9 %) :<\/b> Seul un quart poss\u00e8de son propre compte auto-entrepreneur;<\/li>\n<li><b>Violence \u00e9conomique :<\/b> 29 % des locataires de compte d\u00e9clarent avoir subi des violences \u00e9conomiques ou administratives de la part de leur loueur.<\/li>\n<\/ul>\n<h2>Analyse \u00c9conomique<\/h2>\n<p>Malgr\u00e9 une intensit\u00e9 de travail \u00e9lev\u00e9e, la rentabilit\u00e9 r\u00e9elle pour le livreur est faible une fois les frais d\u00e9duits.<\/p>\n<ul>\n<li><b>Revenu mensuel brut moyen :<\/b> 1 480 \u20ac;<\/li>\n<li><b>Revenu horaire brut moyen :<\/b> 5,83 \u20ac;<\/li>\n<li><b>R\u00e9mun\u00e9ration \u00e0 la course :<\/b> 4,55 \u20ac en moyenne;<\/li>\n<li><b>Co\u00fbt de la location de compte :<\/b> Les locataires versent en moyenne <b>528 \u20ac par mois<\/b> au propri\u00e9taire du compte.<\/li>\n<\/ul>\n<h2>Intensit\u00e9 du travail<\/h2>\n<p>L&#8217;organisation algorithmique du travail pousse les livreurs \u00e0 des rythmes d\u00e9passant largement les normes l\u00e9gales du salariat :<\/p>\n<ul>\n<li><b>Semaine type :<\/b> 63 heures de travail en moyenne;<\/li>\n<li><b>R\u00e9partition hebdomadaire :<\/b> 81 % travaillent 6 \u00e0 7 jours par semaine;<\/li>\n<li><b>R\u00e9partition journali\u00e8re :<\/b> 90 % travaillent au moins 8 heures par jour;<\/li>\n<li><b>Mode de transport :<\/b> 75,8 % utilisent un v\u00e9hicule non motoris\u00e9 (v\u00e9lo m\u00e9canique ou \u00e9lectrique);<\/li>\n<li><b>P\u00e9nibilit\u00e9 per\u00e7ue :<\/b> 60 % qualifient leurs efforts quotidiens de \u00ab tr\u00e8s durs \u00bb \u00e0 \u00ab \u00e9puisants \u00bb;<\/li>\n<li><b>Distance :<\/b> Un livreur Uber Eats parcourt en moyenne 833 km par mois.<\/li>\n<\/ul>\n<h2>Sant\u00e9<\/h2>\n<p>L&#8217;\u00e9tude met en lumi\u00e8re une d\u00e9gradation de la sant\u00e9 li\u00e9e \u00e0 l&#8217;activit\u00e9 et des barri\u00e8res syst\u00e9miques \u00e0 la prise en charge :<\/p>\n<ul>\n<li><b>Perception :<\/b> Seuls 56 % jugent leur \u00e9tat de sant\u00e9 \u00ab bon \u00bb ou \u00ab tr\u00e8s bon \u00bb. Une d\u00e9gradation nette est constat\u00e9e depuis le d\u00e9but de l&#8217;activit\u00e9.<\/li>\n<li><b>Troubles fr\u00e9quents :<\/b>\n<ul>\n<li>Maux de t\u00eate (pr\u00e8s de deux tiers);<\/li>\n<li>Troubles musculosquelettiques (fortement pr\u00e9valents);<\/li>\n<li>Troubles psychosomatiques : nervosit\u00e9, probl\u00e8mes de sommeil, fatigue oculaire;<\/li>\n<li>Fatigue chronique : plus de 8 livreurs sur 10 se sentent fatigu\u00e9s r\u00e9guli\u00e8rement;<\/li>\n<\/ul>\n<\/li>\n<li><b>Accidents :<\/b> 58,7 % ont d\u00e9j\u00e0 eu un accident de travail, mais le recours aux soins et aux assurances reste quasi inexistant;<\/li>\n<li><b>Absence de couverture :<\/b> 32 % des livreurs n&#8217;ont aucune assurance sant\u00e9;<\/li>\n<li><b>Renoncement :<\/b> Un tiers des livreurs a renonc\u00e9 \u00e0 des soins au cours des 12 derniers mois, principalement par manque de moyens financiers ou en raison de leur situation administrative.<\/li>\n<\/ul>\n<h2>Violences et discriminations<\/h2>\n<p>Les livreurs \u00e9voluent dans un environnement hostile, tant sur le plan social qu&#8217;institutionnel :<\/p>\n<ul>\n<li><b>Contr\u00f4les de police :<\/b> 2\/3 des livreurs ont \u00e9t\u00e9 contr\u00f4l\u00e9s dans l&#8217;ann\u00e9e \u00e9coul\u00e9e. 42 % de ces contr\u00f4les concernaient l&#8217;identit\u00e9 ou le titre de s\u00e9jour;<\/li>\n<li><b>Discriminations :<\/b> 58 % d\u00e9clarent en avoir subi. Dans 83 % des cas, le client est l&#8217;auteur de la discrimination;<\/li>\n<li><b>Agressions verbales :<\/b> 60 % y ont \u00e9t\u00e9 expos\u00e9s. Les auteurs sont principalement les clients (81 %) et le personnel de restauration (67 %);<\/li>\n<li><b>Agressions physiques :<\/b> 24 % des livreurs d\u00e9clarent avoir d\u00e9j\u00e0 subi une agression physique au travail.<\/li>\n<\/ul>\n<h2>Enjeux r\u00e9glementaires<\/h2>\n<p>Le mod\u00e8le des plateformes de livraison en France repose sur une main-d&#8217;\u0153uvre dans une situation de subordination de fait, malgr\u00e9 un statut juridique d&#8217;ind\u00e9pendant :<\/p>\n<ol>\n<li><b>Transposition de la directive europ\u00e9enne :<\/b> Pr\u00e9vue d&#8217;ici fin 2026, elle vise \u00e0 instaurer une pr\u00e9somption de salariat et \u00e0 r\u00e9guler le management algorithmique;<\/li>\n<li><b>L&#8217;impasse administrative :<\/b> la requalification en salari\u00e9 est illusoire pour la majorit\u00e9 des livreurs (64,4 % sans titre de s\u00e9jour) si elle n&#8217;est pas accompagn\u00e9e d&#8217;un volet sur la r\u00e9gularisation administrative;<\/li>\n<li><b>Aspiration des travailleurs :<\/b> 91,2 % des livreurs sans titre de s\u00e9jour d\u00e9clarent qu&#8217;ils arr\u00eateraient la livraison \u00e0 temps plein s&#8217;ils obtenaient leurs papiers, confirmant que cette activit\u00e9 est subie faute d&#8217;alternatives l\u00e9gales.<\/li>\n<\/ol>\n<p>&nbsp;<\/p>\n<p>Ce rapport appelle \u00e0 une action conjointe des pouvoirs publics et des acteurs de la sant\u00e9 au travail pour garantir un travail d\u00e9cent et une protection sociale effective \u00e0 ces travailleurs essentiels mais invisibilis\u00e9s.<\/p>\n<p>&nbsp;<\/p>\n<iframe src=\"\/\/docs.google.com\/viewer?url=https%3A%2F%2Fmouillere.com%2Funiversconvergents%2Fwp-content%2Fuploads%2F2026%2F04%2F2026-04-LivreursPlateformesNumeriques.pdf&hl=fr&embedded=true\" class=\"gde-frame\" style=\"width:100%; height:500px; border: none;\" scrolling=\"no\"><\/iframe>\n<p class=\"gde-text\"><a href=\"https:\/\/mouillere.com\/universconvergents\/wp-content\/uploads\/2026\/04\/2026-04-LivreursPlateformesNumeriques.pdf\" class=\"gde-link\">T\u00e9l\u00e9charger (PDF, 2.63Mo)<\/a><\/p>\n","protected":false},"excerpt":{"rendered":"<p>Une \u00e9tude r\u00e9cente dresse un constat alarmant sur la situation m\u00e9dico-sociale des des livreurs des plateformes num\u00e9riques, secteur reposant sur une main-d&#8217;\u0153uvre extr\u00eamement pr\u00e9caire, majoritairement compos\u00e9e d&#8217;hommes jeunes et immigr\u00e9s&hellip; <\/p>\n","protected":false},"author":1,"featured_media":7075,"comment_status":"closed","ping_status":"open","sticky":false,"template":"","format":"standard","meta":{"_jetpack_memberships_contains_paid_content":false,"footnotes":"","jetpack_publicize_message":"","jetpack_publicize_feature_enabled":true,"jetpack_social_post_already_shared":true,"jetpack_social_options":{"image_generator_settings":{"template":"highway","default_image_id":0,"font":"","enabled":false},"version":2}},"categories":[106],"tags":[],"class_list":["post-7070","post","type-post","status-publish","format-standard","has-post-thumbnail","hentry","category-commerce-electronique"],"jetpack_publicize_connections":[],"jetpack_featured_media_url":"https:\/\/i0.wp.com\/mouillere.com\/universconvergents\/wp-content\/uploads\/2026\/04\/Livreurs.jpg?fit=1024%2C768&ssl=1","jetpack_sharing_enabled":false,"jetpack_shortlink":"https:\/\/wp.me\/p6jw1p-1Q2","jetpack-related-posts":[{"id":5923,"url":"https:\/\/mouillere.com\/universconvergents\/2024\/03\/31\/hebergement-des-donnees-de-sante-par-microsoft\/","url_meta":{"origin":7070,"position":0},"title":"H\u00e9bergement des donn\u00e9es de sant\u00e9 par Microsoft","author":"Fred","date":"31 mars 2024","format":false,"excerpt":"Le juge des r\u00e9f\u00e9r\u00e9s du Conseil d\u2019Etat a rejet\u00e9 la demande de suspension de la d\u00e9lib\u00e9ration de la CNIL qui autorise la constitution d'un entrep\u00f4t de donn\u00e9es de sant\u00e9 h\u00e9berg\u00e9 par Microsoft dans le cadre de la Plateforme des donn\u00e9es de sant\u00e9 (PDS). Contrairement \u00e0 ce que certains pr\u00e9tendent pour\u2026","rel":"","context":"Dans &quot;Donn\u00e9es personnelles&quot;","block_context":{"text":"Donn\u00e9es personnelles","link":"https:\/\/mouillere.com\/universconvergents\/category\/it\/donnees-personnelles\/"},"img":{"alt_text":"","src":"https:\/\/i0.wp.com\/mouillere.com\/universconvergents\/wp-content\/uploads\/2024\/03\/PDS.png?fit=848%2C594&ssl=1&resize=350%2C200","width":350,"height":200,"srcset":"https:\/\/i0.wp.com\/mouillere.com\/universconvergents\/wp-content\/uploads\/2024\/03\/PDS.png?fit=848%2C594&ssl=1&resize=350%2C200 1x, https:\/\/i0.wp.com\/mouillere.com\/universconvergents\/wp-content\/uploads\/2024\/03\/PDS.png?fit=848%2C594&ssl=1&resize=525%2C300 1.5x, https:\/\/i0.wp.com\/mouillere.com\/universconvergents\/wp-content\/uploads\/2024\/03\/PDS.png?fit=848%2C594&ssl=1&resize=700%2C400 2x"},"classes":[]},{"id":4485,"url":"https:\/\/mouillere.com\/universconvergents\/2020\/05\/12\/e-sante-comme-solution-locale-a-un-desordre-global\/","url_meta":{"origin":7070,"position":1},"title":"E-sant\u00e9 comme solution locale \u00e0 un d\u00e9sordre global","author":"Fred","date":"12 mai 2020","format":false,"excerpt":"A l'heure o\u00f9 les pouvoirs publics sont critiqu\u00e9s pour le manque d'anticipation d'une crise sanitaire aussi violente qu'impr\u00e9visible, et surtout pour le manque de moyens des professionnels de la sant\u00e9 qui subissent les cons\u00e9quences d'une politique de rigueur d\u00e9vastatrice depuis plus de 20 ans, il est aussi important de rappeler\u2026","rel":"","context":"Dans &quot;Donn\u00e9es personnelles&quot;","block_context":{"text":"Donn\u00e9es personnelles","link":"https:\/\/mouillere.com\/universconvergents\/category\/it\/donnees-personnelles\/"},"img":{"alt_text":"","src":"https:\/\/i0.wp.com\/mouillere.com\/universconvergents\/wp-content\/uploads\/2020\/05\/E-Sante%CC%81-en-Guyane.001.jpeg?fit=1200%2C675&ssl=1&resize=350%2C200","width":350,"height":200,"srcset":"https:\/\/i0.wp.com\/mouillere.com\/universconvergents\/wp-content\/uploads\/2020\/05\/E-Sante%CC%81-en-Guyane.001.jpeg?fit=1200%2C675&ssl=1&resize=350%2C200 1x, https:\/\/i0.wp.com\/mouillere.com\/universconvergents\/wp-content\/uploads\/2020\/05\/E-Sante%CC%81-en-Guyane.001.jpeg?fit=1200%2C675&ssl=1&resize=525%2C300 1.5x, https:\/\/i0.wp.com\/mouillere.com\/universconvergents\/wp-content\/uploads\/2020\/05\/E-Sante%CC%81-en-Guyane.001.jpeg?fit=1200%2C675&ssl=1&resize=700%2C400 2x, https:\/\/i0.wp.com\/mouillere.com\/universconvergents\/wp-content\/uploads\/2020\/05\/E-Sante%CC%81-en-Guyane.001.jpeg?fit=1200%2C675&ssl=1&resize=1050%2C600 3x"},"classes":[]},{"id":6215,"url":"https:\/\/mouillere.com\/universconvergents\/2024\/09\/08\/cyberharcelement-participer-sciemment-a-leffet-de-meute-est-constitutif-du-delit\/","url_meta":{"origin":7070,"position":2},"title":"Cyberharc\u00e8lement : participer sciemment \u00e0 l&#8217;effet de meute est constitutif du d\u00e9lit","author":"Fred","date":"8 septembre 2024","format":false,"excerpt":"Dans sa d\u00e9cision du 29 mai 2024, la Cour de cassation confirme la condamnation de l\u2019auteur d\u2019un message haineux sur les r\u00e9seaux sociaux s\u2019inscrivant dans un flot de messages destin\u00e9s \u00e0 harceler une personne d\u00e9sign\u00e9e. \"Le fait de harceler une personne par des propos ou comportements r\u00e9p\u00e9t\u00e9s ayant pour objet\u2026","rel":"","context":"Dans &quot;IT&quot;","block_context":{"text":"IT","link":"https:\/\/mouillere.com\/universconvergents\/category\/it\/"},"img":{"alt_text":"","src":"https:\/\/i0.wp.com\/mouillere.com\/universconvergents\/wp-content\/uploads\/2024\/09\/Cyberharcelement.jpeg?fit=1024%2C1024&ssl=1&resize=350%2C200","width":350,"height":200,"srcset":"https:\/\/i0.wp.com\/mouillere.com\/universconvergents\/wp-content\/uploads\/2024\/09\/Cyberharcelement.jpeg?fit=1024%2C1024&ssl=1&resize=350%2C200 1x, https:\/\/i0.wp.com\/mouillere.com\/universconvergents\/wp-content\/uploads\/2024\/09\/Cyberharcelement.jpeg?fit=1024%2C1024&ssl=1&resize=525%2C300 1.5x, https:\/\/i0.wp.com\/mouillere.com\/universconvergents\/wp-content\/uploads\/2024\/09\/Cyberharcelement.jpeg?fit=1024%2C1024&ssl=1&resize=700%2C400 2x"},"classes":[]},{"id":6958,"url":"https:\/\/mouillere.com\/universconvergents\/2026\/01\/17\/rapport-sur-linfluence-et-les-reseaux-sociaux\/","url_meta":{"origin":7070,"position":3},"title":"Rapport sur l&#8217;influence et les r\u00e9seaux sociaux","author":"Fred","date":"17 janvier 2026","format":false,"excerpt":"Le rapport dresse un bilan globalement positif de la premi\u00e8re loi sur les influenceurs de 2023, notamment en mati\u00e8re de transparence publicitaire, mais alerte sur l'\u00e9mergence de nouvelles d\u00e9rives n\u00e9cessitant une action publique renforc\u00e9e (m\u00e9canismes de dons addictifs sur les lives TikTok, prolif\u00e9ration de promotions illicites, expansion non r\u00e9gul\u00e9e des\u2026","rel":"","context":"Dans &quot;Donn\u00e9es personnelles&quot;","block_context":{"text":"Donn\u00e9es personnelles","link":"https:\/\/mouillere.com\/universconvergents\/category\/it\/donnees-personnelles\/"},"img":{"alt_text":"","src":"https:\/\/i0.wp.com\/mouillere.com\/universconvergents\/wp-content\/uploads\/2026\/01\/RapportInfluenceurs.jpg?fit=1024%2C768&ssl=1&resize=350%2C200","width":350,"height":200,"srcset":"https:\/\/i0.wp.com\/mouillere.com\/universconvergents\/wp-content\/uploads\/2026\/01\/RapportInfluenceurs.jpg?fit=1024%2C768&ssl=1&resize=350%2C200 1x, https:\/\/i0.wp.com\/mouillere.com\/universconvergents\/wp-content\/uploads\/2026\/01\/RapportInfluenceurs.jpg?fit=1024%2C768&ssl=1&resize=525%2C300 1.5x, https:\/\/i0.wp.com\/mouillere.com\/universconvergents\/wp-content\/uploads\/2026\/01\/RapportInfluenceurs.jpg?fit=1024%2C768&ssl=1&resize=700%2C400 2x"},"classes":[]},{"id":2682,"url":"https:\/\/mouillere.com\/universconvergents\/2017\/10\/12\/trois-decrets-renforcent-les-obligations-de-transparence-et-de-loyaute-des-plateformes-numeriques\/","url_meta":{"origin":7070,"position":4},"title":"Trois d\u00e9crets renforcent les obligations de transparence et de loyaut\u00e9 des plateformes num\u00e9riques","author":"Fred","date":"12 octobre 2017","format":false,"excerpt":"Ces d\u00e9crets pr\u00e9voient notamment que : Les plateformes qui valorisent des contenus, des biens ou des services propos\u00e9s par des tiers, tels que les moteurs de recherche, r\u00e9seaux sociaux ou comparateurs, doivent pr\u00e9ciser les crit\u00e8res de r\u00e9f\u00e9rencement et de classement qu\u2019elles utilisent; Les sites publiant des avis de consommateurs devront\u2026","rel":"","context":"Dans &quot;Marketing&amp;Communication&quot;","block_context":{"text":"Marketing&amp;Communication","link":"https:\/\/mouillere.com\/universconvergents\/category\/publicite-marketing-communication\/"},"img":{"alt_text":"","src":"https:\/\/i0.wp.com\/mouillere.com\/universconvergents\/wp-content\/uploads\/2017\/10\/republique-numerique.jpg?fit=789%2C434&ssl=1&resize=350%2C200","width":350,"height":200,"srcset":"https:\/\/i0.wp.com\/mouillere.com\/universconvergents\/wp-content\/uploads\/2017\/10\/republique-numerique.jpg?fit=789%2C434&ssl=1&resize=350%2C200 1x, https:\/\/i0.wp.com\/mouillere.com\/universconvergents\/wp-content\/uploads\/2017\/10\/republique-numerique.jpg?fit=789%2C434&ssl=1&resize=525%2C300 1.5x, https:\/\/i0.wp.com\/mouillere.com\/universconvergents\/wp-content\/uploads\/2017\/10\/republique-numerique.jpg?fit=789%2C434&ssl=1&resize=700%2C400 2x"},"classes":[]},{"id":6934,"url":"https:\/\/mouillere.com\/universconvergents\/2026\/01\/14\/reseaux-sociaux-sante-des-adolescents\/","url_meta":{"origin":7070,"position":5},"title":"R\u00e9seaux Sociaux &#038; Sant\u00e9 des adolescents","author":"Fred","date":"14 janvier 2026","format":false,"excerpt":"Un r\u00e9cent rapport met en \u00e9vidence une association statistiquement significative entre un usage intensif des r\u00e9seaux sociaux et plusieurs troubles de la sant\u00e9 mentale, notamment les sympt\u00f4mes d\u00e9pressifs, l'anxi\u00e9t\u00e9, une perception n\u00e9gative de l'image corporelle et les troubles du sommeil. Il souligne le r\u00f4le du design des plateformes des dark\u2026","rel":"","context":"Dans &quot;Donn\u00e9es personnelles&quot;","block_context":{"text":"Donn\u00e9es personnelles","link":"https:\/\/mouillere.com\/universconvergents\/category\/it\/donnees-personnelles\/"},"img":{"alt_text":"","src":"https:\/\/i0.wp.com\/mouillere.com\/universconvergents\/wp-content\/uploads\/2026\/01\/Reseaux-Sociaux-Sante.jpg?fit=1024%2C768&ssl=1&resize=350%2C200","width":350,"height":200,"srcset":"https:\/\/i0.wp.com\/mouillere.com\/universconvergents\/wp-content\/uploads\/2026\/01\/Reseaux-Sociaux-Sante.jpg?fit=1024%2C768&ssl=1&resize=350%2C200 1x, https:\/\/i0.wp.com\/mouillere.com\/universconvergents\/wp-content\/uploads\/2026\/01\/Reseaux-Sociaux-Sante.jpg?fit=1024%2C768&ssl=1&resize=525%2C300 1.5x, https:\/\/i0.wp.com\/mouillere.com\/universconvergents\/wp-content\/uploads\/2026\/01\/Reseaux-Sociaux-Sante.jpg?fit=1024%2C768&ssl=1&resize=700%2C400 2x"},"classes":[]}],"_links":{"self":[{"href":"https:\/\/mouillere.com\/universconvergents\/wp-json\/wp\/v2\/posts\/7070","targetHints":{"allow":["GET"]}}],"collection":[{"href":"https:\/\/mouillere.com\/universconvergents\/wp-json\/wp\/v2\/posts"}],"about":[{"href":"https:\/\/mouillere.com\/universconvergents\/wp-json\/wp\/v2\/types\/post"}],"author":[{"embeddable":true,"href":"https:\/\/mouillere.com\/universconvergents\/wp-json\/wp\/v2\/users\/1"}],"replies":[{"embeddable":true,"href":"https:\/\/mouillere.com\/universconvergents\/wp-json\/wp\/v2\/comments?post=7070"}],"version-history":[{"count":2,"href":"https:\/\/mouillere.com\/universconvergents\/wp-json\/wp\/v2\/posts\/7070\/revisions"}],"predecessor-version":[{"id":7074,"href":"https:\/\/mouillere.com\/universconvergents\/wp-json\/wp\/v2\/posts\/7070\/revisions\/7074"}],"wp:featuredmedia":[{"embeddable":true,"href":"https:\/\/mouillere.com\/universconvergents\/wp-json\/wp\/v2\/media\/7075"}],"wp:attachment":[{"href":"https:\/\/mouillere.com\/universconvergents\/wp-json\/wp\/v2\/media?parent=7070"}],"wp:term":[{"taxonomy":"category","embeddable":true,"href":"https:\/\/mouillere.com\/universconvergents\/wp-json\/wp\/v2\/categories?post=7070"},{"taxonomy":"post_tag","embeddable":true,"href":"https:\/\/mouillere.com\/universconvergents\/wp-json\/wp\/v2\/tags?post=7070"}],"curies":[{"name":"wp","href":"https:\/\/api.w.org\/{rel}","templated":true}]}}