{"id":7077,"date":"2026-04-27T22:50:50","date_gmt":"2026-04-27T21:50:50","guid":{"rendered":"https:\/\/mouillere.com\/universconvergents\/?p=7077"},"modified":"2026-04-28T19:39:04","modified_gmt":"2026-04-28T18:39:04","slug":"consommation-de-la-musique-aux-antilles-guyane","status":"publish","type":"post","link":"https:\/\/mouillere.com\/universconvergents\/2026\/04\/27\/consommation-de-la-musique-aux-antilles-guyane\/","title":{"rendered":"Consommation de la musique aux Antilles-Guyane"},"content":{"rendered":"<p><a href=\"https:\/\/culture.newstank.fr\" target=\"_blank\" rel=\"noopener\">Newstank Culture<\/a> fait \u00e9cho \u00e0 une \u00e9tude sur la consommation de la musique aux Antilles-Guyane r\u00e9alis\u00e9e par <a href=\"https:\/\/www.federap.info\/\" target=\"_blank\" rel=\"noopener\">F\u00e9d\u00e9rap<\/a> et le ChewinGum, agence d\u00e9di\u00e9e \u00e0 la musique enregistr\u00e9e en Guyane,\u00a0\u00a0avec une pr\u00e9f\u00e9rence pour le streaming audio men\u00e9 par Spotify et Apple Music, et le streaming vid\u00e9o port\u00e9 par YouTube, et des disparit\u00e9s territoriales et \u00e9conomiques (co\u00fbt de la vie \u00e9lev\u00e9 et revenus m\u00e9dians plus faibles) qui freinent l&#8217;adoption des abonnements payants. Parall\u00e8lement, le support physique est devenu marginal en raison de la disparition quasi totale des points de vente et des surco\u00fbts li\u00e9s \u00e0 l&#8217;importation.<\/p>\n<p><!--more--><\/p>\n<p>&nbsp;<\/p>\n<audio class=\"wp-audio-shortcode\" id=\"audio-7077-1\" preload=\"none\" style=\"width: 100%;\" controls=\"controls\"><source type=\"audio\/mpeg\" src=\"https:\/\/mouillere.com\/universconvergents\/wp-content\/uploads\/2026\/04\/2025-ConsommationMusiqueAntillesGuyane.m4a?_=1\" \/><a href=\"https:\/\/mouillere.com\/universconvergents\/wp-content\/uploads\/2026\/04\/2025-ConsommationMusiqueAntillesGuyane.m4a\">https:\/\/mouillere.com\/universconvergents\/wp-content\/uploads\/2026\/04\/2025-ConsommationMusiqueAntillesGuyane.m4a<\/a><\/audio>\n<p>&nbsp;<\/p>\n<h2>Pratiques et habitudes d&#8217;\u00e9coute<\/h2>\n<h3>Contextes et supports privil\u00e9gi\u00e9s<\/h3>\n<ul>\n<li><b>Lieux d&#8217;\u00e9coute :<\/b> La voiture s&#8217;impose comme un lieu majeur (86 %), suivie de l&#8217;\u00e9coute \u00e0 la maison lors d&#8217;autres activit\u00e9s (81 %) et des s\u00e9ances de sport (59 %).<\/li>\n<li><b>Appareils :<\/b> Le t\u00e9l\u00e9phone portable domine sans partage (96 %). Les syst\u00e8mes sonores de v\u00e9hicules (60 %) et la t\u00e9l\u00e9vision (49 %) suivent. L&#8217;\u00e9coute est per\u00e7ue comme une exp\u00e9rience de plus en plus intime, la cha\u00eene Hi-Fi ne concernant plus que 10 % des usages.<\/li>\n<\/ul>\n<h3>Pr\u00e9f\u00e9rences linguistiques et genres musicaux<\/h3>\n<p>Le classement des langues \u00e9cout\u00e9es souligne la place fondamentale de l&#8217;identit\u00e9 locale :<\/p>\n<ol>\n<li><b>Fran\u00e7ais<\/b> (96 %)<\/li>\n<li><b>Anglais<\/b> (92 %)<\/li>\n<li><b>Cr\u00e9ole<\/b> (92 %) \u2014 Une singularit\u00e9 forte par rapport \u00e0 l&#8217;Hexagone.<\/li>\n<li><b>Espagnol<\/b> (54 %)<\/li>\n<\/ol>\n<p>Concernant les genres, le <b>Reggae-Dancehall<\/b>, le <b>Zouk<\/b> et le <b>Hip-Hop\/Rap<\/b> constituent le trio de t\u00eate dans toutes les r\u00e9gions \u00e9tudi\u00e9es. \u00c0 noter une production locale foisonnante, notamment en Guyane.<\/p>\n<h2>Analyse de la musique enregistr\u00e9e<\/h2>\n<h3>Domination du num\u00e9rique<\/h3>\n<p>Le num\u00e9rique est le mode principal d&#8217;\u00e9coute pour 90 % des r\u00e9pondants.<\/p>\n<ul>\n<li><b>Streaming Vid\u00e9o (31 % des usages num\u00e9riques) :<\/b> YouTube est la plateforme leader (28,5 %), privil\u00e9gi\u00e9e pour sa gratuit\u00e9 (financement par la publicit\u00e9 pour 68 % de ses utilisateurs) et l&#8217;importance du format clip.<\/li>\n<li><b>Streaming Audio (62 % des usages num\u00e9riques) :<\/b>\n<ul>\n<li><b>Spotify<\/b> (25 %) et <b>Apple Music<\/b> (20 %) se partagent l&#8217;essentiel du march\u00e9.<\/li>\n<li><b>Deezer<\/b> (7 %) et <b>YouTube Music<\/b> (5 %) compl\u00e8tent le tableau.<\/li>\n<li>L&#8217;adoption du streaming audio est plus forte aux Antilles (61 %) qu&#8217;en Guyane (43 %).<\/li>\n<\/ul>\n<\/li>\n<\/ul>\n<h3>Le march\u00e9 des abonnements Premium<\/h3>\n<p>Le march\u00e9 est nettement plus jeune qu&#8217;en Hexagone. Les 25-34 ans repr\u00e9sentent 72 % des abonn\u00e9s Premium aux Antilles-Guyane, contre seulement 40 % pour la tranche 15-34 ans au niveau national. Les plus de 45 ans ne repr\u00e9sentent que 9,5 % des abonn\u00e9s locaux.<\/p>\n<table border=\"1\">\n<tbody>\n<tr>\n<td><strong>Type d&#8217;offre Streaming Audio<\/strong><\/td>\n<td><strong>Part des utilisateurs<\/strong><\/td>\n<\/tr>\n<tr>\n<td><b>Premium (Individuel)<\/b><\/td>\n<td>66 %<\/td>\n<\/tr>\n<tr>\n<td><b>Family<\/b><\/td>\n<td>18 %<\/td>\n<\/tr>\n<tr>\n<td><b>Freemium (Gratuit)<\/b><\/td>\n<td>16 %<\/td>\n<\/tr>\n<\/tbody>\n<\/table>\n<h2>M\u00e9dias traditionnels et supports physiques<\/h2>\n<h3>La Radio et la T\u00e9l\u00e9vision<\/h3>\n<p>Bien qu&#8217;en retrait comme mode principal, les m\u00e9dias traditionnels restent forts en usage secondaire (33 %). L&#8217;\u00e2ge moyen des auditeurs est plus \u00e9lev\u00e9 (43 ans).<\/p>\n<ul>\n<li><b>M\u00e9dias leaders :<\/b> Le groupe <b>Trace<\/b> (fond\u00e9 par Olivier Laouchez) et <b>NRJ (Antilles\/Guyane)<\/b> dominent les pr\u00e9f\u00e9rences, suivis par les stations du r\u00e9seau <b>Outre-Mer La 1\u00e8re<\/b>.<\/li>\n<li><b>Radios locales :<\/b> Des stations comme M\u00e9tis FM, Radio P\u00e9yi et KFM maintiennent une pr\u00e9sence forte.<\/li>\n<\/ul>\n<h3>Le d\u00e9clin des supports physiques<\/h3>\n<p>Le CD et le vinyle sont devenus des produits de niche, consomm\u00e9s par un public d&#8217;une moyenne d&#8217;\u00e2ge de 44 ans.<\/p>\n<ul>\n<li><b>Disparition des points de vente :<\/b> Les grandes enseignes (Fnac, Cultura) pr\u00e9sentes sur place ne proposent plus de disques. Il ne reste que de rares disquaires ind\u00e9pendants (Sun\u2019Studio en Guyane, Sunshine Disquaire en Guadeloupe).<\/li>\n<li><b>Modes d&#8217;achat alternatifs :<\/b> 50 % des acheteurs se fournissent aux stands de merchandising lors des concerts et 43 % via les sites directs des artistes.<\/li>\n<\/ul>\n<h2>Freins \u00e9conomiques et enjeux de d\u00e9veloppement<\/h2>\n<h3>L&#8217;impact du co\u00fbt de la vie<\/h3>\n<p>Le co\u00fbt \u00e9lev\u00e9 de la vie dans les DROM (14 % \u00e0 16 % de plus qu&#8217;en Hexagone, jusqu&#8217;\u00e0 +40 % pour l&#8217;alimentaire) r\u00e9duit le budget allou\u00e9 \u00e0 la culture. Les abonnements payants (120 \u20ac \u00e0 240 \u20ac par an) sont jug\u00e9s &#8220;non adapt\u00e9s&#8221; par une partie de la population.<\/p>\n<h3>Obstacles logistiques et fiscaux<\/h3>\n<p>L&#8217;achat de supports physiques en ligne est p\u00e9nalis\u00e9 par :<\/p>\n<ul>\n<li>Des frais de port \u00e9lev\u00e9s.<\/li>\n<li>L&#8217;application de l&#8217;<b>octroi de mer<\/b> et de la TVA locale.<\/li>\n<li>Des frais de gestion douani\u00e8re impos\u00e9s par les transporteurs.<\/li>\n<\/ul>\n<h3>R\u00e9mun\u00e9ration des artistes<\/h3>\n<p>Un d\u00e9fi p\u00e9dagogique majeur subsiste : la consommation gratuite (vid\u00e9o) pr\u00e9domine, mais elle ne repr\u00e9sente que 7 % des revenus de la musique enregistr\u00e9e. L&#8217;\u00e9tude souligne qu&#8217;un <i>&#8220;travail p\u00e9dagogique sur la r\u00e9mun\u00e9ration des artistes [&#8230;] est primordial pour permettre l&#8217;expansion concr\u00e8te des artistes ultramarins&#8221;<\/i>. Le manque de distributeurs sp\u00e9cialis\u00e9s et d&#8217;outils de suivi des \u00e9coutes freine \u00e9galement la structuration de la fili\u00e8re locale.<\/p>\n<h2>Modes de d\u00e9couverte<\/h2>\n<p>Les r\u00e9seaux sociaux sont la premi\u00e8re source de d\u00e9couverte. Cependant, des diff\u00e9rences territoriales apparaissent dans l&#8217;usage des nouvelles technologies :<\/p>\n<ul>\n<li><b>Recommandations algorithmiques :<\/b> Tr\u00e8s utilis\u00e9es en Guadeloupe (61 %), mais beaucoup moins en Martinique (28 %) et en Guyane (21 %).<\/li>\n<li><b>Playlists \u00e9ditoriales :<\/b> Leur usage reste marginal (14 %), faute d&#8217;une \u00e9ditorialisation suffisante d\u00e9di\u00e9e aux genres ultramarins (\u00e0 l&#8217;exception de quelques initiatives sur Deezer).<\/li>\n<\/ul>\n<p>&nbsp;<\/p>\n<iframe src=\"\/\/docs.google.com\/viewer?url=https%3A%2F%2Fmouillere.com%2Funiversconvergents%2Fwp-content%2Fuploads%2F2026%2F04%2F2025-ConsommationMusiqueAntillesGuyane.pdf&hl=fr&embedded=true\" class=\"gde-frame\" style=\"width:100%; height:500px; border: none;\" scrolling=\"no\"><\/iframe>\n<p class=\"gde-text\"><a href=\"https:\/\/mouillere.com\/universconvergents\/wp-content\/uploads\/2026\/04\/2025-ConsommationMusiqueAntillesGuyane.pdf\" class=\"gde-link\">T\u00e9l\u00e9charger (PDF, 8.77Mo)<\/a><\/p>\n<p>&nbsp;<\/p>\n<p>&nbsp;<\/p>\n","protected":false},"excerpt":{"rendered":"<p>Newstank Culture fait \u00e9cho \u00e0 une \u00e9tude sur la consommation de la musique aux Antilles-Guyane r\u00e9alis\u00e9e par F\u00e9d\u00e9rap et le ChewinGum, agence d\u00e9di\u00e9e \u00e0 la musique enregistr\u00e9e en Guyane,\u00a0\u00a0avec une&hellip; <\/p>\n","protected":false},"author":1,"featured_media":7084,"comment_status":"closed","ping_status":"open","sticky":false,"template":"","format":"standard","meta":{"_jetpack_memberships_contains_paid_content":false,"footnotes":"","jetpack_publicize_message":"","jetpack_publicize_feature_enabled":true,"jetpack_social_post_already_shared":true,"jetpack_social_options":{"image_generator_settings":{"template":"highway","default_image_id":0,"font":"","enabled":false},"version":2}},"categories":[14],"tags":[],"class_list":["post-7077","post","type-post","status-publish","format-standard","has-post-thumbnail","hentry","category-propriete-litteraire-et-artistique"],"jetpack_publicize_connections":[],"jetpack_featured_media_url":"https:\/\/i0.wp.com\/mouillere.com\/universconvergents\/wp-content\/uploads\/2026\/04\/2025-ConsommationMusiqueAntillesGuyane.jpg?fit=1024%2C768&ssl=1","jetpack_sharing_enabled":false,"jetpack_shortlink":"https:\/\/wp.me\/p6jw1p-1Q9","jetpack-related-posts":[{"id":4971,"url":"https:\/\/mouillere.com\/universconvergents\/2022\/02\/03\/streaming-vs-radio\/","url_meta":{"origin":7077,"position":0},"title":"Streaming vs Radio","author":"Fred","date":"3 f\u00e9vrier 2022","format":false,"excerpt":"L'Autorit\u00e9 de r\u00e9gulation de la communication audiovisuelle et num\u00e9rique (Arcom) vient de publier une \u00e9tude sur l'\u00e9coute de la musique en streaming audio (Spotify, Deezer, Apple Music, YouTube) 20 millions de personnes utilisent des services de streaming audio dont les volumes de streams sont pass\u00e9s de 28 milliards en 2016\u2026","rel":"","context":"Dans &quot;Audiovisuel&quot;","block_context":{"text":"Audiovisuel","link":"https:\/\/mouillere.com\/universconvergents\/category\/ip\/audiovisuel\/"},"img":{"alt_text":"","src":"https:\/\/i0.wp.com\/mouillere.com\/universconvergents\/wp-content\/uploads\/2022\/02\/Capture-decran-2022-02-04-a-09.28.43.jpg?fit=1200%2C764&ssl=1&resize=350%2C200","width":350,"height":200,"srcset":"https:\/\/i0.wp.com\/mouillere.com\/universconvergents\/wp-content\/uploads\/2022\/02\/Capture-decran-2022-02-04-a-09.28.43.jpg?fit=1200%2C764&ssl=1&resize=350%2C200 1x, https:\/\/i0.wp.com\/mouillere.com\/universconvergents\/wp-content\/uploads\/2022\/02\/Capture-decran-2022-02-04-a-09.28.43.jpg?fit=1200%2C764&ssl=1&resize=525%2C300 1.5x, https:\/\/i0.wp.com\/mouillere.com\/universconvergents\/wp-content\/uploads\/2022\/02\/Capture-decran-2022-02-04-a-09.28.43.jpg?fit=1200%2C764&ssl=1&resize=700%2C400 2x, https:\/\/i0.wp.com\/mouillere.com\/universconvergents\/wp-content\/uploads\/2022\/02\/Capture-decran-2022-02-04-a-09.28.43.jpg?fit=1200%2C764&ssl=1&resize=1050%2C600 3x"},"classes":[]},{"id":5137,"url":"https:\/\/mouillere.com\/universconvergents\/2022\/06\/28\/voitures-electriques-en-guyane-un-marche-mort-ne-a-cause-des-marges-distributeurs-et-constructeurs\/","url_meta":{"origin":7077,"position":1},"title":"Voitures \u00e9lectriques en Guyane : un march\u00e9 mort-n\u00e9 \u00e0 cause des marges distributeurs et constructeurs","author":"Fred","date":"28 juin 2022","format":false,"excerpt":"Le bonus \u00e9cologique et la suppression de l'octroi de mer pour le d\u00e9veloppement des voitures \u00e9lectriques en Guyane augmentent les marges des distributeurs et constructeurs au pr\u00e9judice de l'\u00e9tat, des collectivit\u00e9s territoriales, des consommateurs guyanais et de l'environnement. En 2021, les v\u00e9hicules \u00e9lectrifi\u00e9s repr\u00e9sentaient 26.2% des des ventes de V\u00e9hicules\u2026","rel":"","context":"Dans &quot;Environnement&quot;","block_context":{"text":"Environnement","link":"https:\/\/mouillere.com\/universconvergents\/category\/environnement\/"},"img":{"alt_text":"","src":"https:\/\/i0.wp.com\/mouillere.com\/universconvergents\/wp-content\/uploads\/2022\/06\/Capture-decran-2022-06-29-a-12.34.41.jpg?fit=1200%2C446&ssl=1&resize=350%2C200","width":350,"height":200,"srcset":"https:\/\/i0.wp.com\/mouillere.com\/universconvergents\/wp-content\/uploads\/2022\/06\/Capture-decran-2022-06-29-a-12.34.41.jpg?fit=1200%2C446&ssl=1&resize=350%2C200 1x, https:\/\/i0.wp.com\/mouillere.com\/universconvergents\/wp-content\/uploads\/2022\/06\/Capture-decran-2022-06-29-a-12.34.41.jpg?fit=1200%2C446&ssl=1&resize=525%2C300 1.5x, https:\/\/i0.wp.com\/mouillere.com\/universconvergents\/wp-content\/uploads\/2022\/06\/Capture-decran-2022-06-29-a-12.34.41.jpg?fit=1200%2C446&ssl=1&resize=700%2C400 2x, https:\/\/i0.wp.com\/mouillere.com\/universconvergents\/wp-content\/uploads\/2022\/06\/Capture-decran-2022-06-29-a-12.34.41.jpg?fit=1200%2C446&ssl=1&resize=1050%2C600 3x"},"classes":[]},{"id":5052,"url":"https:\/\/mouillere.com\/universconvergents\/2022\/04\/12\/potentiel-des-energies-renouvelables-en-guyane\/","url_meta":{"origin":7077,"position":2},"title":"Potentiel des \u00e9nergies renouvelables en Guyane","author":"Fred","date":"12 avril 2022","format":false,"excerpt":"Deloitte a publi\u00e9 en 2018 une int\u00e9ressante \u00e9tude\u00a0sur le potentiel de d\u00e9veloppement \u00e9conomique durable de la Guyane qui fait ressortir 10 secteurs d\u2019activit\u00e9s \u00e0 forts effets d\u2019entra\u00eenement, cr\u00e9ateurs de valeur ajout\u00e9e et d\u2019emplois pour l\u2019\u00e9conomie locale : l\u2019agriculture et l\u2019\u00e9levage, la p\u00eache, l\u2019agroalimentaire, le secteur du bois, le tourisme, les\u2026","rel":"","context":"Dans &quot;Environnement&quot;","block_context":{"text":"Environnement","link":"https:\/\/mouillere.com\/universconvergents\/category\/environnement\/"},"img":{"alt_text":"","src":"https:\/\/i0.wp.com\/mouillere.com\/universconvergents\/wp-content\/uploads\/2022\/04\/Capture-decran-2022-04-12-a-08.48.58.jpg?fit=1200%2C803&ssl=1&resize=350%2C200","width":350,"height":200,"srcset":"https:\/\/i0.wp.com\/mouillere.com\/universconvergents\/wp-content\/uploads\/2022\/04\/Capture-decran-2022-04-12-a-08.48.58.jpg?fit=1200%2C803&ssl=1&resize=350%2C200 1x, https:\/\/i0.wp.com\/mouillere.com\/universconvergents\/wp-content\/uploads\/2022\/04\/Capture-decran-2022-04-12-a-08.48.58.jpg?fit=1200%2C803&ssl=1&resize=525%2C300 1.5x, https:\/\/i0.wp.com\/mouillere.com\/universconvergents\/wp-content\/uploads\/2022\/04\/Capture-decran-2022-04-12-a-08.48.58.jpg?fit=1200%2C803&ssl=1&resize=700%2C400 2x, https:\/\/i0.wp.com\/mouillere.com\/universconvergents\/wp-content\/uploads\/2022\/04\/Capture-decran-2022-04-12-a-08.48.58.jpg?fit=1200%2C803&ssl=1&resize=1050%2C600 3x"},"classes":[]},{"id":4485,"url":"https:\/\/mouillere.com\/universconvergents\/2020\/05\/12\/e-sante-comme-solution-locale-a-un-desordre-global\/","url_meta":{"origin":7077,"position":3},"title":"E-sant\u00e9 comme solution locale \u00e0 un d\u00e9sordre global","author":"Fred","date":"12 mai 2020","format":false,"excerpt":"A l'heure o\u00f9 les pouvoirs publics sont critiqu\u00e9s pour le manque d'anticipation d'une crise sanitaire aussi violente qu'impr\u00e9visible, et surtout pour le manque de moyens des professionnels de la sant\u00e9 qui subissent les cons\u00e9quences d'une politique de rigueur d\u00e9vastatrice depuis plus de 20 ans, il est aussi important de rappeler\u2026","rel":"","context":"Dans &quot;Donn\u00e9es personnelles&quot;","block_context":{"text":"Donn\u00e9es personnelles","link":"https:\/\/mouillere.com\/universconvergents\/category\/it\/donnees-personnelles\/"},"img":{"alt_text":"","src":"https:\/\/i0.wp.com\/mouillere.com\/universconvergents\/wp-content\/uploads\/2020\/05\/E-Sante%CC%81-en-Guyane.001.jpeg?fit=1200%2C675&ssl=1&resize=350%2C200","width":350,"height":200,"srcset":"https:\/\/i0.wp.com\/mouillere.com\/universconvergents\/wp-content\/uploads\/2020\/05\/E-Sante%CC%81-en-Guyane.001.jpeg?fit=1200%2C675&ssl=1&resize=350%2C200 1x, https:\/\/i0.wp.com\/mouillere.com\/universconvergents\/wp-content\/uploads\/2020\/05\/E-Sante%CC%81-en-Guyane.001.jpeg?fit=1200%2C675&ssl=1&resize=525%2C300 1.5x, https:\/\/i0.wp.com\/mouillere.com\/universconvergents\/wp-content\/uploads\/2020\/05\/E-Sante%CC%81-en-Guyane.001.jpeg?fit=1200%2C675&ssl=1&resize=700%2C400 2x, https:\/\/i0.wp.com\/mouillere.com\/universconvergents\/wp-content\/uploads\/2020\/05\/E-Sante%CC%81-en-Guyane.001.jpeg?fit=1200%2C675&ssl=1&resize=1050%2C600 3x"},"classes":[]},{"id":4991,"url":"https:\/\/mouillere.com\/universconvergents\/2022\/02\/13\/bois-de-guyane\/","url_meta":{"origin":7077,"position":4},"title":"Bois de Guyane","author":"Fred","date":"13 f\u00e9vrier 2022","format":false,"excerpt":"L\u2019association\u00a0INTERPROBOIS qui regroupe l'ensemble des acteurs de la fili\u00e8re, a pour objet de\u00a0favoriser la production, la mobilisation, l\u2019exploitation, la transformation et la promotion des bois de Guyane\u00a0dans le respect de la gestion durable des for\u00eats. L\u2019association AQUAA qui promeut d\u00e9veloppement durable et la r\u00e9duction des impacts environnementaux dans l'am\u00e9nagement du\u2026","rel":"","context":"Dans &quot;Environnement&quot;","block_context":{"text":"Environnement","link":"https:\/\/mouillere.com\/universconvergents\/category\/environnement\/"},"img":{"alt_text":"","src":"https:\/\/i0.wp.com\/mouillere.com\/universconvergents\/wp-content\/uploads\/2022\/02\/Capture-decran-2022-02-14-a-09.50.52.jpg?fit=1200%2C900&ssl=1&resize=350%2C200","width":350,"height":200,"srcset":"https:\/\/i0.wp.com\/mouillere.com\/universconvergents\/wp-content\/uploads\/2022\/02\/Capture-decran-2022-02-14-a-09.50.52.jpg?fit=1200%2C900&ssl=1&resize=350%2C200 1x, https:\/\/i0.wp.com\/mouillere.com\/universconvergents\/wp-content\/uploads\/2022\/02\/Capture-decran-2022-02-14-a-09.50.52.jpg?fit=1200%2C900&ssl=1&resize=525%2C300 1.5x, https:\/\/i0.wp.com\/mouillere.com\/universconvergents\/wp-content\/uploads\/2022\/02\/Capture-decran-2022-02-14-a-09.50.52.jpg?fit=1200%2C900&ssl=1&resize=700%2C400 2x, https:\/\/i0.wp.com\/mouillere.com\/universconvergents\/wp-content\/uploads\/2022\/02\/Capture-decran-2022-02-14-a-09.50.52.jpg?fit=1200%2C900&ssl=1&resize=1050%2C600 3x"},"classes":[]},{"id":5845,"url":"https:\/\/mouillere.com\/universconvergents\/2024\/01\/22\/mise-en-oeuvre-du-plan-durgence-de-la-guyane\/","url_meta":{"origin":7077,"position":5},"title":"Mise en oeuvre du plan d&#8217;urgence de la Guyane","author":"Fred","date":"22 janvier 2024","format":false,"excerpt":"Au printemps 2017, l\u2019important mouvement social survenu en Guyane a mis en lumi\u00e8re la forte attente d\u2019\u00e9quipements publics de la population. Le plan d'urgence pour la Guyane a \u00e9t\u00e9 mis en place \u00a0pour aider \u00e0 r\u00e9soudre les probl\u00e8mes \u00e9conomiques et sociaux . Plusieurs mesures ont \u00e9t\u00e9 mises en \u0153uvre, notamment\u2026","rel":"","context":"Dans &quot;Fiscalit\u00e9&quot;","block_context":{"text":"Fiscalit\u00e9","link":"https:\/\/mouillere.com\/universconvergents\/category\/fiscalite\/"},"img":{"alt_text":"","src":"https:\/\/i0.wp.com\/mouillere.com\/universconvergents\/wp-content\/uploads\/2024\/01\/accords-successifs-depuis-2017.png?fit=1200%2C756&ssl=1&resize=350%2C200","width":350,"height":200,"srcset":"https:\/\/i0.wp.com\/mouillere.com\/universconvergents\/wp-content\/uploads\/2024\/01\/accords-successifs-depuis-2017.png?fit=1200%2C756&ssl=1&resize=350%2C200 1x, https:\/\/i0.wp.com\/mouillere.com\/universconvergents\/wp-content\/uploads\/2024\/01\/accords-successifs-depuis-2017.png?fit=1200%2C756&ssl=1&resize=525%2C300 1.5x, https:\/\/i0.wp.com\/mouillere.com\/universconvergents\/wp-content\/uploads\/2024\/01\/accords-successifs-depuis-2017.png?fit=1200%2C756&ssl=1&resize=700%2C400 2x, https:\/\/i0.wp.com\/mouillere.com\/universconvergents\/wp-content\/uploads\/2024\/01\/accords-successifs-depuis-2017.png?fit=1200%2C756&ssl=1&resize=1050%2C600 3x"},"classes":[]}],"_links":{"self":[{"href":"https:\/\/mouillere.com\/universconvergents\/wp-json\/wp\/v2\/posts\/7077","targetHints":{"allow":["GET"]}}],"collection":[{"href":"https:\/\/mouillere.com\/universconvergents\/wp-json\/wp\/v2\/posts"}],"about":[{"href":"https:\/\/mouillere.com\/universconvergents\/wp-json\/wp\/v2\/types\/post"}],"author":[{"embeddable":true,"href":"https:\/\/mouillere.com\/universconvergents\/wp-json\/wp\/v2\/users\/1"}],"replies":[{"embeddable":true,"href":"https:\/\/mouillere.com\/universconvergents\/wp-json\/wp\/v2\/comments?post=7077"}],"version-history":[{"count":7,"href":"https:\/\/mouillere.com\/universconvergents\/wp-json\/wp\/v2\/posts\/7077\/revisions"}],"predecessor-version":[{"id":7087,"href":"https:\/\/mouillere.com\/universconvergents\/wp-json\/wp\/v2\/posts\/7077\/revisions\/7087"}],"wp:featuredmedia":[{"embeddable":true,"href":"https:\/\/mouillere.com\/universconvergents\/wp-json\/wp\/v2\/media\/7084"}],"wp:attachment":[{"href":"https:\/\/mouillere.com\/universconvergents\/wp-json\/wp\/v2\/media?parent=7077"}],"wp:term":[{"taxonomy":"category","embeddable":true,"href":"https:\/\/mouillere.com\/universconvergents\/wp-json\/wp\/v2\/categories?post=7077"},{"taxonomy":"post_tag","embeddable":true,"href":"https:\/\/mouillere.com\/universconvergents\/wp-json\/wp\/v2\/tags?post=7077"}],"curies":[{"name":"wp","href":"https:\/\/api.w.org\/{rel}","templated":true}]}}