{"id":868,"date":"2015-09-10T11:41:50","date_gmt":"2015-09-10T10:41:50","guid":{"rendered":"http:\/\/mouillere.com\/universconvergents\/?p=868"},"modified":"2015-09-12T11:51:01","modified_gmt":"2015-09-12T10:51:01","slug":"surveillance-a-letranger-la-proposition-de-loi-se-devoile","status":"publish","type":"post","link":"https:\/\/mouillere.com\/universconvergents\/2015\/09\/10\/surveillance-a-letranger-la-proposition-de-loi-se-devoile\/","title":{"rendered":"Surveillance \u00e0 l\u2019\u00e9tranger : la proposition de loi se d\u00e9voile"},"content":{"rendered":"<p>Annonc\u00e9e depuis quelques jours, la proposition de loi visant \u00e0 encadrer les pratiques d\u2019\u00e9coutes de la DGSE a \u00e9t\u00e9 publi\u00e9e aujourd\u2019hui sur le site de&#8230;<br \/>\n<a href=\"http:\/\/www.zdnet.fr\/actualites\/surveillance-a-l-etranger-la-proposition-de-loi-se-devoile-39824694.htm\" target=\"_blank\">http:\/\/www.zdnet.fr\/actualites\/surveillance-a-l-etranger-la-proposition-de-loi-se-devoile-39824694.htm<\/a><\/p>\n<p><a href=\"http:\/\/tempsreel.nouvelobs.com\/monde\/20150909.OBS5547\/exclusif-la-nouvelle-loi-sur-les-ecoutes-de-la-dgse.html\" target=\"_blank\">http:\/\/tempsreel.nouvelobs.com\/monde\/20150909.OBS5547\/exclusif-la-nouvelle-loi-sur-les-ecoutes-de-la-dgse.html<\/a><\/p>\n<p><a href=\"https:\/\/mouillere.com\/universconvergents\/wp-content\/uploads\/2015\/09\/Proposition-de-loi-relative-aux-mesures-de-surveillance-des-communications-\u00e9lectroniques-internationales.pdf\">Proposition de loi relative aux mesures de surveillance des communications \u00e9lectroniques internationales<\/a><\/p>\n<p>&nbsp;<\/p>\n","protected":false},"excerpt":{"rendered":"<p>Annonc\u00e9e depuis quelques jours, la proposition de loi visant \u00e0 encadrer les pratiques d\u2019\u00e9coutes de la DGSE a \u00e9t\u00e9 publi\u00e9e aujourd\u2019hui sur le site de&#8230; http:\/\/www.zdnet.fr\/actualites\/surveillance-a-l-etranger-la-proposition-de-loi-se-devoile-39824694.htm http:\/\/tempsreel.nouvelobs.com\/monde\/20150909.OBS5547\/exclusif-la-nouvelle-loi-sur-les-ecoutes-de-la-dgse.html Proposition de loi&hellip; <\/p>\n","protected":false},"author":1,"featured_media":485,"comment_status":"open","ping_status":"open","sticky":false,"template":"","format":"standard","meta":{"_jetpack_memberships_contains_paid_content":false,"footnotes":"","jetpack_publicize_message":"","jetpack_publicize_feature_enabled":true,"jetpack_social_post_already_shared":true,"jetpack_social_options":{"image_generator_settings":{"template":"highway","default_image_id":0,"font":"","enabled":false},"version":2}},"categories":[20,16],"tags":[],"class_list":["post-868","post","type-post","status-publish","format-standard","has-post-thumbnail","hentry","category-cybersecurite","category-donnees-personnelles"],"jetpack_publicize_connections":[],"jetpack_featured_media_url":"https:\/\/i0.wp.com\/mouillere.com\/universconvergents\/wp-content\/uploads\/2015\/07\/4617357_3_b22e_sur-les-reseaux-sociaux-de-nombreux_62ff6ca6b01b759840f332412aece338.jpg?fit=534%2C267&ssl=1","jetpack_sharing_enabled":true,"jetpack_shortlink":"https:\/\/wp.me\/p6jw1p-e0","jetpack-related-posts":[{"id":1241,"url":"https:\/\/mouillere.com\/universconvergents\/2015\/10\/26\/on-vous-explique-la-proposition-de-loi-sur-la-surveillance-internationale\/","url_meta":{"origin":868,"position":0},"title":"On vous explique la proposition de loi sur la surveillance internationale","author":"Fred","date":"26 octobre 2015","format":false,"excerpt":"C\u2019est demain en fin de journ\u00e9e que la proposition de loi sur la surveillance internationale entrera en discussion en s\u00e9ance publique au S\u00e9nat. Une douzaine d'amendements ont \u00e9t\u00e9 d\u00e9pos\u00e9s pour l\u2019heure, traduisant une perfection absolue du texte\u2026 ou une faible mobilisation des parlementaires. http:\/\/www.nextinpact.com\/news\/97032-on-vous-explique-proposition-loi-sur-surveillance-internationale.htm","rel":"","context":"Dans &quot;Cybers\u00e9curit\u00e9&quot;","block_context":{"text":"Cybers\u00e9curit\u00e9","link":"https:\/\/mouillere.com\/universconvergents\/category\/it\/cybersecurite\/"},"img":{"alt_text":"","src":"https:\/\/i0.wp.com\/mouillere.com\/universconvergents\/wp-content\/uploads\/2015\/07\/4617357_3_b22e_sur-les-reseaux-sociaux-de-nombreux_62ff6ca6b01b759840f332412aece338.jpg?fit=534%2C267&ssl=1&resize=350%2C200","width":350,"height":200,"srcset":"https:\/\/i0.wp.com\/mouillere.com\/universconvergents\/wp-content\/uploads\/2015\/07\/4617357_3_b22e_sur-les-reseaux-sociaux-de-nombreux_62ff6ca6b01b759840f332412aece338.jpg?fit=534%2C267&ssl=1&resize=350%2C200 1x, https:\/\/i0.wp.com\/mouillere.com\/universconvergents\/wp-content\/uploads\/2015\/07\/4617357_3_b22e_sur-les-reseaux-sociaux-de-nombreux_62ff6ca6b01b759840f332412aece338.jpg?fit=534%2C267&ssl=1&resize=525%2C300 1.5x"},"classes":[]},{"id":1309,"url":"https:\/\/mouillere.com\/universconvergents\/2015\/10\/29\/la-proposition-de-loi-surveillance-adoptee-par-le-senat\/","url_meta":{"origin":868,"position":1},"title":"La proposition de loi \u00ab Surveillance \u00bb adopt\u00e9e par le S\u00e9nat","author":"Fred","date":"29 octobre 2015","format":false,"excerpt":"Il a adopt\u00e9, le 27 octobre, la proposition de loi relative aux mesures de surveillance des communications \u00e9lectroniques internationales qui a \u00e9t\u00e9 transmise \u00e0 l\u2019Assembl\u00e9e Nationale pour son examen seconde lecture. Elle a pour objet de pallier le vide juridique r\u00e9sultant de la censure par le Conseil constitutionnel d'une disposition\u2026","rel":"","context":"Dans &quot;Cybers\u00e9curit\u00e9&quot;","block_context":{"text":"Cybers\u00e9curit\u00e9","link":"https:\/\/mouillere.com\/universconvergents\/category\/it\/cybersecurite\/"},"img":{"alt_text":"","src":"https:\/\/i0.wp.com\/mouillere.com\/universconvergents\/wp-content\/uploads\/2015\/07\/4617357_3_b22e_sur-les-reseaux-sociaux-de-nombreux_62ff6ca6b01b759840f332412aece338.jpg?fit=534%2C267&ssl=1&resize=350%2C200","width":350,"height":200,"srcset":"https:\/\/i0.wp.com\/mouillere.com\/universconvergents\/wp-content\/uploads\/2015\/07\/4617357_3_b22e_sur-les-reseaux-sociaux-de-nombreux_62ff6ca6b01b759840f332412aece338.jpg?fit=534%2C267&ssl=1&resize=350%2C200 1x, https:\/\/i0.wp.com\/mouillere.com\/universconvergents\/wp-content\/uploads\/2015\/07\/4617357_3_b22e_sur-les-reseaux-sociaux-de-nombreux_62ff6ca6b01b759840f332412aece338.jpg?fit=534%2C267&ssl=1&resize=525%2C300 1.5x"},"classes":[]},{"id":966,"url":"https:\/\/mouillere.com\/universconvergents\/2015\/09\/22\/loi-renseignement-au-senat-incertitudes-sur-la-conformite-de-la-surveillance-internationale\/","url_meta":{"origin":868,"position":2},"title":"Loi Renseignement : au S\u00e9nat, incertitudes sur la conformit\u00e9 de la surveillance internationale","author":"Fred","date":"22 septembre 2015","format":false,"excerpt":"A l\u2019Assembl\u00e9e nationale, la proposition de loi sur le renseignement sera examin\u00e9e en s\u00e9ance le 1er octobre prochain. Le texte s\u2019est d\u00e9doubl\u00e9 au S\u00e9nat d\u2019une autre proposition de loi sur le m\u00eame sujet, mais d\u00e9pos\u00e9e cette fois par un parlementaire de l\u2019opposition, Philippe Bas http:\/\/www.nextinpact.com\/news\/96597-loi-renseignement-au-senat-incertitudes-sur-conformite-surveillance-internationale.htm","rel":"","context":"Dans &quot;Cybers\u00e9curit\u00e9&quot;","block_context":{"text":"Cybers\u00e9curit\u00e9","link":"https:\/\/mouillere.com\/universconvergents\/category\/it\/cybersecurite\/"},"img":{"alt_text":"","src":"https:\/\/i0.wp.com\/mouillere.com\/universconvergents\/wp-content\/uploads\/2015\/07\/4617357_3_b22e_sur-les-reseaux-sociaux-de-nombreux_62ff6ca6b01b759840f332412aece338.jpg?fit=534%2C267&ssl=1&resize=350%2C200","width":350,"height":200,"srcset":"https:\/\/i0.wp.com\/mouillere.com\/universconvergents\/wp-content\/uploads\/2015\/07\/4617357_3_b22e_sur-les-reseaux-sociaux-de-nombreux_62ff6ca6b01b759840f332412aece338.jpg?fit=534%2C267&ssl=1&resize=350%2C200 1x, https:\/\/i0.wp.com\/mouillere.com\/universconvergents\/wp-content\/uploads\/2015\/07\/4617357_3_b22e_sur-les-reseaux-sociaux-de-nombreux_62ff6ca6b01b759840f332412aece338.jpg?fit=534%2C267&ssl=1&resize=525%2C300 1.5x"},"classes":[]},{"id":1278,"url":"https:\/\/mouillere.com\/universconvergents\/2015\/10\/30\/loi-sur-la-surveillance-internationale-a-fond-la-forme\/","url_meta":{"origin":868,"position":3},"title":"Loi sur la surveillance internationale : \u00e0 fond la forme !","author":"Fred","date":"30 octobre 2015","format":false,"excerpt":"Lors des d\u00e9bats autour de la proposition de loi sur la surveillance des communications \u00e9lectroniques internationales, plusieurs parlementaires l\u2019ont assur\u00e9 : en juillet dernier, le Conseil constitutionnel n\u2019a censur\u00e9 que la forme, pas le fond. Est-ce bien vrai ? http:\/\/www.nextinpact.com\/news\/97090-loi-sur-surveillance-internationale-a-fond-forme.htm","rel":"","context":"Dans &quot;Cybers\u00e9curit\u00e9&quot;","block_context":{"text":"Cybers\u00e9curit\u00e9","link":"https:\/\/mouillere.com\/universconvergents\/category\/it\/cybersecurite\/"},"img":{"alt_text":"","src":"https:\/\/i0.wp.com\/mouillere.com\/universconvergents\/wp-content\/uploads\/2015\/07\/4617357_3_b22e_sur-les-reseaux-sociaux-de-nombreux_62ff6ca6b01b759840f332412aece338.jpg?fit=534%2C267&ssl=1&resize=350%2C200","width":350,"height":200,"srcset":"https:\/\/i0.wp.com\/mouillere.com\/universconvergents\/wp-content\/uploads\/2015\/07\/4617357_3_b22e_sur-les-reseaux-sociaux-de-nombreux_62ff6ca6b01b759840f332412aece338.jpg?fit=534%2C267&ssl=1&resize=350%2C200 1x, https:\/\/i0.wp.com\/mouillere.com\/universconvergents\/wp-content\/uploads\/2015\/07\/4617357_3_b22e_sur-les-reseaux-sociaux-de-nombreux_62ff6ca6b01b759840f332412aece338.jpg?fit=534%2C267&ssl=1&resize=525%2C300 1.5x"},"classes":[]},{"id":1318,"url":"https:\/\/mouillere.com\/universconvergents\/2015\/10\/28\/surveillance-des-communications-electroniques-internationales\/","url_meta":{"origin":868,"position":4},"title":"Surveillance des communications \u00e9lectroniques internationales","author":"Fred","date":"28 octobre 2015","format":false,"excerpt":"Le S\u00e9nat a d\u00e9cid\u00e9 de rendre public l'avis rendu par le Conseil d'\u00c9tat sur un proposition de loi relative aux mesures de surveillance des communications \u00e9lectroniques internationales. Retrouvez ci-dessous l'analyse juridique que le Conseil d'\u00c9tat a faite du projet qui lui \u00e9tait soumis. http:\/\/www.conseil-etat.fr\/Decisions-Avis-Publications\/Avis\/Selection-des-avis-faisant-l-objet-d-une-communication-particuliere\/Surveillance-des-communications-electroniques-internationales","rel":"","context":"Dans &quot;Cybers\u00e9curit\u00e9&quot;","block_context":{"text":"Cybers\u00e9curit\u00e9","link":"https:\/\/mouillere.com\/universconvergents\/category\/it\/cybersecurite\/"},"img":{"alt_text":"","src":"https:\/\/i0.wp.com\/mouillere.com\/universconvergents\/wp-content\/uploads\/2015\/07\/4617357_3_b22e_sur-les-reseaux-sociaux-de-nombreux_62ff6ca6b01b759840f332412aece338.jpg?fit=534%2C267&ssl=1&resize=350%2C200","width":350,"height":200,"srcset":"https:\/\/i0.wp.com\/mouillere.com\/universconvergents\/wp-content\/uploads\/2015\/07\/4617357_3_b22e_sur-les-reseaux-sociaux-de-nombreux_62ff6ca6b01b759840f332412aece338.jpg?fit=534%2C267&ssl=1&resize=350%2C200 1x, https:\/\/i0.wp.com\/mouillere.com\/universconvergents\/wp-content\/uploads\/2015\/07\/4617357_3_b22e_sur-les-reseaux-sociaux-de-nombreux_62ff6ca6b01b759840f332412aece338.jpg?fit=534%2C267&ssl=1&resize=525%2C300 1.5x"},"classes":[]},{"id":2043,"url":"https:\/\/mouillere.com\/universconvergents\/2016\/07\/06\/une-proposition-de-loi-ps-vient-conforter-chauffeurs-vtc-et-taxis-contre-uber\/","url_meta":{"origin":868,"position":5},"title":"Une proposition de loi PS vient conforter chauffeurs VTC et taxis contre Uber","author":"Fred","date":"6 juillet 2016","format":false,"excerpt":"Le gouvernement soutient une proposition de loi examin\u00e9e ce mardi en commission du d\u00e9veloppement durable \u00e0 l'Assembl\u00e9e nationale, qui vise \u00e0 durcir l'acc\u00e8s des chauffeurs LOTI aux \u00ab plateformes VTC \u00bb comme Uber. http:\/\/www.numerama.com\/business\/180171-une-proposition-de-loi-ps-vient-conforter-chauffeurs-vtc-et-taxis-contre-uber.html http:\/\/www.assemblee-nationale.fr\/14\/pdf\/propositions\/pion3855.pdf \u00a0","rel":"","context":"Dans &quot;Marketing&amp;Communication&quot;","block_context":{"text":"Marketing&amp;Communication","link":"https:\/\/mouillere.com\/universconvergents\/category\/publicite-marketing-communication\/"},"img":{"alt_text":"","src":"https:\/\/i0.wp.com\/mouillere.com\/universconvergents\/wp-content\/uploads\/2016\/07\/9711257_orig.jpg?fit=770%2C381&ssl=1&resize=350%2C200","width":350,"height":200,"srcset":"https:\/\/i0.wp.com\/mouillere.com\/universconvergents\/wp-content\/uploads\/2016\/07\/9711257_orig.jpg?fit=770%2C381&ssl=1&resize=350%2C200 1x, https:\/\/i0.wp.com\/mouillere.com\/universconvergents\/wp-content\/uploads\/2016\/07\/9711257_orig.jpg?fit=770%2C381&ssl=1&resize=525%2C300 1.5x, https:\/\/i0.wp.com\/mouillere.com\/universconvergents\/wp-content\/uploads\/2016\/07\/9711257_orig.jpg?fit=770%2C381&ssl=1&resize=700%2C400 2x"},"classes":[]}],"_links":{"self":[{"href":"https:\/\/mouillere.com\/universconvergents\/wp-json\/wp\/v2\/posts\/868","targetHints":{"allow":["GET"]}}],"collection":[{"href":"https:\/\/mouillere.com\/universconvergents\/wp-json\/wp\/v2\/posts"}],"about":[{"href":"https:\/\/mouillere.com\/universconvergents\/wp-json\/wp\/v2\/types\/post"}],"author":[{"embeddable":true,"href":"https:\/\/mouillere.com\/universconvergents\/wp-json\/wp\/v2\/users\/1"}],"replies":[{"embeddable":true,"href":"https:\/\/mouillere.com\/universconvergents\/wp-json\/wp\/v2\/comments?post=868"}],"version-history":[{"count":1,"href":"https:\/\/mouillere.com\/universconvergents\/wp-json\/wp\/v2\/posts\/868\/revisions"}],"predecessor-version":[{"id":870,"href":"https:\/\/mouillere.com\/universconvergents\/wp-json\/wp\/v2\/posts\/868\/revisions\/870"}],"wp:featuredmedia":[{"embeddable":true,"href":"https:\/\/mouillere.com\/universconvergents\/wp-json\/wp\/v2\/media\/485"}],"wp:attachment":[{"href":"https:\/\/mouillere.com\/universconvergents\/wp-json\/wp\/v2\/media?parent=868"}],"wp:term":[{"taxonomy":"category","embeddable":true,"href":"https:\/\/mouillere.com\/universconvergents\/wp-json\/wp\/v2\/categories?post=868"},{"taxonomy":"post_tag","embeddable":true,"href":"https:\/\/mouillere.com\/universconvergents\/wp-json\/wp\/v2\/tags?post=868"}],"curies":[{"name":"wp","href":"https:\/\/api.w.org\/{rel}","templated":true}]}}