{"id":871,"date":"2015-09-10T11:56:47","date_gmt":"2015-09-10T10:56:47","guid":{"rendered":"http:\/\/mouillere.com\/universconvergents\/?p=871"},"modified":"2015-09-12T11:57:37","modified_gmt":"2015-09-12T10:57:37","slug":"e-vote-le-conseil-detat-rejette-le-recours-du-parti-pirate","status":"publish","type":"post","link":"https:\/\/mouillere.com\/universconvergents\/2015\/09\/10\/e-vote-le-conseil-detat-rejette-le-recours-du-parti-pirate\/","title":{"rendered":"E-vote : le Conseil d\u2019Etat rejette le recours du Parti pirate"},"content":{"rendered":"<p>Le Parti pirate estime que le vote \u00e9lectronique \u00e0 bulletin secret n\u2019est pas fiable et que les conditions de sinc\u00e9rit\u00e9 et de secret ne sont pas r\u00e9unies. Ce n\u2019est pas l\u2019avis du Conseil d\u2019Etat qui a rejet\u00e9 sa requ\u00eate d\u2019annulation pour exc\u00e8s de pouvoir de l\u2019arr\u00eat\u00e9 du 27 avril 2012 relatif au traitement de donn\u00e9es personnelles n\u00e9cessaire \u00e0 la mise en \u0153uvre du vote \u00e9lectronique pour l\u2019\u00e9lection des d\u00e9put\u00e9s par les Fran\u00e7ais \u00e9tablis \u00e0 l\u2019\u00e9tranger. (&#8230;)<br \/>\n<a href=\"http:\/\/www.legalis.net\/spip.php?page=breves-article&amp;id_article=4710\" target=\"_blank\">http:\/\/www.legalis.net\/spip.php?page=breves-article&amp;id_article=4710<\/a><\/p>\n","protected":false},"excerpt":{"rendered":"<p>Le Parti pirate estime que le vote \u00e9lectronique \u00e0 bulletin secret n\u2019est pas fiable et que les conditions de sinc\u00e9rit\u00e9 et de secret ne sont pas r\u00e9unies. Ce n\u2019est pas&hellip; <\/p>\n","protected":false},"author":1,"featured_media":872,"comment_status":"open","ping_status":"open","sticky":false,"template":"","format":"standard","meta":{"_jetpack_memberships_contains_paid_content":false,"footnotes":"","jetpack_publicize_message":"","jetpack_publicize_feature_enabled":true,"jetpack_social_post_already_shared":true,"jetpack_social_options":{"image_generator_settings":{"template":"highway","default_image_id":0,"font":"","enabled":false},"version":2}},"categories":[16],"tags":[],"class_list":["post-871","post","type-post","status-publish","format-standard","has-post-thumbnail","hentry","category-donnees-personnelles"],"jetpack_publicize_connections":[],"jetpack_featured_media_url":"https:\/\/i0.wp.com\/mouillere.com\/universconvergents\/wp-content\/uploads\/2015\/09\/e-voting.jpg?fit=600%2C400&ssl=1","jetpack_sharing_enabled":true,"jetpack_shortlink":"https:\/\/wp.me\/p6jw1p-e3","jetpack-related-posts":[{"id":1318,"url":"https:\/\/mouillere.com\/universconvergents\/2015\/10\/28\/surveillance-des-communications-electroniques-internationales\/","url_meta":{"origin":871,"position":0},"title":"Surveillance des communications \u00e9lectroniques internationales","author":"Fred","date":"28 octobre 2015","format":false,"excerpt":"Le S\u00e9nat a d\u00e9cid\u00e9 de rendre public l'avis rendu par le Conseil d'\u00c9tat sur un proposition de loi relative aux mesures de surveillance des communications \u00e9lectroniques internationales. Retrouvez ci-dessous l'analyse juridique que le Conseil d'\u00c9tat a faite du projet qui lui \u00e9tait soumis. http:\/\/www.conseil-etat.fr\/Decisions-Avis-Publications\/Avis\/Selection-des-avis-faisant-l-objet-d-une-communication-particuliere\/Surveillance-des-communications-electroniques-internationales","rel":"","context":"Dans &quot;Cybers\u00e9curit\u00e9&quot;","block_context":{"text":"Cybers\u00e9curit\u00e9","link":"https:\/\/mouillere.com\/universconvergents\/category\/it\/cybersecurite\/"},"img":{"alt_text":"","src":"https:\/\/i0.wp.com\/mouillere.com\/universconvergents\/wp-content\/uploads\/2015\/07\/4617357_3_b22e_sur-les-reseaux-sociaux-de-nombreux_62ff6ca6b01b759840f332412aece338.jpg?fit=534%2C267&ssl=1&resize=350%2C200","width":350,"height":200,"srcset":"https:\/\/i0.wp.com\/mouillere.com\/universconvergents\/wp-content\/uploads\/2015\/07\/4617357_3_b22e_sur-les-reseaux-sociaux-de-nombreux_62ff6ca6b01b759840f332412aece338.jpg?fit=534%2C267&ssl=1&resize=350%2C200 1x, https:\/\/i0.wp.com\/mouillere.com\/universconvergents\/wp-content\/uploads\/2015\/07\/4617357_3_b22e_sur-les-reseaux-sociaux-de-nombreux_62ff6ca6b01b759840f332412aece338.jpg?fit=534%2C267&ssl=1&resize=525%2C300 1.5x"},"classes":[]},{"id":50,"url":"https:\/\/mouillere.com\/universconvergents\/2015\/06\/09\/les-pirates-de-larmee-electronique-syrienne-ont-attaque-un-site-de-lus-army\/","url_meta":{"origin":871,"position":1},"title":"Les pirates de l&#8217;Arm\u00e9e \u00e9lectronique syrienne ont attaqu\u00e9 un site de l&#8217;US Army","author":"Fred","date":"9 juin 2015","format":false,"excerpt":"Ayant constat\u00e9 que son site grand public avait \u00e9t\u00e9 compromis, l'arm\u00e9e am\u00e9ricaine a pr\u00e9f\u00e9r\u00e9 en fermer l'acc\u00e8s. Ce n'est pas la premi\u00e8re attaque des pirates pro Bachar Al-Assad. http:\/\/www.01net.com\/editorial\/657061\/les-pirates-de-larmee-electronique-syrienne-ont-attaques-un-site-de-lus-army\/","rel":"","context":"Dans &quot;Cybers\u00e9curit\u00e9&quot;","block_context":{"text":"Cybers\u00e9curit\u00e9","link":"https:\/\/mouillere.com\/universconvergents\/category\/it\/cybersecurite\/"},"img":{"alt_text":"","src":"https:\/\/i0.wp.com\/mouillere.com\/universconvergents\/wp-content\/uploads\/2015\/06\/1123106.jpg?fit=598%2C398&ssl=1&resize=350%2C200","width":350,"height":200,"srcset":"https:\/\/i0.wp.com\/mouillere.com\/universconvergents\/wp-content\/uploads\/2015\/06\/1123106.jpg?fit=598%2C398&ssl=1&resize=350%2C200 1x, https:\/\/i0.wp.com\/mouillere.com\/universconvergents\/wp-content\/uploads\/2015\/06\/1123106.jpg?fit=598%2C398&ssl=1&resize=525%2C300 1.5x"},"classes":[]},{"id":1838,"url":"https:\/\/mouillere.com\/universconvergents\/2016\/02\/15\/le-conseil-detat-valide-le-blocage-sans-juge-de-sites-internet\/","url_meta":{"origin":871,"position":2},"title":"Le Conseil d\u2019\u00c9tat valide le blocage sans juge de sites Internet","author":"Fred","date":"15 f\u00e9vrier 2016","format":false,"excerpt":"Le Conseil d'\u00c9tat a rejet\u00e9 lundi deux recours exerc\u00e9s contre la proc\u00e9dure qui permet au minist\u00e8re de l'Int\u00e9rieur d'ordonner le blocage et le d\u00e9r\u00e9f\u00e9rencement de sites internet sans que leur ill\u00e9galit\u00e9 soit confirm\u00e9e par un juge. L'affaire ira devant la Cour europ\u00e9enne des droits de l'homme. http:\/\/www.numerama.com\/politique\/145766-le-conseil-detat-valide-le-blocage-sans-juge-de-sites-internet.html","rel":"","context":"Dans &quot;Cybers\u00e9curit\u00e9&quot;","block_context":{"text":"Cybers\u00e9curit\u00e9","link":"https:\/\/mouillere.com\/universconvergents\/category\/it\/cybersecurite\/"},"img":{"alt_text":"","src":"https:\/\/i0.wp.com\/mouillere.com\/universconvergents\/wp-content\/uploads\/2015\/07\/4617357_3_b22e_sur-les-reseaux-sociaux-de-nombreux_62ff6ca6b01b759840f332412aece338.jpg?fit=534%2C267&ssl=1&resize=350%2C200","width":350,"height":200,"srcset":"https:\/\/i0.wp.com\/mouillere.com\/universconvergents\/wp-content\/uploads\/2015\/07\/4617357_3_b22e_sur-les-reseaux-sociaux-de-nombreux_62ff6ca6b01b759840f332412aece338.jpg?fit=534%2C267&ssl=1&resize=350%2C200 1x, https:\/\/i0.wp.com\/mouillere.com\/universconvergents\/wp-content\/uploads\/2015\/07\/4617357_3_b22e_sur-les-reseaux-sociaux-de-nombreux_62ff6ca6b01b759840f332412aece338.jpg?fit=534%2C267&ssl=1&resize=525%2C300 1.5x"},"classes":[]},{"id":1015,"url":"https:\/\/mouillere.com\/universconvergents\/2015\/09\/23\/donnees-personnelles-la-cjue-doit-se-prononcer-sur-la-validite-du-safe-harbor\/","url_meta":{"origin":871,"position":3},"title":"Donn\u00e9es personnelles : la CJUE doit se prononcer sur la validit\u00e9 du \u00ab Safe Harbor \u00bb","author":"Fred","date":"23 septembre 2015","format":false,"excerpt":"Les autorit\u00e9s nationales peuvent-elles suspendre le transfert des donn\u00e9es des abonn\u00e9s europ\u00e9ens de Facebook vers les \u00c9tats-Unis ? La CJUE se prononcera le 6 octobre. Ainsi qu\u2019il est rappel\u00e9 la directive sur le traitement des donn\u00e9es \u00e0 caract\u00e8re personnel dispose que le transfert de telles donn\u00e9es vers un pays tiers\u2026","rel":"","context":"Dans &quot;Cybers\u00e9curit\u00e9&quot;","block_context":{"text":"Cybers\u00e9curit\u00e9","link":"https:\/\/mouillere.com\/universconvergents\/category\/it\/cybersecurite\/"},"img":{"alt_text":"","src":"https:\/\/i0.wp.com\/mouillere.com\/universconvergents\/wp-content\/uploads\/2015\/07\/4617357_3_b22e_sur-les-reseaux-sociaux-de-nombreux_62ff6ca6b01b759840f332412aece338.jpg?fit=534%2C267&ssl=1&resize=350%2C200","width":350,"height":200,"srcset":"https:\/\/i0.wp.com\/mouillere.com\/universconvergents\/wp-content\/uploads\/2015\/07\/4617357_3_b22e_sur-les-reseaux-sociaux-de-nombreux_62ff6ca6b01b759840f332412aece338.jpg?fit=534%2C267&ssl=1&resize=350%2C200 1x, https:\/\/i0.wp.com\/mouillere.com\/universconvergents\/wp-content\/uploads\/2015\/07\/4617357_3_b22e_sur-les-reseaux-sociaux-de-nombreux_62ff6ca6b01b759840f332412aece338.jpg?fit=534%2C267&ssl=1&resize=525%2C300 1.5x"},"classes":[]},{"id":3146,"url":"https:\/\/mouillere.com\/universconvergents\/2024\/08\/13\/03-avocat-le-secret-professionnel\/","url_meta":{"origin":871,"position":4},"title":"03 &#8211; Avocat &#8211; Le secret professionnel","author":"Fred","date":"13 ao\u00fbt 2024","format":false,"excerpt":"Deux principes essentiels dominent l'exercice de la profession d'avocat : l'ind\u00e9pendance qui en est l'\u00e2me et le secret professionnel qui en est le c\u0153ur. Indissociable de son ind\u00e9pendance, le secret professionnel est consubstantiel \u00e0 la profession d\u2019avocat mais n'est pas un bouclier destin\u00e9 \u00e0 le prot\u00e9ger et fait de lui\u2026","rel":"","context":"Dans &quot;Avocat&quot;","block_context":{"text":"Avocat","link":"https:\/\/mouillere.com\/universconvergents\/category\/avocat\/"},"img":{"alt_text":"","src":"https:\/\/i0.wp.com\/mouillere.com\/universconvergents\/wp-content\/uploads\/2024\/08\/03-Avocat-Le-secret-professionnel.001.jpeg?fit=1200%2C675&ssl=1&resize=350%2C200","width":350,"height":200,"srcset":"https:\/\/i0.wp.com\/mouillere.com\/universconvergents\/wp-content\/uploads\/2024\/08\/03-Avocat-Le-secret-professionnel.001.jpeg?fit=1200%2C675&ssl=1&resize=350%2C200 1x, https:\/\/i0.wp.com\/mouillere.com\/universconvergents\/wp-content\/uploads\/2024\/08\/03-Avocat-Le-secret-professionnel.001.jpeg?fit=1200%2C675&ssl=1&resize=525%2C300 1.5x, https:\/\/i0.wp.com\/mouillere.com\/universconvergents\/wp-content\/uploads\/2024\/08\/03-Avocat-Le-secret-professionnel.001.jpeg?fit=1200%2C675&ssl=1&resize=700%2C400 2x, https:\/\/i0.wp.com\/mouillere.com\/universconvergents\/wp-content\/uploads\/2024\/08\/03-Avocat-Le-secret-professionnel.001.jpeg?fit=1200%2C675&ssl=1&resize=1050%2C600 3x"},"classes":[]},{"id":5923,"url":"https:\/\/mouillere.com\/universconvergents\/2024\/03\/31\/hebergement-des-donnees-de-sante-par-microsoft\/","url_meta":{"origin":871,"position":5},"title":"H\u00e9bergement des donn\u00e9es de sant\u00e9 par Microsoft","author":"Fred","date":"31 mars 2024","format":false,"excerpt":"Le juge des r\u00e9f\u00e9r\u00e9s du Conseil d\u2019Etat a rejet\u00e9 la demande de suspension de la d\u00e9lib\u00e9ration de la CNIL qui autorise la constitution d'un entrep\u00f4t de donn\u00e9es de sant\u00e9 h\u00e9berg\u00e9 par Microsoft dans le cadre de la Plateforme des donn\u00e9es de sant\u00e9 (PDS). Contrairement \u00e0 ce que certains pr\u00e9tendent pour\u2026","rel":"","context":"Dans &quot;Donn\u00e9es personnelles&quot;","block_context":{"text":"Donn\u00e9es personnelles","link":"https:\/\/mouillere.com\/universconvergents\/category\/it\/donnees-personnelles\/"},"img":{"alt_text":"","src":"https:\/\/i0.wp.com\/mouillere.com\/universconvergents\/wp-content\/uploads\/2024\/03\/PDS.png?fit=848%2C594&ssl=1&resize=350%2C200","width":350,"height":200,"srcset":"https:\/\/i0.wp.com\/mouillere.com\/universconvergents\/wp-content\/uploads\/2024\/03\/PDS.png?fit=848%2C594&ssl=1&resize=350%2C200 1x, https:\/\/i0.wp.com\/mouillere.com\/universconvergents\/wp-content\/uploads\/2024\/03\/PDS.png?fit=848%2C594&ssl=1&resize=525%2C300 1.5x, https:\/\/i0.wp.com\/mouillere.com\/universconvergents\/wp-content\/uploads\/2024\/03\/PDS.png?fit=848%2C594&ssl=1&resize=700%2C400 2x"},"classes":[]}],"_links":{"self":[{"href":"https:\/\/mouillere.com\/universconvergents\/wp-json\/wp\/v2\/posts\/871","targetHints":{"allow":["GET"]}}],"collection":[{"href":"https:\/\/mouillere.com\/universconvergents\/wp-json\/wp\/v2\/posts"}],"about":[{"href":"https:\/\/mouillere.com\/universconvergents\/wp-json\/wp\/v2\/types\/post"}],"author":[{"embeddable":true,"href":"https:\/\/mouillere.com\/universconvergents\/wp-json\/wp\/v2\/users\/1"}],"replies":[{"embeddable":true,"href":"https:\/\/mouillere.com\/universconvergents\/wp-json\/wp\/v2\/comments?post=871"}],"version-history":[{"count":1,"href":"https:\/\/mouillere.com\/universconvergents\/wp-json\/wp\/v2\/posts\/871\/revisions"}],"predecessor-version":[{"id":873,"href":"https:\/\/mouillere.com\/universconvergents\/wp-json\/wp\/v2\/posts\/871\/revisions\/873"}],"wp:featuredmedia":[{"embeddable":true,"href":"https:\/\/mouillere.com\/universconvergents\/wp-json\/wp\/v2\/media\/872"}],"wp:attachment":[{"href":"https:\/\/mouillere.com\/universconvergents\/wp-json\/wp\/v2\/media?parent=871"}],"wp:term":[{"taxonomy":"category","embeddable":true,"href":"https:\/\/mouillere.com\/universconvergents\/wp-json\/wp\/v2\/categories?post=871"},{"taxonomy":"post_tag","embeddable":true,"href":"https:\/\/mouillere.com\/universconvergents\/wp-json\/wp\/v2\/tags?post=871"}],"curies":[{"name":"wp","href":"https:\/\/api.w.org\/{rel}","templated":true}]}}