{"id":877,"date":"2015-09-10T12:15:46","date_gmt":"2015-09-10T11:15:46","guid":{"rendered":"http:\/\/mouillere.com\/universconvergents\/?p=877"},"modified":"2015-09-12T12:16:37","modified_gmt":"2015-09-12T11:16:37","slug":"apple-unveils-revamped-apple-tv-box","status":"publish","type":"post","link":"https:\/\/mouillere.com\/universconvergents\/2015\/09\/10\/apple-unveils-revamped-apple-tv-box\/","title":{"rendered":"Apple unveils revamped Apple TV box"},"content":{"rendered":"<p>Apple has unveiled its next generation Apple TV device, claiming that the new device was built from ground up and that \u201capps represent the future of TV.<br \/>\n<a href=\"http:\/\/www.digitaltveurope.net\/425541\/apple-unveils-revamped-apple-tv-box\/\" target=\"_blank\">http:\/\/www.digitaltveurope.net\/425541\/apple-unveils-revamped-apple-tv-box\/<\/a><\/p>\n","protected":false},"excerpt":{"rendered":"<p>Apple has unveiled its next generation Apple TV device, claiming that the new device was built from ground up and that \u201capps represent the future of TV. http:\/\/www.digitaltveurope.net\/425541\/apple-unveils-revamped-apple-tv-box\/<\/p>\n","protected":false},"author":1,"featured_media":866,"comment_status":"open","ping_status":"open","sticky":false,"template":"","format":"standard","meta":{"_jetpack_memberships_contains_paid_content":false,"footnotes":"","jetpack_publicize_message":"","jetpack_publicize_feature_enabled":true,"jetpack_social_post_already_shared":true,"jetpack_social_options":{"image_generator_settings":{"template":"highway","default_image_id":0,"font":"","enabled":false},"version":2}},"categories":[10],"tags":[5],"class_list":["post-877","post","type-post","status-publish","format-standard","has-post-thumbnail","hentry","category-audiovisuel","tag-ott"],"jetpack_publicize_connections":[],"jetpack_featured_media_url":"https:\/\/i0.wp.com\/mouillere.com\/universconvergents\/wp-content\/uploads\/2015\/09\/Capture-d%E2%80%99%C3%A9cran-2015-09-12-%C3%A0-12.22.40.jpg?fit=2862%2C1538&ssl=1","jetpack_sharing_enabled":true,"jetpack_shortlink":"https:\/\/wp.me\/p6jw1p-e9","jetpack-related-posts":[{"id":556,"url":"https:\/\/mouillere.com\/universconvergents\/2015\/07\/15\/apple-nears-deal-with-networks-on-live-tv-service\/","url_meta":{"origin":877,"position":0},"title":"Apple nears deal with networks on live TV service","author":"Fred","date":"15 juillet 2015","format":false,"excerpt":"Apple is close to completing negotiations with the US's main networks on launching its own TV service, the New York Post said. \u201cThe platform is ready and it rocks,\u201d one source told the paper. Apple\u2019s discussions with ABC, CBS, NBC and Fox initially foundered over the company's desire to offer\u2026","rel":"","context":"Dans &quot;Audiovisuel&quot;","block_context":{"text":"Audiovisuel","link":"https:\/\/mouillere.com\/universconvergents\/category\/ip\/audiovisuel\/"},"img":{"alt_text":"","src":"https:\/\/i0.wp.com\/mouillere.com\/universconvergents\/wp-content\/uploads\/2015\/07\/13568-8469-13115-7540-13082-7489-11760-4924-overview_whatis_hero_2x-l-l-l-l.jpg?fit=660%2C453&ssl=1&resize=350%2C200","width":350,"height":200,"srcset":"https:\/\/i0.wp.com\/mouillere.com\/universconvergents\/wp-content\/uploads\/2015\/07\/13568-8469-13115-7540-13082-7489-11760-4924-overview_whatis_hero_2x-l-l-l-l.jpg?fit=660%2C453&ssl=1&resize=350%2C200 1x, https:\/\/i0.wp.com\/mouillere.com\/universconvergents\/wp-content\/uploads\/2015\/07\/13568-8469-13115-7540-13082-7489-11760-4924-overview_whatis_hero_2x-l-l-l-l.jpg?fit=660%2C453&ssl=1&resize=525%2C300 1.5x"},"classes":[]},{"id":418,"url":"https:\/\/mouillere.com\/universconvergents\/2015\/07\/15\/apple-sa-plate-forme-de-television-en-ligne-est-prete-et-dechire\/","url_meta":{"origin":877,"position":1},"title":"Apple : sa plate-forme de t\u00e9l\u00e9vision en ligne \u00ab est pr\u00eate et d\u00e9chire \u00bb\u2026","author":"Fred","date":"15 juillet 2015","format":false,"excerpt":"Le service de TV en ligne en cours de d\u00e9veloppement et de n\u00e9gociation du g\u00e9ant de Cupertino prendrait forme. Les \u00e9quipes de Tim Cook auraient trouv\u00e9 un moyen de simplifier l\u2019acquisition des droits de diffusion. http:\/\/www.01net.com\/editorial\/660286\/apple-sa-plate-forme-de-television-en-ligne-est-prete-et-dechire\/","rel":"","context":"Dans &quot;Audiovisuel&quot;","block_context":{"text":"Audiovisuel","link":"https:\/\/mouillere.com\/universconvergents\/category\/ip\/audiovisuel\/"},"img":{"alt_text":"","src":"https:\/\/i0.wp.com\/mouillere.com\/universconvergents\/wp-content\/uploads\/2015\/07\/1147130.jpg?fit=599%2C412&ssl=1&resize=350%2C200","width":350,"height":200,"srcset":"https:\/\/i0.wp.com\/mouillere.com\/universconvergents\/wp-content\/uploads\/2015\/07\/1147130.jpg?fit=599%2C412&ssl=1&resize=350%2C200 1x, https:\/\/i0.wp.com\/mouillere.com\/universconvergents\/wp-content\/uploads\/2015\/07\/1147130.jpg?fit=599%2C412&ssl=1&resize=525%2C300 1.5x"},"classes":[]},{"id":865,"url":"https:\/\/mouillere.com\/universconvergents\/2015\/09\/11\/discovery-would-love-to-be-on-apple-platform-says-international-chief\/","url_meta":{"origin":877,"position":2},"title":"Discovery \u201cwould love\u201d to be on Apple platform, says international chief","author":"Fred","date":"11 septembre 2015","format":false,"excerpt":"Discovery is increasingly open to all forms of distribution including direct-to-consumer and would be keen to join Apple\u2019s OTT TV service, according to JB Perrette, president, Discovery Networks International. http:\/\/www.digitaltveurope.net\/426341\/discovery-would-love-to-be-on-apple-platform-says-international-chief\/","rel":"","context":"Dans &quot;Audiovisuel&quot;","block_context":{"text":"Audiovisuel","link":"https:\/\/mouillere.com\/universconvergents\/category\/ip\/audiovisuel\/"},"img":{"alt_text":"","src":"https:\/\/i0.wp.com\/mouillere.com\/universconvergents\/wp-content\/uploads\/2015\/09\/Capture-d%E2%80%99%C3%A9cran-2015-09-12-%C3%A0-12.22.40.jpg?fit=1200%2C645&ssl=1&resize=350%2C200","width":350,"height":200,"srcset":"https:\/\/i0.wp.com\/mouillere.com\/universconvergents\/wp-content\/uploads\/2015\/09\/Capture-d%E2%80%99%C3%A9cran-2015-09-12-%C3%A0-12.22.40.jpg?fit=1200%2C645&ssl=1&resize=350%2C200 1x, https:\/\/i0.wp.com\/mouillere.com\/universconvergents\/wp-content\/uploads\/2015\/09\/Capture-d%E2%80%99%C3%A9cran-2015-09-12-%C3%A0-12.22.40.jpg?fit=1200%2C645&ssl=1&resize=525%2C300 1.5x, https:\/\/i0.wp.com\/mouillere.com\/universconvergents\/wp-content\/uploads\/2015\/09\/Capture-d%E2%80%99%C3%A9cran-2015-09-12-%C3%A0-12.22.40.jpg?fit=1200%2C645&ssl=1&resize=700%2C400 2x, https:\/\/i0.wp.com\/mouillere.com\/universconvergents\/wp-content\/uploads\/2015\/09\/Capture-d%E2%80%99%C3%A9cran-2015-09-12-%C3%A0-12.22.40.jpg?fit=1200%2C645&ssl=1&resize=1050%2C600 3x"},"classes":[]},{"id":320,"url":"https:\/\/mouillere.com\/universconvergents\/2015\/07\/17\/alternative-platforms-to-eclipse-cable-and-satellite\/","url_meta":{"origin":877,"position":3},"title":"Alternative platforms to eclipse cable and satellite","author":"Fred","date":"17 juillet 2015","format":false,"excerpt":"Americans are eschewing cable and satellite service in favour of a variety of \u2018Over The Top\u2019 video options according to a new survey that shows nearly half of consumers already using streaming video service such as Netflix, Apple TV, Amazon Prime and Hulu. The Zogby Analytics survey commissioned by CALinnovates,\u2026","rel":"","context":"Dans &quot;Audiovisuel&quot;","block_context":{"text":"Audiovisuel","link":"https:\/\/mouillere.com\/universconvergents\/category\/ip\/audiovisuel\/"},"img":{"alt_text":"","src":"https:\/\/i0.wp.com\/mouillere.com\/universconvergents\/wp-content\/uploads\/2015\/07\/OTT-Video.png?fit=1199%2C900&ssl=1&resize=350%2C200","width":350,"height":200,"srcset":"https:\/\/i0.wp.com\/mouillere.com\/universconvergents\/wp-content\/uploads\/2015\/07\/OTT-Video.png?fit=1199%2C900&ssl=1&resize=350%2C200 1x, https:\/\/i0.wp.com\/mouillere.com\/universconvergents\/wp-content\/uploads\/2015\/07\/OTT-Video.png?fit=1199%2C900&ssl=1&resize=525%2C300 1.5x, https:\/\/i0.wp.com\/mouillere.com\/universconvergents\/wp-content\/uploads\/2015\/07\/OTT-Video.png?fit=1199%2C900&ssl=1&resize=700%2C400 2x, https:\/\/i0.wp.com\/mouillere.com\/universconvergents\/wp-content\/uploads\/2015\/07\/OTT-Video.png?fit=1199%2C900&ssl=1&resize=1050%2C600 3x"},"classes":[]},{"id":325,"url":"https:\/\/mouillere.com\/universconvergents\/2015\/07\/16\/everything-to-know-about-the-ftcs-antitrust-review-of-apples-music-business\/","url_meta":{"origin":877,"position":4},"title":"Everything to know about the FTC\u2019s antitrust review of Apple\u2019s music business","author":"Fred","date":"16 juillet 2015","format":false,"excerpt":"The Federal Trade Commission has launched an antitrust review into Apple\u2019s treatment of competing music-streaming apps that are sold through its iTunes App Store, according to three people with direct knowledge of the matter. And while this probe specifically relates to the market for music streaming, the implications may be\u2026","rel":"","context":"Dans &quot;Propri\u00e9t\u00e9 litt\u00e9raire et artistique&quot;","block_context":{"text":"Propri\u00e9t\u00e9 litt\u00e9raire et artistique","link":"https:\/\/mouillere.com\/universconvergents\/category\/ip\/propriete-litteraire-et-artistique\/"},"img":{"alt_text":"","src":"https:\/\/i0.wp.com\/mouillere.com\/universconvergents\/wp-content\/uploads\/2015\/07\/BN-IU775_APPLE__G_20150608151441.jpg?fit=969%2C585&ssl=1&resize=350%2C200","width":350,"height":200,"srcset":"https:\/\/i0.wp.com\/mouillere.com\/universconvergents\/wp-content\/uploads\/2015\/07\/BN-IU775_APPLE__G_20150608151441.jpg?fit=969%2C585&ssl=1&resize=350%2C200 1x, https:\/\/i0.wp.com\/mouillere.com\/universconvergents\/wp-content\/uploads\/2015\/07\/BN-IU775_APPLE__G_20150608151441.jpg?fit=969%2C585&ssl=1&resize=525%2C300 1.5x, https:\/\/i0.wp.com\/mouillere.com\/universconvergents\/wp-content\/uploads\/2015\/07\/BN-IU775_APPLE__G_20150608151441.jpg?fit=969%2C585&ssl=1&resize=700%2C400 2x"},"classes":[]},{"id":4872,"url":"https:\/\/mouillere.com\/universconvergents\/2021\/03\/17\/abus-de-position-dominante-dapple-qui-peut-encore-en-douter\/","url_meta":{"origin":877,"position":5},"title":"Abus de position dominante d&#8217;Apple : qui peut encore en douter ?","author":"Fred","date":"17 mars 2021","format":false,"excerpt":"La Commission europ\u00e9enne a enfin ouvert des enqu\u00eates formelles en mati\u00e8re de pratiques anticoncurrentielles concernant la distribution d'applications via l'App Store et l'utilisation obligatoire du syst\u00e8me d'achat int\u00e9gr\u00e9. \"Les applications mobiles ont fondamentalement chang\u00e9 la fa\u00e7on dont nous acc\u00e9dons au contenu. C'est Apple qui fixe les r\u00e8gles applicables \u00e0 la\u2026","rel":"","context":"Dans &quot;IT&quot;","block_context":{"text":"IT","link":"https:\/\/mouillere.com\/universconvergents\/category\/it\/"},"img":{"alt_text":"","src":"https:\/\/i0.wp.com\/mouillere.com\/universconvergents\/wp-content\/uploads\/2020\/12\/drapeau-union-europe%CC%81enne_2.jpg?fit=1000%2C682&ssl=1&resize=350%2C200","width":350,"height":200,"srcset":"https:\/\/i0.wp.com\/mouillere.com\/universconvergents\/wp-content\/uploads\/2020\/12\/drapeau-union-europe%CC%81enne_2.jpg?fit=1000%2C682&ssl=1&resize=350%2C200 1x, https:\/\/i0.wp.com\/mouillere.com\/universconvergents\/wp-content\/uploads\/2020\/12\/drapeau-union-europe%CC%81enne_2.jpg?fit=1000%2C682&ssl=1&resize=525%2C300 1.5x, https:\/\/i0.wp.com\/mouillere.com\/universconvergents\/wp-content\/uploads\/2020\/12\/drapeau-union-europe%CC%81enne_2.jpg?fit=1000%2C682&ssl=1&resize=700%2C400 2x"},"classes":[]}],"_links":{"self":[{"href":"https:\/\/mouillere.com\/universconvergents\/wp-json\/wp\/v2\/posts\/877","targetHints":{"allow":["GET"]}}],"collection":[{"href":"https:\/\/mouillere.com\/universconvergents\/wp-json\/wp\/v2\/posts"}],"about":[{"href":"https:\/\/mouillere.com\/universconvergents\/wp-json\/wp\/v2\/types\/post"}],"author":[{"embeddable":true,"href":"https:\/\/mouillere.com\/universconvergents\/wp-json\/wp\/v2\/users\/1"}],"replies":[{"embeddable":true,"href":"https:\/\/mouillere.com\/universconvergents\/wp-json\/wp\/v2\/comments?post=877"}],"version-history":[{"count":1,"href":"https:\/\/mouillere.com\/universconvergents\/wp-json\/wp\/v2\/posts\/877\/revisions"}],"predecessor-version":[{"id":878,"href":"https:\/\/mouillere.com\/universconvergents\/wp-json\/wp\/v2\/posts\/877\/revisions\/878"}],"wp:featuredmedia":[{"embeddable":true,"href":"https:\/\/mouillere.com\/universconvergents\/wp-json\/wp\/v2\/media\/866"}],"wp:attachment":[{"href":"https:\/\/mouillere.com\/universconvergents\/wp-json\/wp\/v2\/media?parent=877"}],"wp:term":[{"taxonomy":"category","embeddable":true,"href":"https:\/\/mouillere.com\/universconvergents\/wp-json\/wp\/v2\/categories?post=877"},{"taxonomy":"post_tag","embeddable":true,"href":"https:\/\/mouillere.com\/universconvergents\/wp-json\/wp\/v2\/tags?post=877"}],"curies":[{"name":"wp","href":"https:\/\/api.w.org\/{rel}","templated":true}]}}