{"id":940,"date":"2012-01-25T13:10:47","date_gmt":"2012-01-25T12:10:47","guid":{"rendered":"http:\/\/mouillere.com\/universconvergents\/?p=940"},"modified":"2015-09-22T13:18:14","modified_gmt":"2015-09-22T12:18:14","slug":"proposition-de-reglement-du-parlement-europeen-et-du-conseil-relatif-a-la-protection-des-personnes-physiques-a-legard-du-traitement-des-donnees-a-caractere-personnel-et-a-la-libre-circulation","status":"publish","type":"post","link":"https:\/\/mouillere.com\/universconvergents\/2012\/01\/25\/proposition-de-reglement-du-parlement-europeen-et-du-conseil-relatif-a-la-protection-des-personnes-physiques-a-legard-du-traitement-des-donnees-a-caractere-personnel-et-a-la-libre-circulation\/","title":{"rendered":"Proposition de r\u00e8glement du Parlement europ\u00e9en et du Conseil relatif \u00e0 la protection des personnes physiques \u00e0 l\u2019\u00e9gard du traitement des donn\u00e9es \u00e0 caract\u00e8re personnel et \u00e0 la libre circulation de ces donn\u00e9es"},"content":{"rendered":"<div class=\"page\" title=\"Page 1\">\n<div class=\"section\">\n<div class=\"layoutArea\">\n<div class=\"column\">\n<p>La pi\u00e8ce ma\u00eetresse de la l\u00e9gislation de l\u2019UE en mati\u00e8re de protection des donn\u00e9es \u00e0 caract\u00e8re personnel, \u00e0 savoir la directive 95\/46\/CE3, avait \u00e9t\u00e9 adopt\u00e9e en 1995 avec deux objectifs \u00e0 l&#8217;esprit: prot\u00e9ger le droit fondamental \u00e0 la protection des donn\u00e9es et garantir la libre circulation des donn\u00e9es \u00e0 caract\u00e8re personnel entre les \u00c9tats membres. Elle a \u00e9t\u00e9 compl\u00e9t\u00e9e par la d\u00e9cision-cadre 2008\/977\/JAI destin\u00e9e, \u00e0 titre d&#8217;instrument g\u00e9n\u00e9ral, au niveau de l&#8217;Union, \u00e0 prot\u00e9ger les donn\u00e9es \u00e0 caract\u00e8re personnel dans les domaines de la coop\u00e9ration polici\u00e8re et de la coop\u00e9ration judiciaire en mati\u00e8re p\u00e9nale.<\/p>\n<p>La rapide \u00e9volution des technologies a cr\u00e9\u00e9 de nouveaux enjeux pour la protection des donn\u00e9es \u00e0 caract\u00e8re personnel. Le partage et la collecte de donn\u00e9es ont connu une augmentation spectaculaire. Les nouvelles technologies permettent tant aux entreprises priv\u00e9es qu\u2019aux pouvoirs publics d\u2019utiliser les donn\u00e9es \u00e0 caract\u00e8re personnel comme jamais auparavant dans le cadre de leurs activit\u00e9s. De plus en plus de personnes physiques rendent des informations les concernant accessibles \u00e0 tout un chacun, o\u00f9 qu\u2019il se trouve dans le monde. Les nouvelles technologies ont ainsi transform\u00e9 l\u2019\u00e9conomie et les rapports sociaux.<\/p>\n<p>Or l\u2019instauration d\u2019un climat de confiance dans l\u2019environnement en ligne est essentielle au d\u00e9veloppement \u00e9conomique. S\u2019ils n\u2019ont pas totalement confiance, les consommateurs h\u00e9siteront \u00e0 faire des achats en ligne et \u00e0 recourir \u00e0 de nouveaux services. Cela risque de\u00a0ralentir l\u2019innovation dans l\u2019utilisation des nouvelles technologies. La protection des donn\u00e9es \u00e0 caract\u00e8re personnel joue donc un r\u00f4le crucial dans la strat\u00e9gie num\u00e9rique pour l&#8217;Europe et, plus g\u00e9n\u00e9ralement, dans la strat\u00e9gie Europe 2020.<\/p>\n<p>S\u2019il demeure satisfaisant en ce qui concerne ses objectifs et ses principes, le cadre juridique actuel n&#8217;a cependant pas permis d\u2019\u00e9viter une fragmentation de la mise en \u0153uvre de la protection des donn\u00e9es \u00e0 caract\u00e8re personnel dans l&#8217;Union, une ins\u00e9curit\u00e9 juridique et le sentiment, largement r\u00e9pandu dans le public, que des risques importants subsistent, notamment dans l\u2019environnement en ligne. C&#8217;est pourquoi il est temps de doter l\u2019Union d\u2019un cadre juridique plus solide et plus coh\u00e9rent en mati\u00e8re de protection des donn\u00e9es, assorti d\u2019une application rigoureuse des r\u00e8gles, afin de permettre \u00e0 l&#8217;\u00e9conomie num\u00e9rique de se d\u00e9velopper sur tout le march\u00e9 int\u00e9rieur et aux personnes physiques de ma\u00eetriser l\u2019utilisation qui est faite des donn\u00e9es les concernant, et de renforcer la s\u00e9curit\u00e9 juridique et pratique pour les op\u00e9rateurs \u00e9conomiques et les pouvoirs publics.<\/p>\n<\/div>\n<div class=\"column\">\n<p><a href=\"http:\/\/www.assemblee-nationale.fr\/europe\/pdf\/doc_e\/e7055.pdf\" target=\"_blank\">http:\/\/www.assemblee-nationale.fr\/europe\/pdf\/doc_e\/e7055.pdf<\/a><\/p>\n<\/div>\n<p><a href=\"https:\/\/mouillere.com\/universconvergents\/wp-content\/uploads\/2015\/09\/Proposition-de-r\u00e8glement-du-Parlement-europ\u00e9en-et-du-Conseil.pdf\">Proposition de r\u00e8glement du Parlement europ\u00e9en et du Conseil<\/a><\/p>\n<div class=\"column\">\n<p>&nbsp;<\/p>\n<\/div>\n<\/div>\n<\/div>\n<\/div>\n","protected":false},"excerpt":{"rendered":"<p>La pi\u00e8ce ma\u00eetresse de la l\u00e9gislation de l\u2019UE en mati\u00e8re de protection des donn\u00e9es \u00e0 caract\u00e8re personnel, \u00e0 savoir la directive 95\/46\/CE3, avait \u00e9t\u00e9 adopt\u00e9e en 1995 avec deux objectifs&hellip; <\/p>\n","protected":false},"author":1,"featured_media":193,"comment_status":"open","ping_status":"open","sticky":false,"template":"","format":"standard","meta":{"_jetpack_memberships_contains_paid_content":false,"footnotes":"","jetpack_publicize_message":"","jetpack_publicize_feature_enabled":true,"jetpack_social_post_already_shared":true,"jetpack_social_options":{"image_generator_settings":{"template":"highway","default_image_id":0,"font":"","enabled":false},"version":2}},"categories":[16],"tags":[],"class_list":["post-940","post","type-post","status-publish","format-standard","has-post-thumbnail","hentry","category-donnees-personnelles"],"jetpack_publicize_connections":[],"jetpack_featured_media_url":"https:\/\/i0.wp.com\/mouillere.com\/universconvergents\/wp-content\/uploads\/2015\/06\/Unknown-2.jpeg?fit=298%2C169&ssl=1","jetpack_sharing_enabled":true,"jetpack_shortlink":"https:\/\/wp.me\/p6jw1p-fa","jetpack-related-posts":[{"id":1254,"url":"https:\/\/mouillere.com\/universconvergents\/2015\/10\/26\/protection-des-donnees-est-ce-que-on-va-reellement-vers-une-securite-sure\/","url_meta":{"origin":940,"position":0},"title":"Protection des donn\u00e9es : est-ce que on va r\u00e9ellement vers une \u201cs\u00e9curit\u00e9 s\u00fbre\u201d ?","author":"Fred","date":"26 octobre 2015","format":false,"excerpt":"En Europe deux projets avancent parall\u00e8lement sur la question de la protection des donn\u00e9es dans le cadre de la coop\u00e9ration polici\u00e8re et judiciaire et ont r\u00e9cemment \u00e9t\u00e9 sujets \u00e0 des \u00e9volutions r\u00e9centes. D\u2019un c\u00f4t\u00e9, le Conseil Justice et Affaires Int\u00e9rieurs de l\u2019UE vient d\u2019approuver sa position sur la directive relative\u2026","rel":"","context":"Dans &quot;Cybers\u00e9curit\u00e9&quot;","block_context":{"text":"Cybers\u00e9curit\u00e9","link":"https:\/\/mouillere.com\/universconvergents\/category\/it\/cybersecurite\/"},"img":{"alt_text":"","src":"https:\/\/i0.wp.com\/mouillere.com\/universconvergents\/wp-content\/uploads\/2015\/07\/4617357_3_b22e_sur-les-reseaux-sociaux-de-nombreux_62ff6ca6b01b759840f332412aece338.jpg?fit=534%2C267&ssl=1&resize=350%2C200","width":350,"height":200,"srcset":"https:\/\/i0.wp.com\/mouillere.com\/universconvergents\/wp-content\/uploads\/2015\/07\/4617357_3_b22e_sur-les-reseaux-sociaux-de-nombreux_62ff6ca6b01b759840f332412aece338.jpg?fit=534%2C267&ssl=1&resize=350%2C200 1x, https:\/\/i0.wp.com\/mouillere.com\/universconvergents\/wp-content\/uploads\/2015\/07\/4617357_3_b22e_sur-les-reseaux-sociaux-de-nombreux_62ff6ca6b01b759840f332412aece338.jpg?fit=534%2C267&ssl=1&resize=525%2C300 1.5x"},"classes":[]},{"id":2388,"url":"https:\/\/mouillere.com\/universconvergents\/2017\/05\/18\/le-nouveau-data-protection-officer-dpo\/","url_meta":{"origin":940,"position":1},"title":"Le nouveau Data Protection Officer (DPO)","author":"Fred","date":"18 mai 2017","format":false,"excerpt":"Le\u00a0R\u00e8glement du 27 avril 2016 relatif \u00e0 la protection des personnes physiques \u00e0 l\u2019\u00e9gard du traitement des donn\u00e9es \u00e0 caract\u00e8re personnel et \u00e0 la libre circulation de ces donn\u00e9es (\u00ab RGDP \u00bb) a cr\u00e9\u00e9 le DPO charg\u00e9\u00a0d'assurer un r\u00f4le d\u2019interm\u00e9diaire entre\u00a0les\u00a0entreprises et la CNIL. Le DPO va devenir obligatoire d'ici\u2026","rel":"","context":"Dans &quot;Donn\u00e9es personnelles&quot;","block_context":{"text":"Donn\u00e9es personnelles","link":"https:\/\/mouillere.com\/universconvergents\/category\/it\/donnees-personnelles\/"},"img":{"alt_text":"","src":"https:\/\/i0.wp.com\/mouillere.com\/universconvergents\/wp-content\/uploads\/2017\/05\/GDPR-en.png?fit=1101%2C560&ssl=1&resize=350%2C200","width":350,"height":200,"srcset":"https:\/\/i0.wp.com\/mouillere.com\/universconvergents\/wp-content\/uploads\/2017\/05\/GDPR-en.png?fit=1101%2C560&ssl=1&resize=350%2C200 1x, https:\/\/i0.wp.com\/mouillere.com\/universconvergents\/wp-content\/uploads\/2017\/05\/GDPR-en.png?fit=1101%2C560&ssl=1&resize=525%2C300 1.5x, https:\/\/i0.wp.com\/mouillere.com\/universconvergents\/wp-content\/uploads\/2017\/05\/GDPR-en.png?fit=1101%2C560&ssl=1&resize=700%2C400 2x, https:\/\/i0.wp.com\/mouillere.com\/universconvergents\/wp-content\/uploads\/2017\/05\/GDPR-en.png?fit=1101%2C560&ssl=1&resize=1050%2C600 3x"},"classes":[]},{"id":3027,"url":"https:\/\/mouillere.com\/universconvergents\/2019\/09\/19\/donnees-personnelles-en-contrepartie-de-services-et-contenus-numeriques\/","url_meta":{"origin":940,"position":2},"title":"Donn\u00e9es personnelles en contrepartie de services et contenus num\u00e9riques","author":"Fred","date":"19 septembre 2019","format":false,"excerpt":"Le site Droit & Technologies lanc\u00e9 en 1997 par Me Etienne Wery du cabinet Ulys consacre un excellent article sur la Directive (UE) 2019\/770 relative aux contrats de fourniture de contenus num\u00e9riques et de services num\u00e9riques, et sur la Directive (UE) 2019\/771 relative aux contrats de vente de biens, adopt\u00e9es\u2026","rel":"","context":"Dans &quot;Donn\u00e9es personnelles&quot;","block_context":{"text":"Donn\u00e9es personnelles","link":"https:\/\/mouillere.com\/universconvergents\/category\/it\/donnees-personnelles\/"},"img":{"alt_text":"","src":"https:\/\/i0.wp.com\/mouillere.com\/universconvergents\/wp-content\/uploads\/2015\/07\/bigdata2.jpg?fit=1200%2C699&ssl=1&resize=350%2C200","width":350,"height":200,"srcset":"https:\/\/i0.wp.com\/mouillere.com\/universconvergents\/wp-content\/uploads\/2015\/07\/bigdata2.jpg?fit=1200%2C699&ssl=1&resize=350%2C200 1x, https:\/\/i0.wp.com\/mouillere.com\/universconvergents\/wp-content\/uploads\/2015\/07\/bigdata2.jpg?fit=1200%2C699&ssl=1&resize=525%2C300 1.5x, https:\/\/i0.wp.com\/mouillere.com\/universconvergents\/wp-content\/uploads\/2015\/07\/bigdata2.jpg?fit=1200%2C699&ssl=1&resize=700%2C400 2x, https:\/\/i0.wp.com\/mouillere.com\/universconvergents\/wp-content\/uploads\/2015\/07\/bigdata2.jpg?fit=1200%2C699&ssl=1&resize=1050%2C600 3x"},"classes":[]},{"id":1015,"url":"https:\/\/mouillere.com\/universconvergents\/2015\/09\/23\/donnees-personnelles-la-cjue-doit-se-prononcer-sur-la-validite-du-safe-harbor\/","url_meta":{"origin":940,"position":3},"title":"Donn\u00e9es personnelles : la CJUE doit se prononcer sur la validit\u00e9 du \u00ab Safe Harbor \u00bb","author":"Fred","date":"23 septembre 2015","format":false,"excerpt":"Les autorit\u00e9s nationales peuvent-elles suspendre le transfert des donn\u00e9es des abonn\u00e9s europ\u00e9ens de Facebook vers les \u00c9tats-Unis ? La CJUE se prononcera le 6 octobre. Ainsi qu\u2019il est rappel\u00e9 la directive sur le traitement des donn\u00e9es \u00e0 caract\u00e8re personnel dispose que le transfert de telles donn\u00e9es vers un pays tiers\u2026","rel":"","context":"Dans &quot;Cybers\u00e9curit\u00e9&quot;","block_context":{"text":"Cybers\u00e9curit\u00e9","link":"https:\/\/mouillere.com\/universconvergents\/category\/it\/cybersecurite\/"},"img":{"alt_text":"","src":"https:\/\/i0.wp.com\/mouillere.com\/universconvergents\/wp-content\/uploads\/2015\/07\/4617357_3_b22e_sur-les-reseaux-sociaux-de-nombreux_62ff6ca6b01b759840f332412aece338.jpg?fit=534%2C267&ssl=1&resize=350%2C200","width":350,"height":200,"srcset":"https:\/\/i0.wp.com\/mouillere.com\/universconvergents\/wp-content\/uploads\/2015\/07\/4617357_3_b22e_sur-les-reseaux-sociaux-de-nombreux_62ff6ca6b01b759840f332412aece338.jpg?fit=534%2C267&ssl=1&resize=350%2C200 1x, https:\/\/i0.wp.com\/mouillere.com\/universconvergents\/wp-content\/uploads\/2015\/07\/4617357_3_b22e_sur-les-reseaux-sociaux-de-nombreux_62ff6ca6b01b759840f332412aece338.jpg?fit=534%2C267&ssl=1&resize=525%2C300 1.5x"},"classes":[]},{"id":3316,"url":"https:\/\/mouillere.com\/universconvergents\/2019\/11\/14\/le-nightmare-du-nightingale-de-google\/","url_meta":{"origin":940,"position":4},"title":"Le Nightmare du Nightingale de Google","author":"Fred","date":"14 novembre 2019","format":false,"excerpt":"Le site Droit & Technologies rel\u00e8ve la \u00e9ni\u00e8me affaire de violation des donn\u00e9es personnelles par les GAFAM dans laquelle deux lanceurs d\u2019alerte ont contact\u00e9 le Wall Street Journal et le Guardian pour d\u00e9noncer le projet de recherche m\u00e9dicale Nightingale de Google qui a eu acc\u00e8s aux donn\u00e9es m\u00e9dicales de 50\u2026","rel":"","context":"Dans &quot;Big Data&quot;","block_context":{"text":"Big Data","link":"https:\/\/mouillere.com\/universconvergents\/category\/it\/big-data\/"},"img":{"alt_text":"","src":"https:\/\/i0.wp.com\/mouillere.com\/universconvergents\/wp-content\/uploads\/2019\/11\/Nightingale.jpeg?fit=1200%2C1166&ssl=1&resize=350%2C200","width":350,"height":200,"srcset":"https:\/\/i0.wp.com\/mouillere.com\/universconvergents\/wp-content\/uploads\/2019\/11\/Nightingale.jpeg?fit=1200%2C1166&ssl=1&resize=350%2C200 1x, https:\/\/i0.wp.com\/mouillere.com\/universconvergents\/wp-content\/uploads\/2019\/11\/Nightingale.jpeg?fit=1200%2C1166&ssl=1&resize=525%2C300 1.5x, https:\/\/i0.wp.com\/mouillere.com\/universconvergents\/wp-content\/uploads\/2019\/11\/Nightingale.jpeg?fit=1200%2C1166&ssl=1&resize=700%2C400 2x, https:\/\/i0.wp.com\/mouillere.com\/universconvergents\/wp-content\/uploads\/2019\/11\/Nightingale.jpeg?fit=1200%2C1166&ssl=1&resize=1050%2C600 3x"},"classes":[]},{"id":2548,"url":"https:\/\/mouillere.com\/universconvergents\/2017\/07\/24\/noubliez-pas-votre-droit-a-loubli\/","url_meta":{"origin":940,"position":5},"title":"N&#8217;oubliez pas votre droit \u00e0 l&#8217;oubli","author":"Fred","date":"24 juillet 2017","format":false,"excerpt":"Le portail de r\u00e9f\u00e9rence pour l'espace de libert\u00e9, s\u00e9curit\u00e9 et justice publie \u00e0 nouveau une excellente synth\u00e8se sur la probl\u00e9matique du droit \u00e0 l'oubli trois ans apr\u00e8s l\u2019arr\u00eat Google Spain (C-131\/12, FR) rendue par la CJUE. Selon un sondage Eurobarom\u00eatre sur la protection des donn\u00e9es publi\u00e9 en 2015, la protection\u2026","rel":"","context":"Dans &quot;Donn\u00e9es personnelles&quot;","block_context":{"text":"Donn\u00e9es personnelles","link":"https:\/\/mouillere.com\/universconvergents\/category\/it\/donnees-personnelles\/"},"img":{"alt_text":"","src":"https:\/\/i0.wp.com\/mouillere.com\/universconvergents\/wp-content\/uploads\/2015\/06\/6640564215_b3dc3f033d.jpg?fit=450%2C287&ssl=1&resize=350%2C200","width":350,"height":200},"classes":[]}],"_links":{"self":[{"href":"https:\/\/mouillere.com\/universconvergents\/wp-json\/wp\/v2\/posts\/940","targetHints":{"allow":["GET"]}}],"collection":[{"href":"https:\/\/mouillere.com\/universconvergents\/wp-json\/wp\/v2\/posts"}],"about":[{"href":"https:\/\/mouillere.com\/universconvergents\/wp-json\/wp\/v2\/types\/post"}],"author":[{"embeddable":true,"href":"https:\/\/mouillere.com\/universconvergents\/wp-json\/wp\/v2\/users\/1"}],"replies":[{"embeddable":true,"href":"https:\/\/mouillere.com\/universconvergents\/wp-json\/wp\/v2\/comments?post=940"}],"version-history":[{"count":1,"href":"https:\/\/mouillere.com\/universconvergents\/wp-json\/wp\/v2\/posts\/940\/revisions"}],"predecessor-version":[{"id":942,"href":"https:\/\/mouillere.com\/universconvergents\/wp-json\/wp\/v2\/posts\/940\/revisions\/942"}],"wp:featuredmedia":[{"embeddable":true,"href":"https:\/\/mouillere.com\/universconvergents\/wp-json\/wp\/v2\/media\/193"}],"wp:attachment":[{"href":"https:\/\/mouillere.com\/universconvergents\/wp-json\/wp\/v2\/media?parent=940"}],"wp:term":[{"taxonomy":"category","embeddable":true,"href":"https:\/\/mouillere.com\/universconvergents\/wp-json\/wp\/v2\/categories?post=940"},{"taxonomy":"post_tag","embeddable":true,"href":"https:\/\/mouillere.com\/universconvergents\/wp-json\/wp\/v2\/tags?post=940"}],"curies":[{"name":"wp","href":"https:\/\/api.w.org\/{rel}","templated":true}]}}