{"id":962,"date":"2015-09-22T11:17:25","date_gmt":"2015-09-22T10:17:25","guid":{"rendered":"http:\/\/mouillere.com\/universconvergents\/?p=962"},"modified":"2015-09-23T11:18:22","modified_gmt":"2015-09-23T10:18:22","slug":"donnees-personnelles-facebook-et-la-nsa-meme-combat","status":"publish","type":"post","link":"https:\/\/mouillere.com\/universconvergents\/2015\/09\/22\/donnees-personnelles-facebook-et-la-nsa-meme-combat\/","title":{"rendered":"Donn\u00e9es personnelles &#8211; Facebook et la NSA, m\u00eame combat ?"},"content":{"rendered":"<p>Espionner en masse, la NSA l&#8217;a fait, Facebook en fait de m\u00eame, mais \u00e0 sa mani\u00e8re. C&#8217;est une des accusations lanc\u00e9es au tribunal par la Commission&#8230;<br \/>\n<a href=\"http:\/\/www.zdnet.fr\/actualites\/donnees-personnelles-facebook-et-la-nsa-meme-combat-39825260.htm\" target=\"_blank\">http:\/\/www.zdnet.fr\/actualites\/donnees-personnelles-facebook-et-la-nsa-meme-combat-39825260.htm<\/a><\/p>\n","protected":false},"excerpt":{"rendered":"<p>Espionner en masse, la NSA l&#8217;a fait, Facebook en fait de m\u00eame, mais \u00e0 sa mani\u00e8re. C&#8217;est une des accusations lanc\u00e9es au tribunal par la Commission&#8230; http:\/\/www.zdnet.fr\/actualites\/donnees-personnelles-facebook-et-la-nsa-meme-combat-39825260.htm<\/p>\n","protected":false},"author":1,"featured_media":193,"comment_status":"open","ping_status":"open","sticky":false,"template":"","format":"standard","meta":{"_jetpack_memberships_contains_paid_content":false,"footnotes":"","jetpack_publicize_message":"","jetpack_publicize_feature_enabled":true,"jetpack_social_post_already_shared":true,"jetpack_social_options":{"image_generator_settings":{"template":"highway","default_image_id":0,"font":"","enabled":false},"version":2}},"categories":[16],"tags":[],"class_list":["post-962","post","type-post","status-publish","format-standard","has-post-thumbnail","hentry","category-donnees-personnelles"],"jetpack_publicize_connections":[],"jetpack_featured_media_url":"https:\/\/i0.wp.com\/mouillere.com\/universconvergents\/wp-content\/uploads\/2015\/06\/Unknown-2.jpeg?fit=298%2C169&ssl=1","jetpack_sharing_enabled":true,"jetpack_shortlink":"https:\/\/wp.me\/p6jw1p-fw","jetpack-related-posts":[{"id":996,"url":"https:\/\/mouillere.com\/universconvergents\/2015\/09\/29\/ne-dites-pas-de-mal-du-safe-harbor-en-vous-fiant-a-des-affirmations-inexactes\/","url_meta":{"origin":962,"position":0},"title":"Ne dites pas de mal du Safe Harbor en vous fiant \u00e0 des &#8220;affirmations inexactes&#8221;","author":"Fred","date":"29 septembre 2015","format":false,"excerpt":"Les diplomates am\u00e9ricains r\u00e9agissent \u00e0 l'avis rendu sur les transferts de donn\u00e9es entre les US et l'Europe. Pour eux, l'avocat g\u00e9n\u00e9ral de la CUJE se trompe et commet des inexactitudes. Quant au Safe Harbor, il apporte confiance et protection de la confidentialit\u00e9. Jur\u00e9 car la NSA est soucieuse du droit.\u2026","rel":"","context":"Dans &quot;Cybers\u00e9curit\u00e9&quot;","block_context":{"text":"Cybers\u00e9curit\u00e9","link":"https:\/\/mouillere.com\/universconvergents\/category\/it\/cybersecurite\/"},"img":{"alt_text":"","src":"https:\/\/i0.wp.com\/mouillere.com\/universconvergents\/wp-content\/uploads\/2015\/07\/4617357_3_b22e_sur-les-reseaux-sociaux-de-nombreux_62ff6ca6b01b759840f332412aece338.jpg?fit=534%2C267&ssl=1&resize=350%2C200","width":350,"height":200,"srcset":"https:\/\/i0.wp.com\/mouillere.com\/universconvergents\/wp-content\/uploads\/2015\/07\/4617357_3_b22e_sur-les-reseaux-sociaux-de-nombreux_62ff6ca6b01b759840f332412aece338.jpg?fit=534%2C267&ssl=1&resize=350%2C200 1x, https:\/\/i0.wp.com\/mouillere.com\/universconvergents\/wp-content\/uploads\/2015\/07\/4617357_3_b22e_sur-les-reseaux-sociaux-de-nombreux_62ff6ca6b01b759840f332412aece338.jpg?fit=534%2C267&ssl=1&resize=525%2C300 1.5x"},"classes":[]},{"id":1731,"url":"https:\/\/mouillere.com\/universconvergents\/2016\/01\/29\/quand-le-chef-hacker-de-la-nsa-explique-comment-se-proteger-des-pirates\/","url_meta":{"origin":962,"position":1},"title":"Quand le chef hacker de la NSA explique comment se prot\u00e9ger des pirates","author":"Fred","date":"29 janvier 2016","format":false,"excerpt":"Face aux pirates gouvernementaux, il ne faut rien n\u00e9gliger. \u00ab Nous connaissons vos r\u00e9seaux mieux que vous-m\u00eames \u00bb, souligne cet homme de l\u2019ombre. C\u2019est l\u2019exp\u00e9rience qui parle http:\/\/www.01net.com\/actualites\/quand-le-chef-hacker-de-la-nsa-explique-comment-se-proteger-des-hackers-947495.html https:\/\/youtu.be\/bDJb8WOJYdA","rel":"","context":"Dans &quot;Cybers\u00e9curit\u00e9&quot;","block_context":{"text":"Cybers\u00e9curit\u00e9","link":"https:\/\/mouillere.com\/universconvergents\/category\/it\/cybersecurite\/"},"img":{"alt_text":"","src":"https:\/\/i0.wp.com\/mouillere.com\/universconvergents\/wp-content\/uploads\/2015\/06\/cyber-311111.jpg?fit=1000%2C664&ssl=1&resize=350%2C200","width":350,"height":200,"srcset":"https:\/\/i0.wp.com\/mouillere.com\/universconvergents\/wp-content\/uploads\/2015\/06\/cyber-311111.jpg?fit=1000%2C664&ssl=1&resize=350%2C200 1x, https:\/\/i0.wp.com\/mouillere.com\/universconvergents\/wp-content\/uploads\/2015\/06\/cyber-311111.jpg?fit=1000%2C664&ssl=1&resize=525%2C300 1.5x, https:\/\/i0.wp.com\/mouillere.com\/universconvergents\/wp-content\/uploads\/2015\/06\/cyber-311111.jpg?fit=1000%2C664&ssl=1&resize=700%2C400 2x"},"classes":[]},{"id":1015,"url":"https:\/\/mouillere.com\/universconvergents\/2015\/09\/23\/donnees-personnelles-la-cjue-doit-se-prononcer-sur-la-validite-du-safe-harbor\/","url_meta":{"origin":962,"position":2},"title":"Donn\u00e9es personnelles : la CJUE doit se prononcer sur la validit\u00e9 du \u00ab Safe Harbor \u00bb","author":"Fred","date":"23 septembre 2015","format":false,"excerpt":"Les autorit\u00e9s nationales peuvent-elles suspendre le transfert des donn\u00e9es des abonn\u00e9s europ\u00e9ens de Facebook vers les \u00c9tats-Unis ? La CJUE se prononcera le 6 octobre. Ainsi qu\u2019il est rappel\u00e9 la directive sur le traitement des donn\u00e9es \u00e0 caract\u00e8re personnel dispose que le transfert de telles donn\u00e9es vers un pays tiers\u2026","rel":"","context":"Dans &quot;Cybers\u00e9curit\u00e9&quot;","block_context":{"text":"Cybers\u00e9curit\u00e9","link":"https:\/\/mouillere.com\/universconvergents\/category\/it\/cybersecurite\/"},"img":{"alt_text":"","src":"https:\/\/i0.wp.com\/mouillere.com\/universconvergents\/wp-content\/uploads\/2015\/07\/4617357_3_b22e_sur-les-reseaux-sociaux-de-nombreux_62ff6ca6b01b759840f332412aece338.jpg?fit=534%2C267&ssl=1&resize=350%2C200","width":350,"height":200,"srcset":"https:\/\/i0.wp.com\/mouillere.com\/universconvergents\/wp-content\/uploads\/2015\/07\/4617357_3_b22e_sur-les-reseaux-sociaux-de-nombreux_62ff6ca6b01b759840f332412aece338.jpg?fit=534%2C267&ssl=1&resize=350%2C200 1x, https:\/\/i0.wp.com\/mouillere.com\/universconvergents\/wp-content\/uploads\/2015\/07\/4617357_3_b22e_sur-les-reseaux-sociaux-de-nombreux_62ff6ca6b01b759840f332412aece338.jpg?fit=534%2C267&ssl=1&resize=525%2C300 1.5x"},"classes":[]},{"id":882,"url":"https:\/\/mouillere.com\/universconvergents\/2015\/09\/10\/la-protection-des-lanceurs-dalerte-le-long-parcours-vers-un-statut-europeen\/","url_meta":{"origin":962,"position":3},"title":"La Protection des Lanceurs d\u2019Alerte : le long parcours vers un statut europ\u00e9en ?","author":"Fred","date":"10 septembre 2015","format":false,"excerpt":"Le 23 juin dernier, l\u2019Assembl\u00e9e Parlementaire du Conseil de l\u2019Europe (APCE) a accueilli favorablement le rapport sur l\u2019Am\u00e9lioration de la protection des donneurs d\u2019alerte pr\u00e9sent\u00e9 par le rapporteur de la Commission des questions juridiques et des droits de l\u2019homme, Pieter Omtzigt. Suite \u00e0 la pr\u00e9sentation de ce rapport, l\u2019APCE a\u2026","rel":"","context":"Dans &quot;Cybers\u00e9curit\u00e9&quot;","block_context":{"text":"Cybers\u00e9curit\u00e9","link":"https:\/\/mouillere.com\/universconvergents\/category\/it\/cybersecurite\/"},"img":{"alt_text":"","src":"https:\/\/i0.wp.com\/mouillere.com\/universconvergents\/wp-content\/uploads\/2015\/07\/4617357_3_b22e_sur-les-reseaux-sociaux-de-nombreux_62ff6ca6b01b759840f332412aece338.jpg?fit=534%2C267&ssl=1&resize=350%2C200","width":350,"height":200,"srcset":"https:\/\/i0.wp.com\/mouillere.com\/universconvergents\/wp-content\/uploads\/2015\/07\/4617357_3_b22e_sur-les-reseaux-sociaux-de-nombreux_62ff6ca6b01b759840f332412aece338.jpg?fit=534%2C267&ssl=1&resize=350%2C200 1x, https:\/\/i0.wp.com\/mouillere.com\/universconvergents\/wp-content\/uploads\/2015\/07\/4617357_3_b22e_sur-les-reseaux-sociaux-de-nombreux_62ff6ca6b01b759840f332412aece338.jpg?fit=534%2C267&ssl=1&resize=525%2C300 1.5x"},"classes":[]},{"id":2194,"url":"https:\/\/mouillere.com\/universconvergents\/2016\/12\/21\/facebook-a-t-il-trompe-leurope-lors-du-rachat-de-whatapp\/","url_meta":{"origin":962,"position":4},"title":"Facebook a-t-il tromp\u00e9 l&#8217;Europe lors du rachat de WhatsApp ?","author":"Fred","date":"21 d\u00e9cembre 2016","format":false,"excerpt":"On se demande pourquoi se poser encore la question. Car finalement, quels risques juridiques et \u00e9conomiques prennent les GAFA lorqu'ils espionnent pour le compte du gouvernement am\u00e9ricain les citoyens et autorit\u00e9s europ\u00e9ennes et lorsqu'ils mentent \u00e0 ces m\u00eames personnes physiques et morales pour justifier une fusion d'entreprises et des donn\u00e9es\u2026","rel":"","context":"Dans &quot;Big Data&quot;","block_context":{"text":"Big Data","link":"https:\/\/mouillere.com\/universconvergents\/category\/it\/big-data\/"},"img":{"alt_text":"","src":"https:\/\/i0.wp.com\/mouillere.com\/universconvergents\/wp-content\/uploads\/2015\/07\/4617357_3_b22e_sur-les-reseaux-sociaux-de-nombreux_62ff6ca6b01b759840f332412aece338.jpg?fit=534%2C267&ssl=1&resize=350%2C200","width":350,"height":200,"srcset":"https:\/\/i0.wp.com\/mouillere.com\/universconvergents\/wp-content\/uploads\/2015\/07\/4617357_3_b22e_sur-les-reseaux-sociaux-de-nombreux_62ff6ca6b01b759840f332412aece338.jpg?fit=534%2C267&ssl=1&resize=350%2C200 1x, https:\/\/i0.wp.com\/mouillere.com\/universconvergents\/wp-content\/uploads\/2015\/07\/4617357_3_b22e_sur-les-reseaux-sociaux-de-nombreux_62ff6ca6b01b759840f332412aece338.jpg?fit=534%2C267&ssl=1&resize=525%2C300 1.5x"},"classes":[]},{"id":2931,"url":"https:\/\/mouillere.com\/universconvergents\/2019\/02\/09\/croisement-des-donnees-personnelles-et-abus-de-position-dominante\/","url_meta":{"origin":962,"position":5},"title":"Croisement des donn\u00e9es personnelles et abus de position dominante","author":"Fred","date":"9 f\u00e9vrier 2019","format":false,"excerpt":"Le site Droit & Technologies anim\u00e9 depuis 1997 par Me Etienne Wery analyse la d\u00e9cision du Bundeskartellamt (autorit\u00e9 de la concurrence allemande) du 7 f\u00e9vrier 2019 sur la strat\u00e9gie de croisement des donn\u00e9es de Facebook \u00e0 l\u2019insu des utilisateurs qui serait constitutif d\u2019 un abus de position dominante au sens\u2026","rel":"","context":"Dans &quot;Donn\u00e9es personnelles&quot;","block_context":{"text":"Donn\u00e9es personnelles","link":"https:\/\/mouillere.com\/universconvergents\/category\/it\/donnees-personnelles\/"},"img":{"alt_text":"","src":"https:\/\/i0.wp.com\/mouillere.com\/universconvergents\/wp-content\/uploads\/2018\/10\/fakebook.jpg?fit=1200%2C600&ssl=1&resize=350%2C200","width":350,"height":200,"srcset":"https:\/\/i0.wp.com\/mouillere.com\/universconvergents\/wp-content\/uploads\/2018\/10\/fakebook.jpg?fit=1200%2C600&ssl=1&resize=350%2C200 1x, https:\/\/i0.wp.com\/mouillere.com\/universconvergents\/wp-content\/uploads\/2018\/10\/fakebook.jpg?fit=1200%2C600&ssl=1&resize=525%2C300 1.5x, https:\/\/i0.wp.com\/mouillere.com\/universconvergents\/wp-content\/uploads\/2018\/10\/fakebook.jpg?fit=1200%2C600&ssl=1&resize=700%2C400 2x, https:\/\/i0.wp.com\/mouillere.com\/universconvergents\/wp-content\/uploads\/2018\/10\/fakebook.jpg?fit=1200%2C600&ssl=1&resize=1050%2C600 3x"},"classes":[]}],"_links":{"self":[{"href":"https:\/\/mouillere.com\/universconvergents\/wp-json\/wp\/v2\/posts\/962","targetHints":{"allow":["GET"]}}],"collection":[{"href":"https:\/\/mouillere.com\/universconvergents\/wp-json\/wp\/v2\/posts"}],"about":[{"href":"https:\/\/mouillere.com\/universconvergents\/wp-json\/wp\/v2\/types\/post"}],"author":[{"embeddable":true,"href":"https:\/\/mouillere.com\/universconvergents\/wp-json\/wp\/v2\/users\/1"}],"replies":[{"embeddable":true,"href":"https:\/\/mouillere.com\/universconvergents\/wp-json\/wp\/v2\/comments?post=962"}],"version-history":[{"count":1,"href":"https:\/\/mouillere.com\/universconvergents\/wp-json\/wp\/v2\/posts\/962\/revisions"}],"predecessor-version":[{"id":963,"href":"https:\/\/mouillere.com\/universconvergents\/wp-json\/wp\/v2\/posts\/962\/revisions\/963"}],"wp:featuredmedia":[{"embeddable":true,"href":"https:\/\/mouillere.com\/universconvergents\/wp-json\/wp\/v2\/media\/193"}],"wp:attachment":[{"href":"https:\/\/mouillere.com\/universconvergents\/wp-json\/wp\/v2\/media?parent=962"}],"wp:term":[{"taxonomy":"category","embeddable":true,"href":"https:\/\/mouillere.com\/universconvergents\/wp-json\/wp\/v2\/categories?post=962"},{"taxonomy":"post_tag","embeddable":true,"href":"https:\/\/mouillere.com\/universconvergents\/wp-json\/wp\/v2\/tags?post=962"}],"curies":[{"name":"wp","href":"https:\/\/api.w.org\/{rel}","templated":true}]}}